{"id":12,"date":"2011-06-25T07:07:48","date_gmt":"2011-06-25T06:07:48","guid":{"rendered":"http:\/\/localhost\/wordpress\/?p=12"},"modified":"2014-09-13T12:07:03","modified_gmt":"2014-09-13T11:07:03","slug":"charte-des-messagers-de-lumiere","status":"publish","type":"post","link":"https:\/\/www.centchemins.fr\/?p=12","title":{"rendered":"Charte des Messagers de Lumi\u00e8re"},"content":{"rendered":"<p>La Lumi\u00e8re est la composante essentielle de la Vie qui coule en mes veines, comme en tout dans l&rsquo;Univers.<\/p>\n<ul>\n<li>\u00a0J&rsquo;ai le libre arbitre de mes actes, de mes paroles et de mes pens\u00e9es, donc de lire ce qui suit ou non, d&rsquo;adh\u00e9rer \u00e0 tout ou partie selon mon ressenti.<\/li>\n<\/ul>\n<ul>\n<li>La vie est \u00e9quilibre : l&rsquo;ombre est indispensable \u00e0 la Lumi\u00e8re, dans une juste proportion et une juste mesure.<\/li>\n<\/ul>\n<ul>\n<li>\u00a0J&rsquo;ai le libre arbitre de mes actes, mes paroles et pens\u00e9es, donc j&rsquo;ai le plein pouvoir de mes actes, mes paroles et mes pens\u00e9es.<\/li>\n<\/ul>\n<ul>\n<li>\u00a0Je suis conscient(e) de ce pouvoir et je l&rsquo;exerce sur moi seul(e). J&rsquo;aide s&rsquo;il y a demande, mais je laisse \u00e0 chacun la m\u00eame libert\u00e9 de paroles, pens\u00e9es et actes.<\/li>\n<\/ul>\n<ul>\n<li>J&rsquo;habite le mieux possible le moment pr\u00e9sent, c&rsquo;est-\u00e0-dire que je prends conscience dans l&rsquo;instant de mes actes, paroles et pens\u00e9es, de leur impact sur moi-m\u00eame et sur les autres.<\/li>\n<\/ul>\n<ul>\n<li>Je peux sugg\u00e9rer, mais il appartient \u00e0 chacun d&rsquo;agir.<\/li>\n<\/ul>\n<ul>\n<li>La peur est n\u00e9cessaire en cas de danger imm\u00e9diat. Je diff\u00e9rencie une peur justifi\u00e9e de la peur v\u00e9hicul\u00e9e par les m\u00e9dias dans le but de s&#8217;emparer de mon libre-arbitre. Je peux faire preuve de compassion et envoyer ma Lumi\u00e8re sur toute situation. Je reconnais l&rsquo;ombre qu&rsquo;on voudrait me faire porter \u00e0 dessein dans les messages re\u00e7us en paroles ou en images.<\/li>\n<\/ul>\n<ul>\n<li>\u00a0Je prends conscience de ce qui nourrit ma Lumi\u00e8re, de ce qui alimente mes peurs et trie les informations en fonction de ce que je consid\u00e8re comme n\u00e9cessaire \u00e0 mon \u00e9quilibre.<\/li>\n<\/ul>\n<ul>\n<li>\u00a0J&rsquo;int\u00e8gre la responsabilit\u00e9 de mon propre pouvoir et r\u00e9alise qu&rsquo;il int\u00e9resse les m\u00e9dias ou tout autre vecteur de peur, dans leur propre int\u00e9r\u00eat uniquement.<\/li>\n<\/ul>\n<ul>\n<li>\u00a0Ma Lumi\u00e8re contient toutes les solutions et je retrouve confiance en moi.<\/li>\n<\/ul>\n<ul>\n<li>\u00a0Je suis \u00ab le miroir\u00bb de ma Lumi\u00e8re int\u00e9rieure et je r\u00e9fl\u00e9chis le calme, la confiance et la s\u00e9r\u00e9nit\u00e9 dans mes actes, paroles et pens\u00e9es.<\/li>\n<\/ul>\n<ul>\n<li>\u00a0Par mes actes, paroles et pens\u00e9es, je deviens phare dans la pleine conscience de ma Lumi\u00e8re. Ma Lumi\u00e8re rayonne et rejoint la Lumi\u00e8re de l&rsquo;Univers.<\/li>\n<\/ul>\n<p style=\"text-align: right;\"><img loading=\"lazy\" decoding=\"async\" class=\"alignnone wp-image-13 size-full\" src=\"https:\/\/www.centchemins.fr\/wp-content\/uploads\/2014\/09\/A1_i1.png\" alt=\"\" width=\"102\" height=\"125\" \/><\/p>\n","protected":false},"excerpt":{"rendered":"<p>La Lumi\u00e8re est la composante essentielle de la Vie qui coule en mes veines, comme en tout dans l&rsquo;Univers. \u00a0J&rsquo;ai le libre arbitre de mes actes, de mes paroles et de mes pens\u00e9es, donc de lire ce qui suit ou non, d&rsquo;adh\u00e9rer \u00e0 tout ou partie selon mon ressenti. La vie est \u00e9quilibre : l&rsquo;ombre [&hellip;]<\/p>\n","protected":false},"author":1,"featured_media":0,"comment_status":"open","ping_status":"closed","sticky":false,"template":"","format":"standard","meta":{"footnotes":""},"categories":[1],"tags":[],"class_list":["post-12","post","type-post","status-publish","format-standard","hentry","category-non-classe"],"views":1131,"_links":{"self":[{"href":"https:\/\/www.centchemins.fr\/index.php?rest_route=\/wp\/v2\/posts\/12","targetHints":{"allow":["GET"]}}],"collection":[{"href":"https:\/\/www.centchemins.fr\/index.php?rest_route=\/wp\/v2\/posts"}],"about":[{"href":"https:\/\/www.centchemins.fr\/index.php?rest_route=\/wp\/v2\/types\/post"}],"author":[{"embeddable":true,"href":"https:\/\/www.centchemins.fr\/index.php?rest_route=\/wp\/v2\/users\/1"}],"replies":[{"embeddable":true,"href":"https:\/\/www.centchemins.fr\/index.php?rest_route=%2Fwp%2Fv2%2Fcomments&post=12"}],"version-history":[{"count":5,"href":"https:\/\/www.centchemins.fr\/index.php?rest_route=\/wp\/v2\/posts\/12\/revisions"}],"predecessor-version":[{"id":38,"href":"https:\/\/www.centchemins.fr\/index.php?rest_route=\/wp\/v2\/posts\/12\/revisions\/38"}],"wp:attachment":[{"href":"https:\/\/www.centchemins.fr\/index.php?rest_route=%2Fwp%2Fv2%2Fmedia&parent=12"}],"wp:term":[{"taxonomy":"category","embeddable":true,"href":"https:\/\/www.centchemins.fr\/index.php?rest_route=%2Fwp%2Fv2%2Fcategories&post=12"},{"taxonomy":"post_tag","embeddable":true,"href":"https:\/\/www.centchemins.fr\/index.php?rest_route=%2Fwp%2Fv2%2Ftags&post=12"}],"curies":[{"name":"wp","href":"https:\/\/api.w.org\/{rel}","templated":true}]}}