{"id":186,"date":"2013-03-11T07:07:34","date_gmt":"2013-03-11T06:07:34","guid":{"rendered":"http:\/\/www.centchemins.fr\/?p=186"},"modified":"2014-10-19T16:14:52","modified_gmt":"2014-10-19T15:14:52","slug":"la-verite-nest-pas-une-mais-multiple","status":"publish","type":"post","link":"https:\/\/www.centchemins.fr\/?p=186","title":{"rendered":"La V\u00e9rit\u00e9 n&rsquo;est pas une, mais multiple"},"content":{"rendered":"<p style=\"text-align: justify;\" align=\"JUSTIFY\">La v\u00e9rit\u00e9 n&rsquo;est pas statique. Chaque conviction n&rsquo;est qu&rsquo;une parcelle de v\u00e9rit\u00e9, particule d&rsquo;une immensit\u00e9 fluctuante.<\/p>\n<p style=\"text-align: justify;\" align=\"JUSTIFY\">Vouloir emprisonner la v\u00e9rit\u00e9 \u00e0 un concept revient \u00e0 vouloir retenir le vent dans une bo\u00eete.<\/p>\n<p style=\"text-align: justify;\" align=\"JUSTIFY\">Ta v\u00e9rit\u00e9 n&rsquo;est pas ma v\u00e9rit\u00e9, et vice versa.<\/p>\n<p style=\"text-align: justify;\" align=\"JUSTIFY\">Combien de guerres seraient \u00e9vit\u00e9es si nous respections cette vision, combien de conflits petits ou grands\u00a0?<\/p>\n<p style=\"text-align: justify;\" align=\"JUSTIFY\">Ce qui t&rsquo;appara\u00eet juste et immuable au point o\u00f9 tu donnerais ta vie pour en d\u00e9fendre l&rsquo;id\u00e9e n&rsquo;est qu&rsquo;une partie d&rsquo;un tout qui ne concerne que toi.<\/p>\n<p style=\"text-align: justify;\" align=\"JUSTIFY\">Regarde\u00a0: ta vision de la couleur rouge correspond \u00e0 ta programmation. Mais le rouge que tu vois est-il rouge clair\u00a0? rouge fonc\u00e9\u00a0? un peu ros\u00e9\u00a0? un peu bleut\u00e9\u00a0?<\/p>\n<p style=\"text-align: justify;\" align=\"JUSTIFY\">Ta couleur rouge t&rsquo;est dict\u00e9e par les cellules de ton \u0153il. Chaque cellule de ton \u0153il est unique, chaque \u0153il est unique, chaque humain est unique.<\/p>\n<p style=\"text-align: justify;\" align=\"JUSTIFY\">Pourquoi veux-tu absolument que mon rouge soit identique en tout point \u00e0 ton rouge\u00a0?<\/p>\n<p style=\"text-align: justify;\" align=\"JUSTIFY\">Les pigments rouges existent par eux-m\u00eames et n&rsquo;attendent pas que tu leur apportes une valeur, ni de moi non plus.<\/p>\n<p style=\"text-align: justify;\" align=\"JUSTIFY\">Affirmer les percevoir tels qu&rsquo;ils sont r\u00e9ellement revient alors \u00e0 pure pr\u00e9tention, pure folie.<\/p>\n<p style=\"text-align: justify;\" align=\"JUSTIFY\">M\u00eame si tu as l&rsquo;oreille absolue, comment peux-tu \u00eatre s\u00fbr-e que mon oreille absolue entend un \u00ab\u00a0la\u00a0\u00bb parfaitement identique au tien au millioni\u00e8me pr\u00e8s\u00a0?<\/p>\n<p style=\"text-align: justify;\" align=\"JUSTIFY\">Il y a plus de possibilit\u00e9s dans la v\u00e9rit\u00e9 que dans la multiplication de milliards par des milliards.<\/p>\n<p style=\"text-align: justify;\" align=\"JUSTIFY\">L&rsquo;humain a cette f\u00e2cheuse habitude depuis des mill\u00e9naires de vouloir que ses d\u00e9couvertes et conclusions valent pour tous sans exception.<\/p>\n<p style=\"text-align: justify;\" align=\"JUSTIFY\">Qu&rsquo;un orateur ait un pouvoir de persuasion un peu plus virulent qu&rsquo;un autre et il parviendra aux pires g\u00e9nocides jamais v\u00e9cus.<\/p>\n<p style=\"text-align: justify;\" align=\"JUSTIFY\">Cette atteinte \u00e0 la libert\u00e9, \u00e0 ma libert\u00e9, il n&rsquo;y a que moi qui peux te la c\u00e9der.<\/p>\n<p style=\"text-align: justify;\" align=\"JUSTIFY\">Qu&rsquo;une petite \u00e9tincelle de lucidit\u00e9 vienne \u00e0 \u00e9clairer une personne, puis deux, puis mille, puis sept milliards, reviendrait \u00e0 \u00e9tablir la paix pour toujours.<\/p>\n<p style=\"text-align: justify;\" align=\"JUSTIFY\">Je serais moi avec ma v\u00e9rit\u00e9, tu serais toi avec ta v\u00e9rit\u00e9, il y aurait autant de v\u00e9rit\u00e9s que d&rsquo;humains, autant de v\u00e9rit\u00e9s que de concepts, autant de v\u00e9rit\u00e9s que de brins d&rsquo;ADN dans l&rsquo;univers.<\/p>\n<p style=\"text-align: justify;\" align=\"JUSTIFY\">Alors\u00a0! Pourquoi t&rsquo;en voudrais-je de ne pas penser comme moi\u00a0? Pourquoi t&rsquo;en voudrais-je de ne pas agir comme je le souhaite\u00a0?<\/p>\n<p style=\"text-align: justify;\" align=\"JUSTIFY\">Surtout\u00a0! &#8230; Surtout, ne crois pas \u00e0 ma v\u00e9rit\u00e9 une seule seconde \u263a<\/p>\n","protected":false},"excerpt":{"rendered":"<p>La v\u00e9rit\u00e9 n&rsquo;est pas statique. Chaque conviction n&rsquo;est qu&rsquo;une parcelle de v\u00e9rit\u00e9, particule d&rsquo;une immensit\u00e9 fluctuante. Vouloir emprisonner la v\u00e9rit\u00e9 \u00e0 un concept revient \u00e0 vouloir retenir le vent dans une bo\u00eete. Ta v\u00e9rit\u00e9 n&rsquo;est pas ma v\u00e9rit\u00e9, et vice versa. Combien de guerres seraient \u00e9vit\u00e9es si nous respections cette vision, combien de conflits petits [&hellip;]<\/p>\n","protected":false},"author":1,"featured_media":0,"comment_status":"open","ping_status":"closed","sticky":false,"template":"","format":"standard","meta":{"footnotes":""},"categories":[1],"tags":[],"class_list":["post-186","post","type-post","status-publish","format-standard","hentry","category-non-classe"],"views":830,"_links":{"self":[{"href":"https:\/\/www.centchemins.fr\/index.php?rest_route=\/wp\/v2\/posts\/186","targetHints":{"allow":["GET"]}}],"collection":[{"href":"https:\/\/www.centchemins.fr\/index.php?rest_route=\/wp\/v2\/posts"}],"about":[{"href":"https:\/\/www.centchemins.fr\/index.php?rest_route=\/wp\/v2\/types\/post"}],"author":[{"embeddable":true,"href":"https:\/\/www.centchemins.fr\/index.php?rest_route=\/wp\/v2\/users\/1"}],"replies":[{"embeddable":true,"href":"https:\/\/www.centchemins.fr\/index.php?rest_route=%2Fwp%2Fv2%2Fcomments&post=186"}],"version-history":[{"count":1,"href":"https:\/\/www.centchemins.fr\/index.php?rest_route=\/wp\/v2\/posts\/186\/revisions"}],"predecessor-version":[{"id":187,"href":"https:\/\/www.centchemins.fr\/index.php?rest_route=\/wp\/v2\/posts\/186\/revisions\/187"}],"wp:attachment":[{"href":"https:\/\/www.centchemins.fr\/index.php?rest_route=%2Fwp%2Fv2%2Fmedia&parent=186"}],"wp:term":[{"taxonomy":"category","embeddable":true,"href":"https:\/\/www.centchemins.fr\/index.php?rest_route=%2Fwp%2Fv2%2Fcategories&post=186"},{"taxonomy":"post_tag","embeddable":true,"href":"https:\/\/www.centchemins.fr\/index.php?rest_route=%2Fwp%2Fv2%2Ftags&post=186"}],"curies":[{"name":"wp","href":"https:\/\/api.w.org\/{rel}","templated":true}]}}