{"id":198,"date":"2013-04-15T07:07:57","date_gmt":"2013-04-15T06:07:57","guid":{"rendered":"http:\/\/www.centchemins.fr\/?p=198"},"modified":"2014-10-19T16:33:16","modified_gmt":"2014-10-19T15:33:16","slug":"hissons-les-couleurs","status":"publish","type":"post","link":"https:\/\/www.centchemins.fr\/?p=198","title":{"rendered":"Hissons les couleurs !"},"content":{"rendered":"<p style=\"text-align: justify;\">De la bo\u00eete de g\u00e2teaux \u00e0 la bombe de laque, jusqu&rsquo;aux meubles de nos cuisines, la mode est au noir.<\/p>\n<p style=\"text-align: justify;\">Rideaux noirs, lumi\u00e8re noire diffus\u00e9e par des luminaires noirs, qui se rend compte de l&rsquo;ombre qui glisse insidieusement sur et dans nos vies\u00a0?<\/p>\n<p style=\"text-align: justify;\">Dans un esprit d&rsquo;image de soi rendue plus svelte dans les couleurs sombres, les femmes sont les premi\u00e8res victimes consentantes. Le marron ou le marine, qui pourraient faire illusion, ne sont plus dans l&rsquo;air du temps.<\/p>\n<p style=\"text-align: justify;\">Les hommes succombent \u00e9galement \u00e0 ce diktat du para\u00eetre\u00a0: \u00ab\u00a0soyons cr\u00e9dibles, portons du noir\u00a0!\u00a0\u00bb<\/p>\n<p style=\"text-align: justify;\">Partout, le noir s&rsquo;insinue\u00a0: dans les draps de nos lits, dans la d\u00e9coration de nos chambres \u00e0 coucher, dans la layette de nos tout-petits et comble du paroxysme, affubl\u00e9e de t\u00eates de morts.<br \/>\nUn nouveau fl\u00e9au se propage comme un tsunami, comme les psychoses invent\u00e9es de grippe aviaire qui nous propulsait dans une parano\u00efa toute hitchcockienne, ou de grippe mexicaine qui faillit faire sombrer \u00e9conomiquement un magnifique pays avant de devenir grippe porcine, puis grippe A, sous la col\u00e8re des porchers. (La famille A ne s&rsquo;\u00e9tant pas r\u00e9volt\u00e9e, et pour cause, \u00e0 quand la grippe B\u00a0?! \u263a)<\/p>\n<p style=\"text-align: justify;\">Un chandail noir peut effectivement avoir une certaine classe, en certaines circonstances, mais il ne tient pas plus chaud que le m\u00eame chandail rose, blanc ou rouge.<\/p>\n<p style=\"text-align: justify;\">Sous nos latitudes, o\u00f9 les jours froids s&rsquo;installent pour longtemps, o\u00f9 les nuages apportent leur comptant de grisaille, je r\u00eave de march\u00e9s boliviens, glac\u00e9s de leur trois mille six cents m\u00e8tres d&rsquo;altitude, mais vibrants de couleurs fluorescentes.<\/p>\n<p style=\"text-align: justify;\">La joie de leur \u00e2me, les boliviens la portent sur eux\u00a0! Pourtant la vie ne les m\u00e9nage pas de simplicit\u00e9.<\/p>\n<p style=\"text-align: justify;\">Qui s&rsquo;est rendu en Guadeloupe ou en Martinique en novembre\u00a0! Hormis la diff\u00e9rence normale de temp\u00e9ratures, ces pays sont une f\u00eate pour le regard. La nature explose de mille couleurs, certes, aid\u00e9e par les rayons du soleil. Mais en plus de la nature g\u00e9n\u00e9reuse, les insulaires peignent leur maison en rose, turquoise, bleu ciel, vert d&rsquo;eau, etc. Les femmes piquent dans leurs cheveux des fleurs aux couleurs vives et se parent d&rsquo;\u00e9toffes vivantes comme leurs danses rituelles. Les hommes arborent fi\u00e8rement des chemises \u00e0 fleurs que nous qualifions de \u00ab\u00a0bling-bling\u00a0\u00bb.<\/p>\n<p style=\"text-align: justify;\">Apr\u00e8s quelques jours de cette explosion de joie de vivre, retrouver les mines grises et les m\u00e9tros bond\u00e9s d&rsquo;oripeaux noirs \u00e0 Paris rel\u00e8ve d&rsquo;une v\u00e9ritable torture.<\/p>\n<p style=\"text-align: justify;\">Mettre du noir partout dans nos vies, avant de participer \u00e0 un mouvement appel\u00e9 \u00ab\u00a0gothique\u00a0\u00bb rel\u00e8ve de la libert\u00e9 de chacun.<\/p>\n<p style=\"text-align: justify;\">Mais \u00e0 quel point ce d\u00e9fi de pseudo-libert\u00e9 n&rsquo;est-il pas voulu par une \u00e9nergie subtile et ind\u00e9tectable qui chercherait \u00e0 \u00e9teindre en nous la part de Lumi\u00e8re qui demande \u00e0 na\u00eetre dans cette nouvelle \u00e8re du verseau\u00a0? Je me le demande.<\/p>\n<p style=\"text-align: justify;\">Comme cette amie qui racontait avec tellement d&rsquo;\u00e9motion la fiert\u00e9 de son p\u00e8re \u00e9tranger hissant les couleurs de la France, je vous sollicite afin de rejoindre ma micro-r\u00e9volution\u00a0:<br \/>\nHissons les couleurs de nos humeurs\u00a0!<\/p>\n<p style=\"text-align: justify;\">Osons les rouges, les jaunes, les orange, les bleus et toute la palette de l&rsquo;arc-en-ciel\u00a0!<br \/>\nPartout dans nos vies, dans nos maisons, dans nos t\u00eates\u00a0!<\/p>\n<p style=\"text-align: justify;\">D&rsquo;ailleurs, o\u00f9 est le noir absolu dans le r\u00e8gne du vivant\u00a0? si ce n&rsquo;est dans quelques nobles cat\u00e9gories telles la panth\u00e8re, l&rsquo;aigle de Barbara, le chat de Patou ou la coquine corneille\u00a0? \u263a<\/p>\n<p style=\"text-align: justify;\">Je ne ferai pas l&rsquo;affront \u00e0 mes fr\u00e8res et s\u0153urs \u00e0 la peau sombre de les citer. A ma ch\u00e8re amie de c\u0153ur, venue de sa Guyane natale, qui me disait combien il lui \u00e9tait p\u00e9nible de porter ces regards qui la jugent trop noire, je racontais, en m\u00ealant mes \u00e9clats de rire aux siens, combien de fois on m&rsquo;avait jug\u00e9e trop blanche, alors que la mode du para\u00eetre intime une peau h\u00e2l\u00e9e en \u00e9t\u00e9, synonyme de sant\u00e9 et de classe sociale ais\u00e9e pouvant se pr\u00e9tendre de loisirs et de vacances baln\u00e9aires.<\/p>\n<p style=\"text-align: justify;\">Qu&rsquo;ils sont dr\u00f4les les paradoxes humains quand ils sont d\u00e9mystifi\u00e9s\u00a0!<br \/>\nQu&rsquo;ils sont dr\u00f4les les paradoxes \u00e9nerg\u00e9tiques quand ils veulent nous asservir\u00a0!<\/p>\n","protected":false},"excerpt":{"rendered":"<p>De la bo\u00eete de g\u00e2teaux \u00e0 la bombe de laque, jusqu&rsquo;aux meubles de nos cuisines, la mode est au noir. Rideaux noirs, lumi\u00e8re noire diffus\u00e9e par des luminaires noirs, qui se rend compte de l&rsquo;ombre qui glisse insidieusement sur et dans nos vies\u00a0? Dans un esprit d&rsquo;image de soi rendue plus svelte dans les couleurs [&hellip;]<\/p>\n","protected":false},"author":1,"featured_media":0,"comment_status":"open","ping_status":"closed","sticky":false,"template":"","format":"standard","meta":{"footnotes":""},"categories":[1],"tags":[],"class_list":["post-198","post","type-post","status-publish","format-standard","hentry","category-non-classe"],"views":908,"_links":{"self":[{"href":"https:\/\/www.centchemins.fr\/index.php?rest_route=\/wp\/v2\/posts\/198","targetHints":{"allow":["GET"]}}],"collection":[{"href":"https:\/\/www.centchemins.fr\/index.php?rest_route=\/wp\/v2\/posts"}],"about":[{"href":"https:\/\/www.centchemins.fr\/index.php?rest_route=\/wp\/v2\/types\/post"}],"author":[{"embeddable":true,"href":"https:\/\/www.centchemins.fr\/index.php?rest_route=\/wp\/v2\/users\/1"}],"replies":[{"embeddable":true,"href":"https:\/\/www.centchemins.fr\/index.php?rest_route=%2Fwp%2Fv2%2Fcomments&post=198"}],"version-history":[{"count":1,"href":"https:\/\/www.centchemins.fr\/index.php?rest_route=\/wp\/v2\/posts\/198\/revisions"}],"predecessor-version":[{"id":199,"href":"https:\/\/www.centchemins.fr\/index.php?rest_route=\/wp\/v2\/posts\/198\/revisions\/199"}],"wp:attachment":[{"href":"https:\/\/www.centchemins.fr\/index.php?rest_route=%2Fwp%2Fv2%2Fmedia&parent=198"}],"wp:term":[{"taxonomy":"category","embeddable":true,"href":"https:\/\/www.centchemins.fr\/index.php?rest_route=%2Fwp%2Fv2%2Fcategories&post=198"},{"taxonomy":"post_tag","embeddable":true,"href":"https:\/\/www.centchemins.fr\/index.php?rest_route=%2Fwp%2Fv2%2Ftags&post=198"}],"curies":[{"name":"wp","href":"https:\/\/api.w.org\/{rel}","templated":true}]}}