{"id":204,"date":"2013-04-21T07:07:56","date_gmt":"2013-04-21T06:07:56","guid":{"rendered":"http:\/\/www.centchemins.fr\/?p=204"},"modified":"2014-10-19T16:38:20","modified_gmt":"2014-10-19T15:38:20","slug":"de-limportance-de-la-bouche","status":"publish","type":"post","link":"https:\/\/www.centchemins.fr\/?p=204","title":{"rendered":"De l&rsquo;importance de la bouche"},"content":{"rendered":"<p align=\"JUSTIFY\">La bouche est le tout premier lieu d&rsquo;expression mis en route tout de suite apr\u00e8s la premi\u00e8re respiration.<\/p>\n<p align=\"JUSTIFY\">Le nouveau-n\u00e9, tout impr\u00e9gn\u00e9 encore du liquide amniotique, cherche son premier souffle par le nez et la bouche.<\/p>\n<p align=\"JUSTIFY\">Il manifeste instantan\u00e9ment sa surprise d&rsquo;avoir chang\u00e9 de monde par le premier son sorti de sa gorge\u00a0: ses premiers pleurs.<\/p>\n<p align=\"JUSTIFY\">Dans le m\u00eame \u00e9lan, l&rsquo;incarnation se met en place comme le vent dans la voilure d&rsquo;un trois mats\u00a0: ses poumons se d\u00e9ploient pour un magnifique voyage.<\/p>\n<p align=\"JUSTIFY\">Coup\u00e9 du cordon ombilical, sa bouche le relie \u00e0 la douceur par le sein de sa m\u00e8re.<\/p>\n<p align=\"JUSTIFY\">Il n&rsquo;absorbe pas que le lait maternel dans ce geste\u00a0; par sa petite bouche ventous\u00e9e au t\u00e9ton, il retrouve la s\u00e9curit\u00e9 du ventre maternel, il apprend l&rsquo;odeur de sa maman, il calmes ses premi\u00e8res angoisses terrestres.<\/p>\n<p align=\"JUSTIFY\">Sa bouche devient le premier lieu d&rsquo;expression de ses \u00e9motions. Elle grimace quand il a faim, esquisse un sourire de contentement.<\/p>\n<p align=\"JUSTIFY\">La maman, toute attentive, d\u00e9crypte d\u00e8s les premiers jours les \u00ab\u00a0dires\u00a0\u00bb de son nouveau-n\u00e9 par l&rsquo;expression de sa bouche, suivie des mimiques de tout son petit visage.<\/p>\n<p align=\"JUSTIFY\">Dans un geste de communication \u00e9vidente, le b\u00e9b\u00e9 associe \u00e0 sa bouche encore muette de paroles ses petits bras et ses petites jambes.<\/p>\n<p align=\"JUSTIFY\">Toujours sur l&rsquo;avance-sc\u00e8ne de la vie, sa bouche va exprimer ses premiers mots, d\u00e9form\u00e9s par la structure naissante de son \u00e9coute et de ses muscles faciaux, souvent de fa\u00e7on tr\u00e8s dr\u00f4le pour les adultes, alors qu&rsquo;il y met tout son c\u0153ur et sa volont\u00e9 de communiquer.<\/p>\n<p align=\"JUSTIFY\">Qu&rsquo;une \u00e9motion vienne \u00e0 l&rsquo;effrayer et sa bouche cherche instantan\u00e9ment le r\u00e9confort du sein, du pouce ou de la t\u00e9tine.<\/p>\n<p align=\"JUSTIFY\">Mot \u00e0 mot, il d\u00e9couvre la puissance par la bouche\u00a0: maman&#8230; papa&#8230; non\u00a0! \u263a<\/p>\n<p align=\"JUSTIFY\">Trois petites lettres tr\u00e8s vite acquises qui le rattachent \u00e0 sa divinit\u00e9 int\u00e9rieure\u00a0: Non\u00a0! dit le petit roi de deux ans. Et ses parents de passer de la tendresse \u00e0 la surprise\u00a0: tiens\u00a0! mon enfant est une personne \u00e0 part enti\u00e8re avec sa volont\u00e9 propre\u00a0!<\/p>\n<p align=\"JUSTIFY\">Par les autres bouches, il d\u00e9couvre la douceur des baisers sur sa peau, des sourires, des gouzi-gouzis qui l&rsquo;\u00e9veillent \u00e0 tout un monde de communication.<\/p>\n<p align=\"JUSTIFY\">Combien de parents s&rsquo;approprient ce lieu des tout premiers \u00e9mois amoureux et les privent ainsi de la d\u00e9couverte adolescente du tout premier baiser, par des baisers successifs et quotidiens, qu&rsquo;ils pensent innocents, sur la bouche\u00a0?<\/p>\n<p align=\"JUSTIFY\">Quel adulte ne porte pas en lui le souvenir ind\u00e9l\u00e9bile du premier baiser d&rsquo;amour\u00a0?<\/p>\n<p align=\"JUSTIFY\">Quel adulte conscient peut encore sentir son corps vibrer \u00e0 ce seul souvenir\u00a0? qu&rsquo;il soit r\u00e9cent ou tr\u00e8s ancien\u00a0?! \u263a<\/p>\n<p align=\"CENTER\"><em>La bouche est l&rsquo;antenne de la vie.<\/em><\/p>\n<p align=\"JUSTIFY\">La vie revient par le bouche \u00e0 bouche.<\/p>\n<p align=\"JUSTIFY\">Par la nourriture qu&rsquo;elle absorbe, par les paroles qui en sortent, elle scelle son destin sur sa sant\u00e9 et son devenir\u00a0: Pr\u00e9sident\u00a0?&#8230; Sage\u00a0?&#8230; Moine trappiste\u00a0?&#8230; Jeune de banlieue\u00a0?&#8230;<\/p>\n<p align=\"JUSTIFY\">Ces Jeunes de banlieue, cit\u00e9s sciemment, s&rsquo;enferment inconsciemment dans un ghetto par un langage qui leur est propre et dont ils sont fiers, qui n\u00e9anmoins les coupe du reste du monde.<\/p>\n<p align=\"JUSTIFY\">Leur nombre grandissant \u00e9veille toutefois l&rsquo;opinion publique sur leur sort. Certains \u00ab\u00a0\u00e9lus\u00a0\u00bb, tr\u00e8s rares, parviennent \u00e0 se hisser \u00e0 la notori\u00e9t\u00e9 par les paroles mises en musique.<\/p>\n<p align=\"JUSTIFY\">Leurs bouches trahissent souvent leur m\u00e9pris et leur col\u00e8re, car personne ne leur a appris les mots d&rsquo;amour qui les sauveraient.<\/p>\n<p align=\"JUSTIFY\">Des mots importants \u00e0 entendre, mais tellement plus importants \u00e0 dire\u00a0!<\/p>\n<p align=\"JUSTIFY\">\n<p align=\"CENTER\">Que chacun puisse dire \u00e0 un inconnu,<\/p>\n<p align=\"CENTER\">reconnu par son c\u0153ur<\/p>\n<p align=\"CENTER\">comme son fr\u00e8re humain\u00a0: \u00ab\u00a0je t&rsquo;aime\u00a0\u00bb<\/p>\n<p align=\"CENTER\">et le monde sera sauv\u00e9\u00a0!<\/p>\n","protected":false},"excerpt":{"rendered":"<p>La bouche est le tout premier lieu d&rsquo;expression mis en route tout de suite apr\u00e8s la premi\u00e8re respiration. Le nouveau-n\u00e9, tout impr\u00e9gn\u00e9 encore du liquide amniotique, cherche son premier souffle par le nez et la bouche. Il manifeste instantan\u00e9ment sa surprise d&rsquo;avoir chang\u00e9 de monde par le premier son sorti de sa gorge\u00a0: ses premiers [&hellip;]<\/p>\n","protected":false},"author":1,"featured_media":0,"comment_status":"open","ping_status":"closed","sticky":false,"template":"","format":"standard","meta":{"footnotes":""},"categories":[1],"tags":[],"class_list":["post-204","post","type-post","status-publish","format-standard","hentry","category-non-classe"],"views":833,"_links":{"self":[{"href":"https:\/\/www.centchemins.fr\/index.php?rest_route=\/wp\/v2\/posts\/204","targetHints":{"allow":["GET"]}}],"collection":[{"href":"https:\/\/www.centchemins.fr\/index.php?rest_route=\/wp\/v2\/posts"}],"about":[{"href":"https:\/\/www.centchemins.fr\/index.php?rest_route=\/wp\/v2\/types\/post"}],"author":[{"embeddable":true,"href":"https:\/\/www.centchemins.fr\/index.php?rest_route=\/wp\/v2\/users\/1"}],"replies":[{"embeddable":true,"href":"https:\/\/www.centchemins.fr\/index.php?rest_route=%2Fwp%2Fv2%2Fcomments&post=204"}],"version-history":[{"count":1,"href":"https:\/\/www.centchemins.fr\/index.php?rest_route=\/wp\/v2\/posts\/204\/revisions"}],"predecessor-version":[{"id":205,"href":"https:\/\/www.centchemins.fr\/index.php?rest_route=\/wp\/v2\/posts\/204\/revisions\/205"}],"wp:attachment":[{"href":"https:\/\/www.centchemins.fr\/index.php?rest_route=%2Fwp%2Fv2%2Fmedia&parent=204"}],"wp:term":[{"taxonomy":"category","embeddable":true,"href":"https:\/\/www.centchemins.fr\/index.php?rest_route=%2Fwp%2Fv2%2Fcategories&post=204"},{"taxonomy":"post_tag","embeddable":true,"href":"https:\/\/www.centchemins.fr\/index.php?rest_route=%2Fwp%2Fv2%2Ftags&post=204"}],"curies":[{"name":"wp","href":"https:\/\/api.w.org\/{rel}","templated":true}]}}