{"id":271,"date":"2013-10-24T15:01:11","date_gmt":"2013-10-24T14:01:11","guid":{"rendered":"http:\/\/www.centchemins.fr\/?p=271"},"modified":"2014-11-01T15:08:36","modified_gmt":"2014-11-01T14:08:36","slug":"cetait-le-paradis-et-je-ne-le-savais-pas","status":"publish","type":"post","link":"https:\/\/www.centchemins.fr\/?p=271","title":{"rendered":"C&rsquo;\u00e9tait le paradis et je ne le savais pas"},"content":{"rendered":"<p style=\"text-align: justify;\">C&rsquo;est l&rsquo;hiver, le mois de janvier. Il fait froid, le temps est bas et les feuilles mortes volent autour de nous.<\/p>\n<p style=\"text-align: justify;\">\nMaman a offert \u00e0 papa une tron\u00e7onneuse, re\u00e7ue en avance pour la St-Valentin. \u00ab\u00a0Valentine\u00a0\u00bb est rouge, brillante, toute neuve. Elle d\u00e9marre au quart de tour dans les mains de papa.<\/p>\n<p style=\"text-align: justify;\">\nJe d\u00e9pose les bouts de bois et les fais avancer sur le tr\u00e9teau pendant que papa actionne m\u00e9thodiquement et pr\u00e9cautionneusement \u00ab\u00a0Valentine\u00a0\u00bb, tous les trente-trois centim\u00e8tres.<\/p>\n<p style=\"text-align: justify;\">\nNous sommes face \u00e0 face tous les deux.<\/p>\n<p style=\"text-align: justify;\">\nUn espace-temps s&rsquo;ouvre\u00a0: nous ne ressentons plus ni le froid, ni le vent, ni les heures qui s&rsquo;\u00e9coulent. Nos regards et nos sourires se fondent l&rsquo;un dans l&rsquo;autre comme la scie dans le bois qui para\u00eet tendre.<\/p>\n<p style=\"text-align: justify;\">\nLes mots ont perdu leur importance.<\/p>\n<p style=\"text-align: justify;\">\nC&rsquo;\u00e9tait le paradis et je ne le savais pas.<\/p>\n<p style=\"text-align: justify;\">\nLe 22 f\u00e9vrier, papa mourrait d&rsquo;un brutal et d\u00e9vastateur accident cardiaque.<\/p>\n<p style=\"text-align: justify;\">\nNous avons tous dans nos bo\u00eetes \u00e0 souvenirs de ces instants merveilleux grav\u00e9s \u00e0 jamais dans nos m\u00e9moires. Pas de flon-flons, pas de tapis rouges ni de trompettes. Un banal et insignifiant instant du quotidien, qui retient notre attention un peu, mais pas trop.<\/p>\n<p style=\"text-align: justify;\">\nEt puis le temps s&rsquo;\u00e9coule sur cet instant, le lib\u00e9rant de toutes les scories du \u00ab\u00a0normal somme toute\u00a0\u00bb et nous nous apercevons (trop tard?) que c&rsquo;\u00e9tait un instant de paradis.<\/p>\n<p style=\"text-align: justify;\">\nInstinctivement ou par hasard, la vie m&rsquo;a amen\u00e9e \u00e0 d\u00e9couvrir un cadeau merveilleux\u00a0: \u00ab\u00a0le pouvoir du moment pr\u00e9sent\u00a0\u00bb*. Un livre qui me tombe dans les mains et ne quitte plus mon chevet depuis des lustres. Une pens\u00e9e qui s&rsquo;insinue et prend vie dans mon esprit. Une habitude qui s&rsquo;installe pas \u00e0 pas, sans r\u00e9el grand effort, il me semble.<\/p>\n<p style=\"text-align: justify;\">\nDe m\u00eame, mon amie Ang\u00e9lique, coach sportive, a ouvert des grands yeux \u00e9tonn\u00e9s quand je lui ai soumis mon id\u00e9e de courir avec son aide pour me faire (refaire) une sant\u00e9\u00a0:<\/p>\n<p style=\"text-align: justify;\">&#8211; Tu veux courir\u00a0!!? &#8230; Depuis combien de temps n&rsquo;as-tu pas couru\u00a0? Dix ans\u00a0? Vingt ans\u00a0? Ne cherche pas \u00e0 courir, marche tout d&rsquo;abord. R\u00e9guli\u00e8rement, \u00e0 ton rythme, doucement, sans forcer pour ne pas te d\u00e9courager. Une fois par semaine, ou deux fois, puis trois, comme tu le ressens, jamais plus.<\/p>\n<p style=\"text-align: justify;\">\nDe m\u00eame, l&rsquo;habitude s&rsquo;est install\u00e9e sans peine.<\/p>\n<p style=\"text-align: justify;\">\nSans le savoir, j&rsquo;ai mis en pratique une saine habitude comme si j&rsquo;avais anticip\u00e9 les sages conseils de mon amie.<\/p>\n<p style=\"text-align: justify;\">\nCette id\u00e9e de \u00ab\u00a0moment pr\u00e9sent\u00a0\u00bb m&rsquo;a vraiment interpell\u00e9e. Mais comme un drap de soie glisse au pied du lit, dix fois, cent fois, mille fois, dix fois, cent fois, mille fois il m&rsquo;a fallu aller le rechercher ce moment pr\u00e9sent et tirer dessus pour m&rsquo;y lover dans un bonheur indescriptible, tortur\u00e9e et apeur\u00e9e inutilement que j&rsquo;\u00e9tais, sur mon matelas de pass\u00e9 et futur.<\/p>\n<p style=\"text-align: justify;\">\nPas \u00e0 pas, un instant apr\u00e8s l&rsquo;autre, je l&rsquo;ai attrap\u00e9 \u00ab\u00a0mon moment pr\u00e9sent\u00a0\u00bb, \u00e0 bras-le-coeur.<\/p>\n<p style=\"text-align: justify;\">\nSans effort, sans m&rsquo;essouffler, sans me d\u00e9courager, avec une infinie patience pour mes \u00ab\u00a0rechutes\u00a0\u00bb, j&rsquo;ai trouv\u00e9 le chemin, mon chemin.<\/p>\n<p style=\"text-align: justify;\">\nL\u00e0 maintenant, \u00e0 chacun des instants extraordinaires (mais pas tant que \u00e7a penseriez-vous) qu&rsquo;il m&rsquo;est donn\u00e9 de vivre et il y en a de plus en plus, \u00e0 chacun de ces instants qui peuvent para\u00eetre banals, mes regards, int\u00e9rieur et ext\u00e9rieur, sourient et la Lumi\u00e8re s&rsquo;allume\u00a0:<\/p>\n<p style=\"text-align: justify;\">\nc&rsquo;est le paradis, mais maintenant je le sais !<\/p>\n<p style=\"text-align: justify;\">\n* Le pouvoir du moment pr\u00e9sent \u2013 Eckart Tolle<\/p>\n","protected":false},"excerpt":{"rendered":"<p>C&rsquo;est l&rsquo;hiver, le mois de janvier. Il fait froid, le temps est bas et les feuilles mortes volent autour de nous. Maman a offert \u00e0 papa une tron\u00e7onneuse, re\u00e7ue en avance pour la St-Valentin. \u00ab\u00a0Valentine\u00a0\u00bb est rouge, brillante, toute neuve. Elle d\u00e9marre au quart de tour dans les mains de papa. Je d\u00e9pose les bouts [&hellip;]<\/p>\n","protected":false},"author":3,"featured_media":0,"comment_status":"open","ping_status":"closed","sticky":false,"template":"","format":"standard","meta":{"footnotes":""},"categories":[1],"tags":[],"class_list":["post-271","post","type-post","status-publish","format-standard","hentry","category-non-classe"],"views":724,"_links":{"self":[{"href":"https:\/\/www.centchemins.fr\/index.php?rest_route=\/wp\/v2\/posts\/271","targetHints":{"allow":["GET"]}}],"collection":[{"href":"https:\/\/www.centchemins.fr\/index.php?rest_route=\/wp\/v2\/posts"}],"about":[{"href":"https:\/\/www.centchemins.fr\/index.php?rest_route=\/wp\/v2\/types\/post"}],"author":[{"embeddable":true,"href":"https:\/\/www.centchemins.fr\/index.php?rest_route=\/wp\/v2\/users\/3"}],"replies":[{"embeddable":true,"href":"https:\/\/www.centchemins.fr\/index.php?rest_route=%2Fwp%2Fv2%2Fcomments&post=271"}],"version-history":[{"count":1,"href":"https:\/\/www.centchemins.fr\/index.php?rest_route=\/wp\/v2\/posts\/271\/revisions"}],"predecessor-version":[{"id":272,"href":"https:\/\/www.centchemins.fr\/index.php?rest_route=\/wp\/v2\/posts\/271\/revisions\/272"}],"wp:attachment":[{"href":"https:\/\/www.centchemins.fr\/index.php?rest_route=%2Fwp%2Fv2%2Fmedia&parent=271"}],"wp:term":[{"taxonomy":"category","embeddable":true,"href":"https:\/\/www.centchemins.fr\/index.php?rest_route=%2Fwp%2Fv2%2Fcategories&post=271"},{"taxonomy":"post_tag","embeddable":true,"href":"https:\/\/www.centchemins.fr\/index.php?rest_route=%2Fwp%2Fv2%2Ftags&post=271"}],"curies":[{"name":"wp","href":"https:\/\/api.w.org\/{rel}","templated":true}]}}