{"id":28,"date":"2012-02-01T21:12:01","date_gmt":"2012-02-01T20:12:01","guid":{"rendered":"http:\/\/www.centchemins.fr\/?p=28"},"modified":"2014-09-12T23:27:08","modified_gmt":"2014-09-12T22:27:08","slug":"mon-corps-mon-meilleur-ami","status":"publish","type":"post","link":"https:\/\/www.centchemins.fr\/?p=28","title":{"rendered":"Mon corps, mon meilleur ami"},"content":{"rendered":"<blockquote><p>M\u00e9ditation : introspection ou prise de conscience ?<\/p>\n<p>Regard centr\u00e9 sur le c\u0153ur ou vision sup\u00e9rieure d&rsquo;un \u00e9tat d&rsquo;\u00eatre ?<\/p><\/blockquote>\n<p>Quelle importance, puisque tout est un, tout ram\u00e8ne \u00e0 l&rsquo;Un.<\/p>\n<p>Le fils ou la fille de Lumi\u00e8re sait prendre du recul face \u00e0 ses \u00e9motions. Elles sont les vagues \u00e0 la surface de l&rsquo;oc\u00e9an. Dessous ou dessus, il y a le m\u00eame calme, le m\u00eame bleu, la m\u00eame lumi\u00e8re.<\/p>\n<p>L&rsquo;\u00e9motion\u00a0 est\u00a0 l\u00e0\u00a0 \u00e0\u00a0 titre indicatif,\u00a0 comme un\u00a0 signal\u00a0 :\u00a0 que m&rsquo;apprend cette \u00e9motion ? Quel est mon ressenti ? Est-elle en ad\u00e9quation avec les cellules de mon c\u0153ur, le grand ma\u00eetre, avec les cellules de mon corps, les miroirs ?<\/p>\n<p>Il\u00a0 en\u00a0 va\u00a0 du\u00a0 microcosme\u00a0 comme\u00a0 du\u00a0 macrocosme\u00a0 :\u00a0 ce\u00a0 qui\u00a0 r\u00e9sonne\u00a0 dans l&rsquo;infiniment petit vibre dans l&rsquo;infiniment grand et vice-versa. L&rsquo;\u00e9motion donne un signal : avis de temp\u00eate ou\u00a0 navigation sereine dans le sens du vent ?<\/p>\n<p>Je monte au-del\u00e0 de ma pens\u00e9e et j&rsquo;observe \u00ab le penseur \u00bb : l&rsquo;\u00e9nergie circule par pulsion, que le\u00a0 cerveau transforme en mots, en situations, en images. Mon corps lui r\u00e9pond par des tensions,\u00a0 des palpitations, le rythme du souffle. Je suis dehors\u00a0 et\u00a0 dedans,\u00a0 je\u00a0 suis\u00a0 l&rsquo;observateur\u00a0 et\u00a0 l&rsquo;observ\u00e9,\u00a0 et\u00a0 je\u00a0 laisse\u00a0 glisser\u00a0 la caravelle toutes voiles dehors, pouss\u00e9e par les aliz\u00e9s, sans tension, sans crainte, en toute confiance, en toute conscience.<\/p>\n<p>Je m&rsquo;habitue \u00e0 cet \u00e9tat et l&rsquo;appelle de plus en plus souvent, pour en faire une habitude, une seconde nature.<\/p>\n<p>La peur ne m&rsquo;envahit plus, je suis l&rsquo;oc\u00e9an. L&rsquo;inqui\u00e9tude passe sans s&rsquo;arr\u00eater, je suis le ciel, le soleil et les oiseaux.<\/p>\n<p>Les vagues sont le pass\u00e9 et le futur : elles se soul\u00e8vent, roulent et retombent dans un flux constant, l&rsquo;oc\u00e9an est le pr\u00e9sent, toujours, \u00e0 chaque seconde, \u00e0chaque inspiration, \u00e0 chaque expiration.<\/p>\n<p>Mes\u00a0 pens\u00e9es\u00a0 voudraient\u00a0 parfois\u00a0 tenir\u00a0 le\u00a0 gouvernail,\u00a0 inconscientes\u00a0 des r\u00e9cifs o\u00f9 elles me pr\u00e9cipitent. Alors mon corps-bateau prend le relais, la proue\u00a0 fend\u00a0 les\u00a0 eaux,\u00a0 la\u00a0 poupe\u00a0 les\u00a0 referme,\u00a0 le\u00a0 bois\u00a0 craque,\u00a0 les\u00a0 voiles claquent : l&rsquo;activit\u00e9 s&#8217;empare de mon corps, le faire vient \u00e0 la rescousse de l&rsquo;\u00eatre (du mal-\u00eatre ?), mes mains battent des ailes, mes pieds s&rsquo;envolent, les<br \/>\nobjets deviennent mes amis, les obligations des complices de mon mieux-\u00eatre.<\/p>\n<p>Corps et \u00e2me ne font qu&rsquo;un, toujours \u00e0 l&rsquo;aide l&rsquo;un pour l&rsquo;autre. Je deviens mon\u00a0 meilleur\u00a0 ami,\u00a0 mon\u00a0 corps\u00a0 pour\u00a0 mon\u00a0 esprit,\u00a0 mon\u00a0 esprit\u00a0 pour\u00a0 mes organes, de l&rsquo;Un, unicit\u00e9, unifi\u00e9 au grand Tout.<\/p>\n<p>Ma petite cellule m&rsquo;apprend le r\u00e9confort, ma pens\u00e9e la prot\u00e8ge, et ma cellule\u00a0 guide\u00a0 ma\u00a0 pens\u00e9e,\u00a0 mon\u00a0 corps\u00a0 devient\u00a0 une\u00a0 symphonie,\u00a0 pourtant petite note isol\u00e9e, indissociable de la grande port\u00e9e.<\/p>\n<p>Dans l&rsquo;ici et maintenant, je deviens la note absolue qui permet \u00e0 toute l&rsquo;\u0153uvre d&rsquo;\u00eatre parfaite.<\/p>\n","protected":false},"excerpt":{"rendered":"<p>M\u00e9ditation : introspection ou prise de conscience ? Regard centr\u00e9 sur le c\u0153ur ou vision sup\u00e9rieure d&rsquo;un \u00e9tat d&rsquo;\u00eatre ? Quelle importance, puisque tout est un, tout ram\u00e8ne \u00e0 l&rsquo;Un. Le fils ou la fille de Lumi\u00e8re sait prendre du recul face \u00e0 ses \u00e9motions. Elles sont les vagues \u00e0 la surface de l&rsquo;oc\u00e9an. Dessous [&hellip;]<\/p>\n","protected":false},"author":1,"featured_media":0,"comment_status":"open","ping_status":"closed","sticky":false,"template":"","format":"standard","meta":{"footnotes":""},"categories":[1],"tags":[],"class_list":["post-28","post","type-post","status-publish","format-standard","hentry","category-non-classe"],"views":998,"_links":{"self":[{"href":"https:\/\/www.centchemins.fr\/index.php?rest_route=\/wp\/v2\/posts\/28","targetHints":{"allow":["GET"]}}],"collection":[{"href":"https:\/\/www.centchemins.fr\/index.php?rest_route=\/wp\/v2\/posts"}],"about":[{"href":"https:\/\/www.centchemins.fr\/index.php?rest_route=\/wp\/v2\/types\/post"}],"author":[{"embeddable":true,"href":"https:\/\/www.centchemins.fr\/index.php?rest_route=\/wp\/v2\/users\/1"}],"replies":[{"embeddable":true,"href":"https:\/\/www.centchemins.fr\/index.php?rest_route=%2Fwp%2Fv2%2Fcomments&post=28"}],"version-history":[{"count":4,"href":"https:\/\/www.centchemins.fr\/index.php?rest_route=\/wp\/v2\/posts\/28\/revisions"}],"predecessor-version":[{"id":32,"href":"https:\/\/www.centchemins.fr\/index.php?rest_route=\/wp\/v2\/posts\/28\/revisions\/32"}],"wp:attachment":[{"href":"https:\/\/www.centchemins.fr\/index.php?rest_route=%2Fwp%2Fv2%2Fmedia&parent=28"}],"wp:term":[{"taxonomy":"category","embeddable":true,"href":"https:\/\/www.centchemins.fr\/index.php?rest_route=%2Fwp%2Fv2%2Fcategories&post=28"},{"taxonomy":"post_tag","embeddable":true,"href":"https:\/\/www.centchemins.fr\/index.php?rest_route=%2Fwp%2Fv2%2Ftags&post=28"}],"curies":[{"name":"wp","href":"https:\/\/api.w.org\/{rel}","templated":true}]}}