{"id":323,"date":"2014-03-23T18:25:41","date_gmt":"2014-03-23T17:25:41","guid":{"rendered":"http:\/\/www.centchemins.fr\/?p=323"},"modified":"2014-11-23T18:34:45","modified_gmt":"2014-11-23T17:34:45","slug":"les-mots-sont-des-dessins","status":"publish","type":"post","link":"https:\/\/www.centchemins.fr\/?p=323","title":{"rendered":"Les mots sont des dessins"},"content":{"rendered":"<p style=\"text-align: justify;\">Les mots sont des dessins en deux dimensions.<\/p>\n<p style=\"text-align: justify;\">\nToutes les paroles que nous \u00e9mettons ou entendons surfent sur les vagues de nos propres valeurs et interpr\u00e9tations.<\/p>\n<p style=\"text-align: justify;\">\nParler, \u00e9changer, chercher la compr\u00e9hension dans les mots nous permet d&rsquo;appr\u00e9hender une image du bout des doigts.<\/p>\n<p style=\"text-align: justify;\">\nPour en saisir le sens v\u00e9ritable, il faut, si possible et selon la sensibilit\u00e9 propre \u00e0 chacun-e, chercher \u00e0 p\u00e9n\u00e9trer dans l&rsquo;\u00e9nergie du mot comme le sculpteur ou le potier p\u00e9n\u00e8tre dans la mati\u00e8re.<\/p>\n<p style=\"text-align: justify;\">\nLa terre n&rsquo;est plus de la terre, la pierre n&rsquo;est plus un bloc inerte, le bois porte son essence \u00e0 devenir, les couleurs du peintre sont autant d&rsquo;\u00e9l\u00e9ments pr\u00eats \u00e0 s&rsquo;assembler pour parvenir au chef d\u2019\u0153uvre et amener la sensibilit\u00e9 \u00e0 la visualisation.<\/p>\n<p style=\"text-align: justify;\">\nCe que nos yeux voient sont ce que nos oreilles entendent\u00a0: une image, un son.<\/p>\n<p style=\"text-align: justify;\">\nAu-del\u00e0, il y a la Vie.<\/p>\n<p style=\"text-align: justify;\">\nNous sommes tous et toutes des \u00eatres aveugles et sourds, jusqu&rsquo;\u00e0 l&rsquo;instant de gr\u00e2ce o\u00f9 nous comprenons que les apparences ne sont pas la r\u00e9alit\u00e9, comme dans la merveilleuse histoire d&rsquo;Helen Keller.<\/p>\n<p style=\"text-align: justify;\">\nHelen Keller (1880-1968) est une enfant devenue aveugle et sourde \u00e0 19 mois, d\u00e9finie comme muette bien que dot\u00e9e de cordes vocales en \u00e9tat de fonctionner, mais ne poss\u00e9dant pas le code de la gamme \u00e9tablie des mots associ\u00e9s aux images correspondantes, qui a d\u00e9couvert la communication \u00e0 l&rsquo;\u00e2ge de 6 ou 7 ans, gr\u00e2ce \u00e0 l&rsquo;infinie patience de son \u00e9ducatrice, Anne Sullivan.<\/p>\n<p style=\"text-align: justify;\">\nEnferm\u00e9e dans son monde de sensations fait de terreurs li\u00e9es \u00e0 ses seuls ressentis et interpr\u00e9tations, Helen est prisonni\u00e8re dans une bulle d&rsquo;incompr\u00e9hension du monde ext\u00e9rieur codifi\u00e9, jusqu&rsquo;\u00e0 ce que Anne Sullivan lui ouvre la porte de cette prison.<\/p>\n<p style=\"text-align: justify;\">\nDans le creux de la main de la petite fille, effray\u00e9e et capricieuse par la complaisance de ses parents, Anne signe du langage des signes chaque lettre de chaque mot, nommant chaque objet ou situation, sans succ\u00e8s, jusqu&rsquo;\u00e0 l&rsquo;instant miraculeux o\u00f9 le cerveau d&rsquo;Helen fait la jonction entre le signe \u00ab\u00a0eau\u00a0\u00bb et l&rsquo;eau qu&rsquo;elle est en train de toucher, donc d&rsquo;exp\u00e9rimenter.<\/p>\n<p style=\"text-align: justify;\">\nPlusieurs fois, Helen a touch\u00e9 l&rsquo;eau et redemand\u00e9 le signe \u00ab\u00a0eau\u00a0\u00bb.<\/p>\n<p style=\"text-align: justify;\">Son corps tout entier, son \u00e2me, ses sensations, sa compr\u00e9hension, tout en elle s&rsquo;est enfin ouvert \u00e0 une codification qui lui a ouvert toutes les portes d&rsquo;un seul coup.<\/p>\n<p style=\"text-align: justify;\">Cette petite fille, \u00e9tiquet\u00e9e \u00ab\u00a0handicap\u00e9e\u00a0\u00bb, a ensuite fait de brillantes \u00e9tudes et est m\u00eame devenue professeur \u00e0 l&rsquo;universit\u00e9, entre autres (En 1915, elle fonde avec George Kessler l&rsquo;organisation Helen Keller International (HKI) afin de soutenir la pr\u00e9vention de la c\u00e9cit\u00e9 et la r\u00e9duction de la malnutrition dans le monde. HKI est aujourd&rsquo;hui pr\u00e9sente dans 22 pays).<\/p>\n<p style=\"text-align: justify;\">Nous sommes tous, comme Helen Keller, enferm\u00e9s dans notre monde de compr\u00e9hension, \u00e0 la diff\u00e9rence qu&rsquo;un code \u00e9tabli nous permet de communiquer les uns avec les autres, toutefois sur un mode tr\u00e8s superficiel, sans en \u00eatre ni coupables, ni responsables.<\/p>\n<p style=\"text-align: justify;\">\nNous pouvons vivre toute notre vie avec cette illusion des apparences, sans souffrir, sans probl\u00e8me majeur, qu&rsquo;une vie lin\u00e9aire et \u00e0 peu pr\u00e8s tranquille.<\/p>\n<p style=\"text-align: justify;\">\nToutefois, bien rares sont ceux ou celles qui traversent la vie sans temp\u00eates \u00e9motionnelles\u00a0: deuils, ruptures, d\u00e9pressions, comme si notre mode d&rsquo;expression codifi\u00e9 perdait ses rep\u00e8res dans une faille.<\/p>\n<p style=\"text-align: justify;\">\nNous pouvons alors reprendre ce code des apparences, jusqu&rsquo;\u00e0 la prochaine faille, encore et encore, jusqu&rsquo;\u00e0 notre dernier souffle.<\/p>\n<p style=\"text-align: justify;\">\nOu s&rsquo;arr\u00eater &#8230;<\/p>\n<p style=\"text-align: justify;\">\n&#8230; faire le vide de tous les acquis, de tous les enseignements, de tous les pr\u00e9jug\u00e9s, de toutes les croyances et d\u00e9couvrir, en cassant l&rsquo;image qui a ouvert Helen Keller \u00e0 la compr\u00e9hension, que le mot \u00ab\u00a0eau\u00a0\u00bb est plus que ce son \u00e9mit par la bouche en forme de puits, qu&rsquo;il y a derri\u00e8re une mati\u00e8re merveilleuse, fluide, stagnante, fra\u00eeche, chaude, claire, brouill\u00e9e, d\u00e9salt\u00e9rante, lavante &#8230; vivante\u00a0!<\/p>\n<p style=\"text-align: justify;\">Voir, entendre, ressentir &#8230;<\/p>\n<p style=\"text-align: justify;\">&#8230; au-del\u00e0 des apparences<\/p>\n<p style=\"text-align: justify;\">Un mot peut en \u00eatre la cl\u00e9\u00a0 \ud83d\ude42\u00a0 :<\/p>\n<p style=\"text-align: justify;\">simplicit\u00e9\u00a0!<\/p>\n<p>.. mais chut\u00a0! Ressentez le v\u00f4tre\u00a0\u00a0 \u2665<\/p>\n<p style=\"text-align: justify;\">Namaste<\/p>\n<p style=\"text-align: justify;\"><em>Citation\u00a0:<\/em><br \/>\n<em>\u00ab\u00a0Quand on y croit, on a plus de chances de r\u00e9ussir.\u00a0\u00bb H. Keller<\/em><\/p>\n","protected":false},"excerpt":{"rendered":"<p>Les mots sont des dessins en deux dimensions. Toutes les paroles que nous \u00e9mettons ou entendons surfent sur les vagues de nos propres valeurs et interpr\u00e9tations. Parler, \u00e9changer, chercher la compr\u00e9hension dans les mots nous permet d&rsquo;appr\u00e9hender une image du bout des doigts. Pour en saisir le sens v\u00e9ritable, il faut, si possible et selon [&hellip;]<\/p>\n","protected":false},"author":3,"featured_media":0,"comment_status":"open","ping_status":"closed","sticky":false,"template":"","format":"standard","meta":{"footnotes":""},"categories":[1],"tags":[],"class_list":["post-323","post","type-post","status-publish","format-standard","hentry","category-non-classe"],"views":742,"_links":{"self":[{"href":"https:\/\/www.centchemins.fr\/index.php?rest_route=\/wp\/v2\/posts\/323","targetHints":{"allow":["GET"]}}],"collection":[{"href":"https:\/\/www.centchemins.fr\/index.php?rest_route=\/wp\/v2\/posts"}],"about":[{"href":"https:\/\/www.centchemins.fr\/index.php?rest_route=\/wp\/v2\/types\/post"}],"author":[{"embeddable":true,"href":"https:\/\/www.centchemins.fr\/index.php?rest_route=\/wp\/v2\/users\/3"}],"replies":[{"embeddable":true,"href":"https:\/\/www.centchemins.fr\/index.php?rest_route=%2Fwp%2Fv2%2Fcomments&post=323"}],"version-history":[{"count":1,"href":"https:\/\/www.centchemins.fr\/index.php?rest_route=\/wp\/v2\/posts\/323\/revisions"}],"predecessor-version":[{"id":324,"href":"https:\/\/www.centchemins.fr\/index.php?rest_route=\/wp\/v2\/posts\/323\/revisions\/324"}],"wp:attachment":[{"href":"https:\/\/www.centchemins.fr\/index.php?rest_route=%2Fwp%2Fv2%2Fmedia&parent=323"}],"wp:term":[{"taxonomy":"category","embeddable":true,"href":"https:\/\/www.centchemins.fr\/index.php?rest_route=%2Fwp%2Fv2%2Fcategories&post=323"},{"taxonomy":"post_tag","embeddable":true,"href":"https:\/\/www.centchemins.fr\/index.php?rest_route=%2Fwp%2Fv2%2Ftags&post=323"}],"curies":[{"name":"wp","href":"https:\/\/api.w.org\/{rel}","templated":true}]}}