{"id":327,"date":"2014-04-04T18:44:02","date_gmt":"2014-04-04T17:44:02","guid":{"rendered":"http:\/\/www.centchemins.fr\/?p=327"},"modified":"2014-11-23T18:51:34","modified_gmt":"2014-11-23T17:51:34","slug":"couple-ou-parent-enfant","status":"publish","type":"post","link":"https:\/\/www.centchemins.fr\/?p=327","title":{"rendered":"Couple ? &#8230; ou parent-enfant ?"},"content":{"rendered":"<p style=\"text-align: justify;\">Tiens\u00a0! Comme par hasard, on dit qu&rsquo;une personne prend l&rsquo;\u00a0\u00ab\u00a0ascendant\u00a0\u00bb sur l&rsquo;autre.<\/p>\n<p style=\"text-align: justify;\">\nCet-te autre devient donc son \u00ab\u00a0descendant\u00a0\u00bb\u00a0? \ud83d\ude09<\/p>\n<p style=\"text-align: justify;\">\nQue nous rappelle cette association \u00ab\u00a0ascendant \/ descendant\u00a0\u00bb\u00a0? N&rsquo;y aurait-il pas \u00e0 y voir le lien familial \u00ab\u00a0enfant-parent\u00a0\u00bb\u00a0?<\/p>\n<p style=\"text-align: justify;\">\nUn couple compos\u00e9 de deux adultes fonctionne parfaitement tant que ne s&rsquo;instaure pas cette d\u00e9pendance affective r\u00e9cr\u00e9e inconsciemment de part et d&rsquo;autre.<\/p>\n<p style=\"text-align: justify;\">\nDans le d\u00e9but d&rsquo;une relation, chacun \u00ab\u00a0parade\u00a0\u00bb, d\u00e9montre \u00e0 l&rsquo;autre ses atouts, ses forces, ses potentiels, de m\u00eame que dans le r\u00e8gne animal le paon fait sa roue et la grenouille gonfle son organe vocal \u00e0 l&rsquo;appel du m\u00e2le. \ud83d\ude42<\/p>\n<p style=\"text-align: justify;\">\nNous ne sommes gu\u00e8re \u00e9loign\u00e9s du r\u00e8gne animal, malgr\u00e9 notre d\u00e9sir de supr\u00e9matie absolue\u00a0!<\/p>\n<p style=\"text-align: justify;\">\nNos soci\u00e9t\u00e9s fonctionneraient certainement mieux si nous nous inspirions de certaines esp\u00e8ces \u00e0 pattes ou \u00e0 ailes.\u00a0 \ud83d\ude42<\/p>\n<p style=\"text-align: justify;\">\nPour en revenir au c\u0153ur du sujet, chacun prend un r\u00f4le \u00e0 la cr\u00e9ation du nouveau couple.<\/p>\n<p style=\"text-align: justify;\">\nTr\u00e8s rapidement, selon nos propres attentes inconscientes, l&rsquo;un devient le parent, l&rsquo;autre l&rsquo;enfant. Mais pas toujours, et cela est s\u00fbrement le garant de la p\u00e9rennit\u00e9 du couple.<\/p>\n<p style=\"text-align: justify;\">\nLe yin et le yang nous le disent quotidiennement\u00a0: chacun doit veiller \u00e0 l&rsquo;\u00e9quilibre.<\/p>\n<p style=\"text-align: justify;\">\nL&rsquo;\u00e9quilibre se maintient tant que le balancement oscille doucement de l&rsquo;un \u00e0 l&rsquo;autre. Parfois, j&rsquo;ai la solution, je deviens p\u00e8re-m\u00e8re. Parfois, je n&rsquo;arrive pas \u00e0 sortir de mon probl\u00e8me, je deviens enfant. Le couple est alors l&rsquo;entit\u00e9 porteuse qui m&rsquo;apporte le retour \u00e0 l&rsquo;\u00e9quilibre, dans l&rsquo;\u00e9coute, le respect et l&rsquo;amour inconditionnel.<\/p>\n<p style=\"text-align: justify;\">\nMais tr\u00e8s insidieusement, il arrive que chacun (ou les deux) ne quitte plus l&rsquo;un de ces deux r\u00f4les. Petit \u00e0 petit s&rsquo;installe un d\u00e9s\u00e9quilibre grandissant qui court \u00e0 l&rsquo;explosion du couple, ou \u00e0 un mal-\u00eatre des deux parties, que chacun cherche \u00e0 fuir selon ses affinit\u00e9s (non\u00a0! Je ne les citerai pas\u00a0!\u00a0 \ud83d\ude42\u00a0 ) &#8230;<\/p>\n<p style=\"text-align: justify;\">On parle de l&rsquo;adult\u00e8re avec beaucoup d&rsquo;ironie et de l\u00e9g\u00e8ret\u00e9, alors qu&rsquo;il est source de tant de souffrance, m\u00eame et aussi quand il n&rsquo;est pas d\u00e9couvert. Ce qui semble la panac\u00e9e n&rsquo;en est pas une, puisqu&rsquo;elle n&rsquo;est qu&rsquo;une fuite en avant.<\/p>\n<p style=\"text-align: justify;\">\nLa personne qui introduit un troisi\u00e8me \u00e9l\u00e9ment dans le couple, si elle ne comble pas un manque de confiance en elle, sort ainsi de la relation parent-enfant, mais rien ne se r\u00e8gle pour autant, qu&rsquo;occasionner une sourde vague de douleur, tr\u00e8s vite diffuse de toute part, sit\u00f4t pass\u00e9es les premi\u00e8res flammes de la passion.<\/p>\n<p style=\"text-align: justify;\">\nLe paon tra\u00eene lamentablement ses magnifiques plumes dans la poussi\u00e8re, la grenouille regarde placidement son monde s&rsquo;\u00e9crouler et chacun de son c\u00f4t\u00e9 se dit\u00a0:<\/p>\n<p style=\"text-align: justify;\">&#8211; Pourquoi ne m&rsquo;aime-t-il-elle plus comme avant\u00a0?<\/p>\n<p style=\"text-align: justify;\">\nTout simplement parce que je me suis oubli\u00e9-e dans l&rsquo;autre.<\/p>\n<p style=\"text-align: justify;\">\nParce que les habitudes ont tr\u00e8s vite instaur\u00e9 les r\u00e8gles dont on ne sort plus. Le couple est devenu le centre alors que <strong>mon<\/strong> centre est et reste la priorit\u00e9. En me perdant, j&rsquo;ai perdu mon couple. L&rsquo;\u00e9chec n&rsquo;appartient \u00e0 nul-le autre qu&rsquo;\u00e0 moi-m\u00eame.<\/p>\n<p style=\"text-align: justify;\">\nMais il est de bon ton d&rsquo;accuser les circonstances ext\u00e9rieures de mon mal-\u00eatre : mon conjoint, mon ami-e, mon patron, mon gouvernement, mon Dieu\u00a0 \ud83d\ude42\u00a0 . *<\/p>\n<p style=\"text-align: justify;\">\nIl est temps de me r\u00e9veiller. De mon premier \u00e0 mon dernier souffle, je n&rsquo;aurai la seule et fid\u00e8le compagnie que d&rsquo;une seule personne\u00a0: moi et moi seul-e.<\/p>\n<p style=\"text-align: justify;\">\nJ&rsquo;ai \u00e0 aimer mes forces, mais aussi mes faiblesses, qui me rendent humain-e. J&rsquo;ai \u00e0 veiller \u00e0 d\u00e9couvrir ce qui me construit et me remplit de joie et \u00e0 garder le cap en tout temps.<\/p>\n<p style=\"text-align: justify;\">\nLe terreau par lequel mon couple va cro\u00eetre et s&rsquo;\u00e9panouir est ma propre joie, ma seule estime. Le pilier central n&rsquo;est pas l&rsquo;union du yin et du yang\u00a0; chacun porte en lui-elle son propre centre qui va permettre la force du deux de surgir et de se maintenir.<\/p>\n<p style=\"text-align: justify;\">\nJ&rsquo;ai \u00e0 \u00e9couter mes faiblesses qui m&rsquo;apprennent beaucoup sur le chemin qui conduit \u00e0 renforcer mes qualit\u00e9s.<\/p>\n<p style=\"text-align: justify;\">\nJ&rsquo;ai \u00e0 revenir en mon centre et \u00e0 ma s\u00e9r\u00e9nit\u00e9, \u00e0 sortir de l&rsquo;accusation envers l&rsquo;autre ou moi-m\u00eame et \u00e0 permettre par l&rsquo;effet miroir \u00e0 ce que chacun grandisse par la synergie du couple.<\/p>\n<p style=\"text-align: justify;\">\nM\u00eame si le couple n&rsquo;est pas la finalit\u00e9, il est un merveilleux cadeau de la vie pour apprendre \u00e0 mieux me conna\u00eetre et \u00e0 grandir.<\/p>\n<p style=\"text-align: justify;\">\nNamast\u00e9<\/p>\n<p style=\"text-align: justify;\"><em>* Si l&rsquo;\u00e9veil ne se fait que dans un sens, il est tr\u00e8s probable que le couple ne puisse perdurer, \u00e0 moins de donner une nouvelle impulsion salvatrice\u00a0!<\/em><\/p>\n","protected":false},"excerpt":{"rendered":"<p>Tiens\u00a0! Comme par hasard, on dit qu&rsquo;une personne prend l&rsquo;\u00a0\u00ab\u00a0ascendant\u00a0\u00bb sur l&rsquo;autre. Cet-te autre devient donc son \u00ab\u00a0descendant\u00a0\u00bb\u00a0? \ud83d\ude09 Que nous rappelle cette association \u00ab\u00a0ascendant \/ descendant\u00a0\u00bb\u00a0? N&rsquo;y aurait-il pas \u00e0 y voir le lien familial \u00ab\u00a0enfant-parent\u00a0\u00bb\u00a0? Un couple compos\u00e9 de deux adultes fonctionne parfaitement tant que ne s&rsquo;instaure pas cette d\u00e9pendance affective r\u00e9cr\u00e9e inconsciemment [&hellip;]<\/p>\n","protected":false},"author":3,"featured_media":0,"comment_status":"open","ping_status":"closed","sticky":false,"template":"","format":"standard","meta":{"footnotes":""},"categories":[1],"tags":[],"class_list":["post-327","post","type-post","status-publish","format-standard","hentry","category-non-classe"],"views":703,"_links":{"self":[{"href":"https:\/\/www.centchemins.fr\/index.php?rest_route=\/wp\/v2\/posts\/327","targetHints":{"allow":["GET"]}}],"collection":[{"href":"https:\/\/www.centchemins.fr\/index.php?rest_route=\/wp\/v2\/posts"}],"about":[{"href":"https:\/\/www.centchemins.fr\/index.php?rest_route=\/wp\/v2\/types\/post"}],"author":[{"embeddable":true,"href":"https:\/\/www.centchemins.fr\/index.php?rest_route=\/wp\/v2\/users\/3"}],"replies":[{"embeddable":true,"href":"https:\/\/www.centchemins.fr\/index.php?rest_route=%2Fwp%2Fv2%2Fcomments&post=327"}],"version-history":[{"count":1,"href":"https:\/\/www.centchemins.fr\/index.php?rest_route=\/wp\/v2\/posts\/327\/revisions"}],"predecessor-version":[{"id":328,"href":"https:\/\/www.centchemins.fr\/index.php?rest_route=\/wp\/v2\/posts\/327\/revisions\/328"}],"wp:attachment":[{"href":"https:\/\/www.centchemins.fr\/index.php?rest_route=%2Fwp%2Fv2%2Fmedia&parent=327"}],"wp:term":[{"taxonomy":"category","embeddable":true,"href":"https:\/\/www.centchemins.fr\/index.php?rest_route=%2Fwp%2Fv2%2Fcategories&post=327"},{"taxonomy":"post_tag","embeddable":true,"href":"https:\/\/www.centchemins.fr\/index.php?rest_route=%2Fwp%2Fv2%2Ftags&post=327"}],"curies":[{"name":"wp","href":"https:\/\/api.w.org\/{rel}","templated":true}]}}