{"id":339,"date":"2014-05-24T09:24:21","date_gmt":"2014-05-24T08:24:21","guid":{"rendered":"http:\/\/www.centchemins.fr\/?p=339"},"modified":"2014-11-24T09:31:28","modified_gmt":"2014-11-24T08:31:28","slug":"est-ce-que-je-maime","status":"publish","type":"post","link":"https:\/\/www.centchemins.fr\/?p=339","title":{"rendered":"Est-ce que je m&rsquo;aime ?"},"content":{"rendered":"<p style=\"text-align: justify;\">Homme ou femme, nous ne sommes pas \u00e9gaux devant cette n\u00e9cessit\u00e9 vitale.<\/p>\n<p style=\"text-align: justify;\">\nDe par la conformit\u00e9 de nos lobes c\u00e9r\u00e9braux, gauche-droite, nos priorit\u00e9s ne sont pas identiques.<\/p>\n<p style=\"text-align: justify;\">\nPour ne pas faire de g\u00e9n\u00e9ralit\u00e9 quant au genre, je dirai donc que les personnes ayant le lobe gauche pr\u00e9dominant sont plus ax\u00e9es dans le faire et le concret. Les personnes dont le lobe droit pr\u00e9domine sont plus dans l&rsquo;\u00e9motionnel et l&rsquo;intuition.<\/p>\n<p style=\"text-align: justify;\">\nCette grande diff\u00e9rence am\u00e8ne le second groupe, au lobe droit pr\u00e9dominant, \u00e0 attacher une importance majeure aux apparences, donc \u00e0 s&rsquo;auto-juger, et \u00e0 avoir une plus grande difficult\u00e9 \u00e0 s&rsquo;aimer inconditionnellement et globalement.<\/p>\n<p style=\"text-align: justify;\">\nCela est tr\u00e8s sch\u00e9matique de dire que les hommes sont tr\u00e8s ancr\u00e9s dans la mati\u00e8re et les femmes dans l&rsquo;irrationnel.<\/p>\n<p style=\"text-align: justify;\">Par chance, nous sommes tous yin et yang, sans exception. Chez certain-e l&rsquo;\u00e9quilibre peut m\u00eame \u00eatre parfait, sans tomber dans la caricature du chauffeur routier qui pleurniche pour un rien ou de la poup\u00e9e barbie qui abrite un temp\u00e9rament de tigresse.<\/p>\n<p style=\"text-align: justify;\">\nL\u00e0 n&rsquo;est pas le propos du moment.<\/p>\n<p style=\"text-align: justify;\">\nO\u00f9 en suis-je donc dans ma centralit\u00e9\u00a0? qui va modifier toute ma r\u00e9alit\u00e9\u00a0?\u00a0:<\/p>\n<p style=\"text-align: justify;\">\n&#8211; est-ce que je m&rsquo;aime\u00a0?<\/p>\n<p style=\"text-align: justify;\">\n&#8211; est-ce que j&rsquo;aime mon apparence\u00a0? mes cheveux\u00a0? mes yeux\u00a0? mon ventre\u00a0? mes pieds\u00a0? mon corps dans sa perfection\u00a0? (mais oui, tu es parfait-e\u00a0 \ud83d\ude09\u00a0 ! )<\/p>\n<p style=\"text-align: justify;\">\n&#8211; est-ce que j&rsquo;aime mes \u00e9motions\u00a0? mes r\u00e9actions face aux \u00e9v\u00e9nements\u00a0? ma propension \u00e0 rebondir ou non\u00a0?<\/p>\n<p style=\"text-align: justify;\">\n&#8211; est-ce que j&rsquo;aime mon caract\u00e8re\u00a0? mon attitude envers ma famille\u00a0? mes amis\u00a0? mes coll\u00e8gues\u00a0? le monde en g\u00e9n\u00e9ral\u00a0?<\/p>\n<p style=\"text-align: justify;\">\nEt question supr\u00eame\u00a0:<\/p>\n<p style=\"text-align: justify;\">\n&#8211; est-ce que j&rsquo;aime mes origines\u00a0?<\/p>\n<p style=\"text-align: justify;\">\nCette introspection nous am\u00e8ne \u00e0 un constat \u00e0 peu pr\u00e8s identique\u00a0: il y a une multitude de facettes en nous qui nous d\u00e9rangent et nous am\u00e8nent \u00e0 une auto-critique, \u00e0 la culpabilit\u00e9, voire \u00e0 une fuite dans les addictions.<\/p>\n<p style=\"text-align: justify;\">\nLa plupart qui me liront diront\u00a0: quelle dr\u00f4le d&rsquo;id\u00e9e de se poser cette question\u00a0! \u00c0 quoi cela sert-il\u00a0?<\/p>\n<p style=\"text-align: justify;\">\nCette question est pourtant vitale.<\/p>\n<p style=\"text-align: justify;\">\nNon pas dans le sens que si vous ne vous la posez pas vous allez mourir demain, mais dans le sens que si vous trouvez l&rsquo;existence vraiment trop difficile, vous tenez peut-\u00eatre l\u00e0 le n\u0153ud du probl\u00e8me.<\/p>\n<p style=\"text-align: justify;\">\nTous les courants religieux nous poussent \u00e0 trouver les solutions \u00e0 l&rsquo;ext\u00e9rieur de nous\u00a0:<\/p>\n<p style=\"text-align: justify;\">\n&#8211; Faites comme &#8230; Allah, Bouddha, J\u00e9sus, Zoroastre, &#8230; (mille excuses aux Illustres que j&rsquo;oublie) <em>(\u00a0! Ordre alphab\u00e9tique, liste non exhaustive)<\/em><\/p>\n<p style=\"text-align: justify;\">\n&#8211; Au nom de &#8230; X &#8230; agissez comme cela (quitte \u00e0 tuer pour exister dans votre v\u00e9rit\u00e9\u00a0 \ud83d\ude41\u00a0 )<\/p>\n<p style=\"text-align: justify;\">\nLequel de ces proph\u00e8tes a dit\u00a0 :<\/p>\n<p style=\"text-align: justify;\">\n&#8211; Faites comme je dis, pas comme je fais ! ?<\/p>\n<p style=\"text-align: justify;\">\nAucun\u00a0! Tous nous montrent LE chemin. Et ce chemin, il n&rsquo;y a que nous qui pouvons l&rsquo;accomplir, selon notre propre ressenti.<\/p>\n<p style=\"text-align: justify;\">\nLes non-religieux trouvent \u00e9cho chez leur m\u00e9decin\u00a0:<\/p>\n<p style=\"text-align: justify;\">\n&#8211; Ne mangez pas ceci<\/p>\n<p style=\"text-align: justify;\">\n&#8211; Buvez cela<\/p>\n<p style=\"text-align: justify;\">\n&#8211; Empoisonnez-vous, voil\u00e0 une ordonnance <em>(pardon \u00e0 mes amis pharmaciens et m\u00e9decins).<\/em><\/p>\n<p style=\"text-align: justify;\">\n&#8211; Ecoutez-ob\u00e9issez-moi\u00a0!<\/p>\n<p style=\"text-align: justify;\">\nou chez leur banquier\u00a0:<\/p>\n<p style=\"text-align: justify;\">\n&#8211; Sois confiiiiant\u00a0! Donne-mo\u00e2\u00e2\u00e2\u00e2 tes \u00e9conomiiiies, je suis le ma\u00eetre de tes richesses !<\/p>\n<p style=\"text-align: justify;\">\nAlors que si je m&rsquo;aime, je me fais confiance\u00a0! \u00e0 moi seul-e\u00a0!<\/p>\n<p style=\"text-align: justify;\">\nJe sais que mon corps est mon ami. Il me dit si je mange trop ou pas assez, ses grincements me disent mes d\u00e9s\u00e9quilibres. M\u00eame mes intestins me parlent de ma gestion de mes \u00e9motions. Ces m\u00eames \u00e9motions qui sont autant de balises sur ma route\u00a0: mal-\u00eatre, attention\u00a0! bien-\u00eatre, ah\u00a0! il y a un potentiel\u00a0!<\/p>\n<p style=\"text-align: justify;\">\nLa liste est trop longue pour tout citer et ma liste n&rsquo;est pas votre liste. \u00c0 chacun de d\u00e9couvrir son propre circuit, ses propres signalisations.<\/p>\n<p style=\"text-align: justify;\">\nQuand je ne m&rsquo;aime pas sur un seul petit point de ma personne, c&rsquo;est la porte ouverte \u00e0 toutes les prises de pouvoir. Je laisse \u00e0 l&rsquo;autre me dire ce qui est bon pour moi &#8230; grrr\u00a0!<\/p>\n<p style=\"text-align: justify;\">\nQuand je m&rsquo;aime globalement, l&rsquo;autre devient mon complice au lieu d&rsquo;\u00eatre mon ma\u00eetre ou mon ennemi. Nous nous aidons dans nos propres r\u00e9alit\u00e9s, chacun \u00e0 sa place, \u00ab\u00a0chacun-e bien centr\u00e9-e dans l&rsquo;espace du c\u0153ur\u00a0\u00bb <em>(bisous \u00e0 mes amies qui se reconna\u00eetront).<\/em><\/p>\n<p style=\"text-align: justify;\">\nLes \u00e9l\u00e9ments de la nature deviennent mes complices et mes amis. Je retrouve leur absolue n\u00e9cessit\u00e9 \u00e0 ma mat\u00e9rialit\u00e9.<\/p>\n<p style=\"text-align: justify;\">\nMa vie devient mon amie et ma plus grande richesse.<\/p>\n<p style=\"text-align: justify;\">\n\u00ab\u00a0Je\u00a0\u00bb deviens mon ami-e et ma plus grande richesse.<\/p>\n<p style=\"text-align: justify;\">\n<em>Namast\u00e9<\/em><\/p>\n","protected":false},"excerpt":{"rendered":"<p>Homme ou femme, nous ne sommes pas \u00e9gaux devant cette n\u00e9cessit\u00e9 vitale. De par la conformit\u00e9 de nos lobes c\u00e9r\u00e9braux, gauche-droite, nos priorit\u00e9s ne sont pas identiques. Pour ne pas faire de g\u00e9n\u00e9ralit\u00e9 quant au genre, je dirai donc que les personnes ayant le lobe gauche pr\u00e9dominant sont plus ax\u00e9es dans le faire et le [&hellip;]<\/p>\n","protected":false},"author":3,"featured_media":0,"comment_status":"open","ping_status":"closed","sticky":false,"template":"","format":"standard","meta":{"footnotes":""},"categories":[1],"tags":[],"class_list":["post-339","post","type-post","status-publish","format-standard","hentry","category-non-classe"],"views":736,"_links":{"self":[{"href":"https:\/\/www.centchemins.fr\/index.php?rest_route=\/wp\/v2\/posts\/339","targetHints":{"allow":["GET"]}}],"collection":[{"href":"https:\/\/www.centchemins.fr\/index.php?rest_route=\/wp\/v2\/posts"}],"about":[{"href":"https:\/\/www.centchemins.fr\/index.php?rest_route=\/wp\/v2\/types\/post"}],"author":[{"embeddable":true,"href":"https:\/\/www.centchemins.fr\/index.php?rest_route=\/wp\/v2\/users\/3"}],"replies":[{"embeddable":true,"href":"https:\/\/www.centchemins.fr\/index.php?rest_route=%2Fwp%2Fv2%2Fcomments&post=339"}],"version-history":[{"count":1,"href":"https:\/\/www.centchemins.fr\/index.php?rest_route=\/wp\/v2\/posts\/339\/revisions"}],"predecessor-version":[{"id":340,"href":"https:\/\/www.centchemins.fr\/index.php?rest_route=\/wp\/v2\/posts\/339\/revisions\/340"}],"wp:attachment":[{"href":"https:\/\/www.centchemins.fr\/index.php?rest_route=%2Fwp%2Fv2%2Fmedia&parent=339"}],"wp:term":[{"taxonomy":"category","embeddable":true,"href":"https:\/\/www.centchemins.fr\/index.php?rest_route=%2Fwp%2Fv2%2Fcategories&post=339"},{"taxonomy":"post_tag","embeddable":true,"href":"https:\/\/www.centchemins.fr\/index.php?rest_route=%2Fwp%2Fv2%2Ftags&post=339"}],"curies":[{"name":"wp","href":"https:\/\/api.w.org\/{rel}","templated":true}]}}