{"id":347,"date":"2014-07-13T09:53:41","date_gmt":"2014-07-13T08:53:41","guid":{"rendered":"http:\/\/www.centchemins.fr\/?p=347"},"modified":"2014-11-24T09:58:59","modified_gmt":"2014-11-24T08:58:59","slug":"mesure-ton-probleme-a-lechelle-de-lunivers","status":"publish","type":"post","link":"https:\/\/www.centchemins.fr\/?p=347","title":{"rendered":"Mesure ton probl\u00e8me \u00e0 l&rsquo;\u00e9chelle de l&rsquo;Univers"},"content":{"rendered":"<p style=\"text-align: justify;\">Maintenant que nous avons bien acquis que le changement doit survenir dans le petit point central du centre de notre c\u0153ur, dans le mouvement de l&rsquo;inspire, il s&rsquo;agit de projeter nos soucis tr\u00e8s loin, en explosant nos bras et nos pens\u00e9es au tr\u00e9fonds de l&rsquo;univers, dans le mouvement de l&rsquo;expire.<\/p>\n<p style=\"text-align: justify;\">\nJe ne peux changer le monde, je ne peux que changer l&rsquo;image que je m&rsquo;en fais.<\/p>\n<p style=\"text-align: justify;\">\nQuand un probl\u00e8me \u00ab\u00a0me prend la t\u00eate\u00a0\u00bb, je projette le faisceau laser de ma pens\u00e9e sur ce seul probl\u00e8me. Mesur\u00e9 \u00e0 la loupe de mon inqui\u00e9tude, il prend des proportions \u00e9normes.<\/p>\n<p style=\"text-align: justify;\">\nJ&rsquo;oublie purement et simplement qu&rsquo;il y a une solution \u00e0 tout probl\u00e8me, t\u00f4t ou tard, car absolument TOUT est \u00e9ph\u00e9m\u00e8re.<\/p>\n<p style=\"text-align: justify;\">\nCe que je gonfle et grossis \u00e0 la lumi\u00e8re de mon manque de confiance va occuper tout mon espace, br\u00fbler tout mon oxyg\u00e8ne, venir \u00e0 bout de toute mon \u00e9nergie.<\/p>\n<p style=\"text-align: justify;\">\nJe focalise sur mon souci, fondamentalement convaincu-e \u00e0 ce moment-l\u00e0 que le monde tourne autour de moi, que seul mon monde a de l&rsquo;importance.<\/p>\n<p style=\"text-align: justify;\">\nBien s\u00fbr, c&rsquo;est moi seul-e qui vis l&rsquo;inconfort de ma situation.<\/p>\n<p style=\"text-align: justify;\">\nSi je prends de la hauteur et mesure ma vie dans le macrocosme de l&rsquo;univers, qu&rsquo;est-ce que j&rsquo;apprends\u00a0?\u00a0:<\/p>\n<p style=\"text-align: justify;\">\n&#8211; Que j&rsquo;ai ma place et ma raison d&rsquo;\u00eatre comme tout organisme sur terre.<\/p>\n<p style=\"text-align: justify;\">\n&#8211; Que l&rsquo;espace temps que je per\u00e7ois \u00eatre ma vie a une dur\u00e9e tr\u00e8s limit\u00e9e au regard des mill\u00e9naires de la Cr\u00e9ation.<\/p>\n<p style=\"text-align: justify;\">\n&#8211; Que si un g\u00e9ant domicili\u00e9 dans notre syst\u00e8me solaire prenait le Soleil dans sa main gauche, il tiendrait un ballon d&rsquo;un m\u00e8tre de diam\u00e8tre\u00a0; s&rsquo;il prenait la Terre dans sa main droite, il aurait une agate dans le creux de la main.<\/p>\n<p style=\"text-align: justify;\">\nAu vu de notre minuscule proportion, est-ce que les astrophysiciens ont une vie plus sereine\u00a0? Au vu de l&rsquo;immensit\u00e9 de l&rsquo;univers, ont-ils conscience qu&rsquo;ils ont l&rsquo;importance que nous donnerions \u00e0 une fourmi\u00a0? Ont-ils moins de probl\u00e8mes d&rsquo;ulc\u00e8re et de stress que le commun des mortels\u00a0?\u00a0 \ud83d\ude09<\/p>\n<p style=\"text-align: justify;\">\nNous n&rsquo;avons pas tous la chance de regarder au travers d&rsquo;un puissant t\u00e9lescope, plut\u00f4t tourn\u00e9s sur tous les microscopes des m\u00e9dias\u00a0:<\/p>\n<p style=\"text-align: justify;\">\n&#8211; la maladie par-ci<\/p>\n<p style=\"text-align: justify;\">\n&#8211; la crise par-l\u00e0<\/p>\n<p style=\"text-align: justify;\">\n&#8211; l&rsquo;injustice ici<\/p>\n<p style=\"text-align: justify;\">\n&#8211; et la pure folie l\u00e0, partout autour de nous.<\/p>\n<p style=\"text-align: justify;\">\nToujours dans ce mouvement du huit qui m&rsquo;est si cher (l&rsquo;est-il pour vous \u00e9galement ?), le lemniscate, symbole de l&rsquo;infini, je d\u00e9tourne mon regard de mon nombril et me plonge dans la paix infinie de l&rsquo;univers.<\/p>\n<p style=\"text-align: justify;\">\nLes \u00e9toiles sont mortes depuis des milliers d&rsquo;ann\u00e9es, pourtant elles brillent toujours.<\/p>\n<p style=\"text-align: justify;\">\nLe Soleil se consume un peu plus chaque jour, pourtant il me survivra.<\/p>\n<p style=\"text-align: justify;\">\nBien qu&rsquo;il n&rsquo;y ait pas de pigment bleu dans l&rsquo;air, le ciel m&rsquo;appara\u00eet indigo \u00e0 m&rsquo;en couper le souffle.<\/p>\n<p style=\"text-align: justify;\">\nBien que la formule \u00ab\u00a0H2O\u00a0\u00bb qui compose les nuages n&rsquo;ait pas de couleur, les nuages m&rsquo;apparaissent tant\u00f4t blanc immacul\u00e9 comme la ouate la plus pure, tant\u00f4t anthracite comme du goudron.<\/p>\n<p style=\"text-align: justify;\">\nEn levant le nez, je m&rsquo;aper\u00e7ois que mon importance est toute relative.<\/p>\n<p style=\"text-align: justify;\">\n\u00ab\u00a0Je suis\u00a0\u00bb, car mon moment pr\u00e9sent m&rsquo;assure de ma mat\u00e9rialit\u00e9, mais \u00ab\u00a0je suis\u00a0\u00bb aussi tout pareil, inquiet-qui\u00e8te ou d\u00e9tendu-e, microscopique point qui compose l&rsquo;univers.<\/p>\n<p style=\"text-align: justify;\">\nSomme toute, suis-je aussi important-e que cela\u00a0?<\/p>\n<p style=\"text-align: justify;\">\nSomme toute, mon probl\u00e8me va-t-il changer la bonne marche du monde, cet immense \u00ab\u00a0TOUT\u00a0\u00bb dont je ne peux appr\u00e9hender les limites\u00a0?<\/p>\n<p style=\"text-align: justify;\">\nSomme toute, n&rsquo;ai-je pas \u00e0 faire tout simplement un pas, puis un autre, pour trouver ma solution\u00a0?!\u00a0 \ud83d\ude09<\/p>\n<p style=\"text-align: justify;\"><em>Namast\u00e9<\/em><\/p>\n","protected":false},"excerpt":{"rendered":"<p>Maintenant que nous avons bien acquis que le changement doit survenir dans le petit point central du centre de notre c\u0153ur, dans le mouvement de l&rsquo;inspire, il s&rsquo;agit de projeter nos soucis tr\u00e8s loin, en explosant nos bras et nos pens\u00e9es au tr\u00e9fonds de l&rsquo;univers, dans le mouvement de l&rsquo;expire. Je ne peux changer le [&hellip;]<\/p>\n","protected":false},"author":3,"featured_media":0,"comment_status":"open","ping_status":"closed","sticky":false,"template":"","format":"standard","meta":{"footnotes":""},"categories":[1],"tags":[],"class_list":["post-347","post","type-post","status-publish","format-standard","hentry","category-non-classe"],"views":1104,"_links":{"self":[{"href":"https:\/\/www.centchemins.fr\/index.php?rest_route=\/wp\/v2\/posts\/347","targetHints":{"allow":["GET"]}}],"collection":[{"href":"https:\/\/www.centchemins.fr\/index.php?rest_route=\/wp\/v2\/posts"}],"about":[{"href":"https:\/\/www.centchemins.fr\/index.php?rest_route=\/wp\/v2\/types\/post"}],"author":[{"embeddable":true,"href":"https:\/\/www.centchemins.fr\/index.php?rest_route=\/wp\/v2\/users\/3"}],"replies":[{"embeddable":true,"href":"https:\/\/www.centchemins.fr\/index.php?rest_route=%2Fwp%2Fv2%2Fcomments&post=347"}],"version-history":[{"count":1,"href":"https:\/\/www.centchemins.fr\/index.php?rest_route=\/wp\/v2\/posts\/347\/revisions"}],"predecessor-version":[{"id":348,"href":"https:\/\/www.centchemins.fr\/index.php?rest_route=\/wp\/v2\/posts\/347\/revisions\/348"}],"wp:attachment":[{"href":"https:\/\/www.centchemins.fr\/index.php?rest_route=%2Fwp%2Fv2%2Fmedia&parent=347"}],"wp:term":[{"taxonomy":"category","embeddable":true,"href":"https:\/\/www.centchemins.fr\/index.php?rest_route=%2Fwp%2Fv2%2Fcategories&post=347"},{"taxonomy":"post_tag","embeddable":true,"href":"https:\/\/www.centchemins.fr\/index.php?rest_route=%2Fwp%2Fv2%2Ftags&post=347"}],"curies":[{"name":"wp","href":"https:\/\/api.w.org\/{rel}","templated":true}]}}