{"id":352,"date":"2014-08-12T00:00:27","date_gmt":"2014-08-11T23:00:27","guid":{"rendered":"http:\/\/www.centchemins.fr\/?p=352"},"modified":"2014-11-26T21:55:24","modified_gmt":"2014-11-26T20:55:24","slug":"qui-de-loeuf-et-de-la-poule","status":"publish","type":"post","link":"https:\/\/www.centchemins.fr\/?p=352","title":{"rendered":"Qui de l&rsquo;oeuf et de la poule ?"},"content":{"rendered":"<p>Quelqu&rsquo;un a-t-il vu Dieu incarn\u00e9 homme\u00a0?<\/p>\n<p>Dieu-Conscience a cr\u00e9\u00e9 le monde mais Il est l&rsquo;Incr\u00e9\u00e9.<\/p>\n<p>Dieu nous a faits \u00e0 son image, mais Dieu n&rsquo;a pas d&rsquo;image (\u00a0!?).<\/p>\n<p>Il nous a faits un et multiple, comme si nous \u00e9tions sept milliards de petits morceaux de Dieu-Conscience.<\/p>\n<p>Si Dieu-Conscience est cr\u00e9ateur du monde, nous, un sept-milliardi\u00e8me de Dieu-Conscience avons cette facult\u00e9 identique de cr\u00e9ation \u00e0 notre \u00e9chelle (puis-je cr\u00e9er une montagne\u00a0?\u00a0 \ud83d\ude42 &#8230; qui sait\u00a0?\u00a0 \ud83d\ude42 Puis-je cr\u00e9\u00e9 ma r\u00e9alit\u00e9\u00a0?! Oui\u00a0! Oui\u00a0! Oui!)<\/p>\n<p>Si je m&rsquo;envisage cr\u00e9ateur-trice de mon monde, ce n&rsquo;est certainement pas \u00e0 la force de mes mains et de mes bi et triceps. Ce que je construis est certes ma cr\u00e9ation, mais devenue physique et mat\u00e9rielle des suites d&rsquo;une seule de mes pens\u00e9es d\u00e9velopp\u00e9e. Je peux alors toucher, voir, vivre ma cr\u00e9ation-n\u00e9e-d&rsquo;une-pens\u00e9e.<\/p>\n<p>Et s&rsquo;il y avait la m\u00eame force \u00e0 chacune de mes pens\u00e9es\u00a0?<\/p>\n<p>J&rsquo;ai une pens\u00e9e d&rsquo;amour\u00a0! Un petit ange na\u00eet quelque part dans le monde investi de cette belle \u00e9nergie.<\/p>\n<p>J&rsquo;ai une pens\u00e9e de col\u00e8re la seconde suivante\u00a0! Idem, cette pens\u00e9e se mat\u00e9rialise \u00ab\u00a0dans la mati\u00e8re\u00a0\u00bb qui est de l&rsquo;\u00e9nergie densifi\u00e9e, sous forme humaine ou cataclysme, ou n&rsquo;importe quel autre fl\u00e9au gonfl\u00e9 par une multitude de pens\u00e9es identiques \u00e9mises de par le monde au m\u00eame instant et qui cr\u00e9e un agglom\u00e9rat pas sympa.<\/p>\n<p>J&rsquo;ai \u00e9t\u00e9 fascin\u00e9e un jour par un petit bonhomme de trois-quatre ans qui ne pensait qu&rsquo;\u00e0 faire du mal \u00e0 ma petite chienne, chiot \u00e9galement.<\/p>\n<p>Un sixi\u00e8me sens m&rsquo;avait avertie d&rsquo;aller voir ma petite Vanille interdite d&rsquo;acc\u00e8s dans la cabane o\u00f9 nous \u00e9tions tout un groupe \u00e0 manger. Ce fameux petit d&rsquo;homme tenait un gros parpaing dans ses mains, grima\u00e7ant d&rsquo;effort, juste au-dessus de la t\u00eate de ma chienne et s&rsquo;appr\u00eatait \u00e0 le l\u00e2cher dans la seconde o\u00f9 je lui ai cri\u00e9 \u00ab\u00a0stooop\u00a0!\u00a0\u00bb<\/p>\n<p>Peut-\u00eatre une heure apr\u00e8s, la m\u00eame intuition m&rsquo;a fait ressortir de la cabane. Ce m\u00eame enfant tenait dans ses deux mains une poign\u00e9e de gros graviers qu&rsquo;il s&rsquo;appr\u00eatait \u00e0 lancer sur ma chienne.<\/p>\n<p>Loin d&rsquo;une saine col\u00e8re que j&rsquo;aurais pu \u00e9prouver alors, c&rsquo;est l&rsquo;\u00e9tonnement de tant de m\u00e9chancet\u00e9 concr\u00e9tis\u00e9e dans cet enfant qui m&rsquo;a coup\u00e9 le souffle. Pour moi, jusqu&rsquo;\u00e0 ce jour, un enfant \u00e9tait synonyme de puret\u00e9, de gentillesse et d&rsquo;innocence jusqu&rsquo;\u00e0 ce qu&rsquo;il se \u00ab\u00a0pollue\u00a0\u00bb au contact quotidien du monde dur dans lequel il faut jouer des coudes pour survivre (\u00a0 \ud83d\ude42 )*.<\/p>\n<p>Connaissant l&rsquo;\u00e9quilibre familial dans lequel grandissait ce gar\u00e7on, je n&rsquo;ai pas remis en cause son \u00e9ducation, mais le bagage avec lequel il \u00e9tait venu au monde\u00a0: si petit mais d\u00e9j\u00e0 si hargneux\u00a0? Comment cela est-il possible\u00a0?!<\/p>\n<p>Au fur et \u00e0 mesure de mon cheminement, de mes propres exp\u00e9riences et de mes lectures sur la physique quantique, la probabilit\u00e9 est devenue pour moi une \u00e9vidence que mes pens\u00e9es se sont concr\u00e9tis\u00e9es dans mon propre univers, mais aussi qu&rsquo;une partie qui \u00e9chappe \u00e0 mon observation limit\u00e9e par mes cinq sens s&rsquo;est concr\u00e9tis\u00e9e partout ou n&rsquo;importe o\u00f9 dans l&rsquo;univers.<\/p>\n<p>Depuis lors, je veille \u00e0 la \u00ab\u00a0propret\u00e9\u00a0\u00bb de chacune de mes pens\u00e9es afin de ne pas salir mon monde merveilleux, comme j&rsquo;essuie mes pieds ou je me d\u00e9chausse carr\u00e9ment pour entrer dans un endroit propre, de m\u00eame que je mets un papier \u00e0 jeter dans ma poche jusqu&rsquo;\u00e0 la prochaine poubelle ou que je recherche la meilleure fa\u00e7on d&rsquo;\u00e9liminer un produit polluant plut\u00f4t que de le verser dans l&rsquo;eau.<\/p>\n<p>Si chacun envisageait que le magma qui bouillonne dans sa petite cervelle cr\u00e9ait peut-\u00eatre le monde qu&rsquo;il ex\u00e8cre et remplace sa guerre int\u00e9rieure par une paix divine et bienvenue, qui sait\u00a0? peut-\u00eatre tiendrions-nous l\u00e0 un d\u00e9but de tsunami d&rsquo;Amour qui se propagerait partout, sur tout et sur tous\u00a0?! &#8230;<\/p>\n<p>Namast\u00e9<\/p>\n<p>* Cette m\u00e9taphore est tr\u00e8s \u00e9loign\u00e9e de l&rsquo;image que je me fais du monde, vous vous en doutez, vous qui me connaissez &#8230; \ud83d\ude42<\/p>\n","protected":false},"excerpt":{"rendered":"<p>Quelqu&rsquo;un a-t-il vu Dieu incarn\u00e9 homme\u00a0? Dieu-Conscience a cr\u00e9\u00e9 le monde mais Il est l&rsquo;Incr\u00e9\u00e9. Dieu nous a faits \u00e0 son image, mais Dieu n&rsquo;a pas d&rsquo;image (\u00a0!?). Il nous a faits un et multiple, comme si nous \u00e9tions sept milliards de petits morceaux de Dieu-Conscience. Si Dieu-Conscience est cr\u00e9ateur du monde, nous, un sept-milliardi\u00e8me [&hellip;]<\/p>\n","protected":false},"author":1,"featured_media":0,"comment_status":"open","ping_status":"closed","sticky":false,"template":"","format":"standard","meta":{"footnotes":""},"categories":[1],"tags":[],"class_list":["post-352","post","type-post","status-publish","format-standard","hentry","category-non-classe"],"views":681,"_links":{"self":[{"href":"https:\/\/www.centchemins.fr\/index.php?rest_route=\/wp\/v2\/posts\/352","targetHints":{"allow":["GET"]}}],"collection":[{"href":"https:\/\/www.centchemins.fr\/index.php?rest_route=\/wp\/v2\/posts"}],"about":[{"href":"https:\/\/www.centchemins.fr\/index.php?rest_route=\/wp\/v2\/types\/post"}],"author":[{"embeddable":true,"href":"https:\/\/www.centchemins.fr\/index.php?rest_route=\/wp\/v2\/users\/1"}],"replies":[{"embeddable":true,"href":"https:\/\/www.centchemins.fr\/index.php?rest_route=%2Fwp%2Fv2%2Fcomments&post=352"}],"version-history":[{"count":1,"href":"https:\/\/www.centchemins.fr\/index.php?rest_route=\/wp\/v2\/posts\/352\/revisions"}],"predecessor-version":[{"id":353,"href":"https:\/\/www.centchemins.fr\/index.php?rest_route=\/wp\/v2\/posts\/352\/revisions\/353"}],"wp:attachment":[{"href":"https:\/\/www.centchemins.fr\/index.php?rest_route=%2Fwp%2Fv2%2Fmedia&parent=352"}],"wp:term":[{"taxonomy":"category","embeddable":true,"href":"https:\/\/www.centchemins.fr\/index.php?rest_route=%2Fwp%2Fv2%2Fcategories&post=352"},{"taxonomy":"post_tag","embeddable":true,"href":"https:\/\/www.centchemins.fr\/index.php?rest_route=%2Fwp%2Fv2%2Ftags&post=352"}],"curies":[{"name":"wp","href":"https:\/\/api.w.org\/{rel}","templated":true}]}}