{"id":361,"date":"2014-09-12T14:36:05","date_gmt":"2014-09-12T13:36:05","guid":{"rendered":"http:\/\/www.centchemins.fr\/?p=361"},"modified":"2014-12-01T14:41:46","modified_gmt":"2014-12-01T13:41:46","slug":"lequilibre-et-le-battement-du-coeur","status":"publish","type":"post","link":"https:\/\/www.centchemins.fr\/?p=361","title":{"rendered":"L&rsquo;\u00e9quilibre et le battement du coeur"},"content":{"rendered":"<p style=\"text-align: justify;\">L&rsquo;\u00e9quilibre parfait, la ligne horizontale, est le non cr\u00e9\u00e9, le Un qui contient le Tout.<\/p>\n<p style=\"text-align: justify;\">\nDans la mati\u00e8re, dans le cr\u00e9\u00e9, tout a son contraire\u00a0: l&rsquo;ombre a la lumi\u00e8re, le blanc a le noir, le bien a le mal.<\/p>\n<p style=\"text-align: justify;\">\nLa mati\u00e8re est de l&rsquo;\u00e9nergie plus ou moins dense\u00a0; le rocher a une forte densit\u00e9 et une vibration lente, le r\u00e8gne du \u00ab\u00a0vivant\u00a0\u00bb* v\u00e9g\u00e9tal, animal, humain, a une densit\u00e9 moindre et une vibration plus rapide.<\/p>\n<p style=\"text-align: justify;\">Plus on s&rsquo;\u00e9loigne du \u00ab\u00a0solide\u00a0\u00bb plus les vibrations s&rsquo;\u00e9l\u00e8vent.<\/p>\n<p style=\"text-align: justify;\">Dans tout le cr\u00e9\u00e9, il y a ce mouvement de balancier \u00ab\u00a0densit\u00e9-vibrations\u00a0\u00bb r\u00e9git par des lois absolues. Tout vibre, m\u00eame notre plan\u00e8te vibre.<\/p>\n<p style=\"text-align: justify;\">\nDans le centre de Tout il y a le Un, le coeur de toute manifestation, qui contient le Tout.<\/p>\n<p style=\"text-align: justify;\">\nPlus nous nous en \u00e9loignons et plus nous entrons dans la mati\u00e8re, dans le mouvement, contenue par \u00ab\u00a0une \u00e9corce\u00a0\u00bb\u00a0: notre corps est une \u00e9corce qui contient la Vie, le tronc de l&rsquo;arbre contient sa s\u00e8ve, la cellule contient son noyau.<\/p>\n<p style=\"text-align: justify;\">\nLa mati\u00e8re est mouvement int\u00e9rieur-ext\u00e9rieur, un balancier parfait, une g\u00e9niale \u00ab\u00a0machine \u00e0 Tinguely*\u00a0\u00bb, la plus pr\u00e9cise des montres suisses \ud83d\ude09 .<\/p>\n<p style=\"text-align: justify;\">\nToute mati\u00e8re est \u00e9nergie, donc mouvement, donc vibrations.<\/p>\n<p style=\"text-align: justify;\">\nQuand il y a d\u00e9s\u00e9quilibre dans ce mouvement de balancier, la \u00ab\u00a0<em>mal-a-dit\u00a0<\/em>\u00bb survient, quelle que soit la densit\u00e9 de la mati\u00e8re\u00a0: l&rsquo;arbre peut \u00eatre malade, nous pouvons \u00eatre malades\u00a0\ud83d\ude09 , l&rsquo;oc\u00e9an peut \u00eatre malade, le b\u00e9ton aussi peut \u00eatre malade.<\/p>\n<p style=\"text-align: justify;\">Mais quand l&rsquo;\u00e9quilibre est absolument parfait, les forces contraires s&rsquo;annulent, tout retourne \u00e0 l&rsquo;incr\u00e9\u00e9, la ligne de l&rsquo;\u00e9lectrocardiogramme redevient une ligne horizontale parfaite (par la qui\u00e9tude, nous cherchons \u00e0 toucher ce Nirv\u00e0na du doigt).<\/p>\n<p style=\"text-align: justify;\">\nVoyez-vous le lemniscate, ce mouvement du huit infini\u00a0?<\/p>\n<p style=\"text-align: justify;\">\nDu n\u00e9ant, de l&rsquo;\u00e9quilibre absolu, deux cellules se rencontrent, plongent dans le cr\u00e9\u00e9, dans le mouvement du balancier.<\/p>\n<p style=\"text-align: justify;\">De la liesse de leur union monte ce chant merveilleux<\/p>\n<p style=\"text-align: justify;\">Toc<br \/>\nToc, toc,<br \/>\nToc, toc, toc, toc, toc, toc, &#8230;<\/p>\n<p style=\"text-align: justify;\">On l&rsquo;appelle la Vie,<br \/>\nje l&rsquo;appelle l&rsquo;Amour manifest\u00e9<\/p>\n<p style=\"text-align: justify;\"><em>A mon ami Jacques<\/em><\/p>\n<p style=\"text-align: justify;\"><em>Namast\u00e9<\/em><\/p>\n<p style=\"text-align: justify;\">* Tout le cr\u00e9\u00e9 contient la Vie<br \/>\n* M. Jean Tinguely (1899-1980) a cr\u00e9\u00e9 une machine au mouvement perp\u00e9tuel.<\/p>\n","protected":false},"excerpt":{"rendered":"<p>L&rsquo;\u00e9quilibre parfait, la ligne horizontale, est le non cr\u00e9\u00e9, le Un qui contient le Tout. Dans la mati\u00e8re, dans le cr\u00e9\u00e9, tout a son contraire\u00a0: l&rsquo;ombre a la lumi\u00e8re, le blanc a le noir, le bien a le mal. La mati\u00e8re est de l&rsquo;\u00e9nergie plus ou moins dense\u00a0; le rocher a une forte densit\u00e9 et [&hellip;]<\/p>\n","protected":false},"author":3,"featured_media":0,"comment_status":"open","ping_status":"closed","sticky":false,"template":"","format":"standard","meta":{"footnotes":""},"categories":[1],"tags":[],"class_list":["post-361","post","type-post","status-publish","format-standard","hentry","category-non-classe"],"views":675,"_links":{"self":[{"href":"https:\/\/www.centchemins.fr\/index.php?rest_route=\/wp\/v2\/posts\/361","targetHints":{"allow":["GET"]}}],"collection":[{"href":"https:\/\/www.centchemins.fr\/index.php?rest_route=\/wp\/v2\/posts"}],"about":[{"href":"https:\/\/www.centchemins.fr\/index.php?rest_route=\/wp\/v2\/types\/post"}],"author":[{"embeddable":true,"href":"https:\/\/www.centchemins.fr\/index.php?rest_route=\/wp\/v2\/users\/3"}],"replies":[{"embeddable":true,"href":"https:\/\/www.centchemins.fr\/index.php?rest_route=%2Fwp%2Fv2%2Fcomments&post=361"}],"version-history":[{"count":1,"href":"https:\/\/www.centchemins.fr\/index.php?rest_route=\/wp\/v2\/posts\/361\/revisions"}],"predecessor-version":[{"id":362,"href":"https:\/\/www.centchemins.fr\/index.php?rest_route=\/wp\/v2\/posts\/361\/revisions\/362"}],"wp:attachment":[{"href":"https:\/\/www.centchemins.fr\/index.php?rest_route=%2Fwp%2Fv2%2Fmedia&parent=361"}],"wp:term":[{"taxonomy":"category","embeddable":true,"href":"https:\/\/www.centchemins.fr\/index.php?rest_route=%2Fwp%2Fv2%2Fcategories&post=361"},{"taxonomy":"post_tag","embeddable":true,"href":"https:\/\/www.centchemins.fr\/index.php?rest_route=%2Fwp%2Fv2%2Ftags&post=361"}],"curies":[{"name":"wp","href":"https:\/\/api.w.org\/{rel}","templated":true}]}}