{"id":376,"date":"2014-11-07T15:20:51","date_gmt":"2014-11-07T14:20:51","guid":{"rendered":"http:\/\/www.centchemins.fr\/?p=376"},"modified":"2014-12-01T15:25:54","modified_gmt":"2014-12-01T14:25:54","slug":"les-quatre-saisons","status":"publish","type":"post","link":"https:\/\/www.centchemins.fr\/?p=376","title":{"rendered":"Les quatre saisons"},"content":{"rendered":"<p style=\"text-align: justify;\">Nous sommes de l&rsquo;ordre de la nature, r\u00e9gis par les m\u00eames r\u00e8gles.<\/p>\n<p style=\"text-align: justify;\">\nNous oublions fr\u00e9quemment cette \u00e9vidence toute simple, convaincus de pouvoir tout diriger de nos vies, de nos rythmes, de notre sant\u00e9, dans l&rsquo;illusion de la toute puissance du progr\u00e8s.<\/p>\n<p style=\"text-align: justify;\">\nPetite graine fra\u00eechement plant\u00e9e, nous naissons au printemps de notre vie, quelle que soit la saison.<\/p>\n<p style=\"text-align: justify;\">\nTout petits, cette pouss\u00e9e d&rsquo;\u00e9nergie double notre taille en quatre ans et nous apprend les bases \u00e9l\u00e9mentaires dont nous nous servirons tout au long du chemin\u00a0: l&rsquo;acquisition de la marche, de la parole, de la propret\u00e9.<\/p>\n<p style=\"text-align: justify;\">Comme dans le r\u00e8gne v\u00e9g\u00e9tal, la s\u00e8ve en pleine expansion explose dans nos cellules et nous pousse \u00e0 la vie. Nous apprenons tout avec une facilit\u00e9 d\u00e9concertante.<\/p>\n<p style=\"text-align: justify;\">\nCette p\u00e9riode intense de croissance nous propulse \u00e0 l&rsquo;\u00e9closion, \u00e0 la majest\u00e9 de l&rsquo;\u00e9t\u00e9.<\/p>\n<p style=\"text-align: justify;\">\nNotre \u00e9panouissement est \u00e0 son point culminant.<\/p>\n<p style=\"text-align: justify;\">Nous sommes dans la pleine force de la maturit\u00e9 et d\u00e9gageons tous les sucs, les ar\u00f4mes et la splendeur dont nous sommes capables. Nous butinons, b\u00e2tissons, cr\u00e9ons, telle une ruche en pleine effervescence.<\/p>\n<p style=\"text-align: justify;\">\nPeu \u00e0 peu, notre rythme ralentit, bien que nous fassions la sourde oreille.<\/p>\n<p style=\"text-align: justify;\">Nos exploits ne sont plus si brillants, m\u00eame si nous essayons de nous en convaincre.<\/p>\n<p style=\"text-align: justify;\">Les temps de r\u00e9cup\u00e9ration deviennent plus longs. Nous avons besoin de plus d&rsquo;heures de sommeil. Les \u00ab\u00a0feuilles\u00a0\u00bb de nos t\u00eates changent de couleur, quand elle ne tombent pas carr\u00e9ment !<\/p>\n<p style=\"text-align: justify;\">\nL&rsquo;automne est l\u00e0, mais nous en sommes si peu conscients et reconnaissants, dans les deux sens du terme\u00a0:<\/p>\n<p style=\"text-align: justify;\">\n1.- <em>le premier\u00a0: <\/em>je suis reconnaissant-e \u00e0 la vie des beaux fruits qui m&rsquo;ont \u00e9t\u00e9 donn\u00e9s, je la remercie.<\/p>\n<p style=\"text-align: justify;\">\n2.- <em>le second\u00a0:<\/em> je reconnais que mon rythme ralentit. C&rsquo;est le temps des r\u00e9coltes, des agapes et des grandes f\u00eates de la pl\u00e9nitude de mes \u00ab\u00a0greniers\u00a0\u00bb.<\/p>\n<p style=\"text-align: justify;\">Le calme vient, les jours sont plus courts, le froid s&rsquo;installe.<\/p>\n<p style=\"text-align: justify;\">Nous devenons frileux. Nos cheveux blanchissent et se parent de la plus belle neige.<\/p>\n<p style=\"text-align: justify;\">\nLe temps du faire a disparu. Nous avons \u00e0 \u00eatre maintenant.<\/p>\n<p style=\"text-align: justify;\">L&rsquo;hiver apporte le temps du repos et de la s\u00e9r\u00e9nit\u00e9. Aller contre cette \u00e9vidence nous conduit droit dans un mur.<\/p>\n<p style=\"text-align: justify;\">\nNotre corps donne des soubresauts de jeunesse, mais nous risquons de le fracasser \u00e0 ne pas vouloir le respecter.<\/p>\n<p style=\"text-align: justify;\">Notre pouvoir cr\u00e9atif est encore l\u00e0, mais parfois nos yeux ou la raideur de nos doigts nous freinent dans nos \u00e9lans.<\/p>\n<p style=\"text-align: justify;\">\nC&rsquo;est le temps du bilan, de l&rsquo;introspection, de la r\u00e9flexion.<\/p>\n<p style=\"text-align: justify;\">\nLe d\u00e9ni, les regrets et les remords n&rsquo;apportent que souffrances vaines alors que l&rsquo;acceptation et la gratitude nous conduisent \u00e0 la qui\u00e9tude.<\/p>\n<p style=\"text-align: justify;\">\nAttention jeunesse\u00a0!<\/p>\n<p style=\"text-align: justify;\">\nNe te crois pas hors de ce rythme des saisons de la vie parce que tu tournes \u00e0 plein r\u00e9gime.<\/p>\n<p style=\"text-align: justify;\">\nProfite des ardeurs du li\u00e8vre de la fable* mais acquiers au plus vite la sagesse de la tortue, ta vie n&rsquo;en sera que plus douce et paisible.<\/p>\n<p style=\"text-align: justify;\"><em>Namast\u00e9<\/em><\/p>\n<p style=\"text-align: justify;\">* <em>Le li\u00e8vre et la tortue, Jean de la Fontaine (1621-1695)<\/em><\/p>\n","protected":false},"excerpt":{"rendered":"<p>Nous sommes de l&rsquo;ordre de la nature, r\u00e9gis par les m\u00eames r\u00e8gles. Nous oublions fr\u00e9quemment cette \u00e9vidence toute simple, convaincus de pouvoir tout diriger de nos vies, de nos rythmes, de notre sant\u00e9, dans l&rsquo;illusion de la toute puissance du progr\u00e8s. Petite graine fra\u00eechement plant\u00e9e, nous naissons au printemps de notre vie, quelle que soit [&hellip;]<\/p>\n","protected":false},"author":3,"featured_media":0,"comment_status":"open","ping_status":"closed","sticky":false,"template":"","format":"standard","meta":{"footnotes":""},"categories":[1],"tags":[],"class_list":["post-376","post","type-post","status-publish","format-standard","hentry","category-non-classe"],"views":877,"_links":{"self":[{"href":"https:\/\/www.centchemins.fr\/index.php?rest_route=\/wp\/v2\/posts\/376","targetHints":{"allow":["GET"]}}],"collection":[{"href":"https:\/\/www.centchemins.fr\/index.php?rest_route=\/wp\/v2\/posts"}],"about":[{"href":"https:\/\/www.centchemins.fr\/index.php?rest_route=\/wp\/v2\/types\/post"}],"author":[{"embeddable":true,"href":"https:\/\/www.centchemins.fr\/index.php?rest_route=\/wp\/v2\/users\/3"}],"replies":[{"embeddable":true,"href":"https:\/\/www.centchemins.fr\/index.php?rest_route=%2Fwp%2Fv2%2Fcomments&post=376"}],"version-history":[{"count":1,"href":"https:\/\/www.centchemins.fr\/index.php?rest_route=\/wp\/v2\/posts\/376\/revisions"}],"predecessor-version":[{"id":377,"href":"https:\/\/www.centchemins.fr\/index.php?rest_route=\/wp\/v2\/posts\/376\/revisions\/377"}],"wp:attachment":[{"href":"https:\/\/www.centchemins.fr\/index.php?rest_route=%2Fwp%2Fv2%2Fmedia&parent=376"}],"wp:term":[{"taxonomy":"category","embeddable":true,"href":"https:\/\/www.centchemins.fr\/index.php?rest_route=%2Fwp%2Fv2%2Fcategories&post=376"},{"taxonomy":"post_tag","embeddable":true,"href":"https:\/\/www.centchemins.fr\/index.php?rest_route=%2Fwp%2Fv2%2Ftags&post=376"}],"curies":[{"name":"wp","href":"https:\/\/api.w.org\/{rel}","templated":true}]}}