{"id":378,"date":"2014-11-13T15:27:20","date_gmt":"2014-11-13T14:27:20","guid":{"rendered":"http:\/\/www.centchemins.fr\/?p=378"},"modified":"2014-12-01T15:32:09","modified_gmt":"2014-12-01T14:32:09","slug":"la-colere","status":"publish","type":"post","link":"https:\/\/www.centchemins.fr\/?p=378","title":{"rendered":"La col\u00e8re"},"content":{"rendered":"<p style=\"text-align: justify;\">Je suis tr\u00e8s en col\u00e8re\u00a0!<\/p>\n<p style=\"text-align: justify;\">\nVraiment\u00a0! <em>Je suis hors de moi\u00a0!!!\u00a0 \ud83d\ude41<br \/>\n<\/em><\/p>\n<p style=\"text-align: justify;\">\n<em>Hors de moi\u00a0!?<\/em><\/p>\n<p style=\"text-align: justify;\">\nMais alors\u00a0? Qui est en moi lorsque je n&rsquo;y suis plus\u00a0?!<\/p>\n<p style=\"text-align: justify;\">\nLe langage populaire rec\u00e8le de milliers de perles de sagesse que nous employons sans y r\u00e9fl\u00e9chir\u00a0:<\/p>\n<p style=\"text-align: justify;\">\n\u00ab\u00a0j&rsquo;en ai plein le dos\u00a0\u00bb<\/p>\n<p style=\"text-align: justify;\">\n\u00ab\u00a0\u00e7a me prend la t\u00eate\u00a0\u00bb<\/p>\n<p style=\"text-align: justify;\">\n\u00ab\u00a0je me fais du mauvais sang\u00a0\u00bb<\/p>\n<p style=\"text-align: justify;\">\n\u00ab\u00a0\u00e7a me tord les tripes\u00a0\u00bb<\/p>\n<p style=\"text-align: justify;\">\netc.<\/p>\n<p style=\"text-align: justify;\">\nLa col\u00e8re me projette v\u00e9ritablement \u00e0 l&rsquo;ext\u00e9rieur de mon centre, l\u00e0 o\u00f9 le calme et la qui\u00e9tude r\u00e8gne.<\/p>\n<p style=\"text-align: justify;\">\nLes vibrations que je cherche \u00e0 \u00e9lever par la pri\u00e8re, la m\u00e9ditation, le sport, les ballades en pleine nature, selon mes ressentis ou ma culture, descendent d&rsquo;un coup, \u00e0 un niveau qui me rend \u00ab\u00a0tr\u00e8s mal dans ma peau\u00a0\u00bb.<\/p>\n<p style=\"text-align: justify;\">\nEn prendre conscience sans culpabilit\u00e9 est un premier pas important. La col\u00e8re est un sentiment humain.<\/p>\n<p style=\"text-align: justify;\">\nChercher \u00e0 y \u00e9chapper ou la nier revient \u00e0 lui donner beaucoup trop de place en nous.<\/p>\n<p style=\"text-align: justify;\">\nLa percevoir, la ressentir et lui donner un moyen de s&rsquo;exprimer qui ne soit pas destructeur permet de s&rsquo;en lib\u00e9rer\u00a0: taper dans un coussin, crier sa rage loin de toute \u00e9coute, permet de lib\u00e9rer le corps de la surtension produite.<\/p>\n<p style=\"text-align: justify;\">\nEnsuite, revenir sur le mot, l&rsquo;attitude, l&rsquo;\u00e9v\u00e9nement \u00ab\u00a0qui nous a fait monter les tours\u00a0\u00bb permet de mettre le doigt sur une partie de nous qui demande \u00e0 \u00eatre entendue, comprise et d\u00e9pass\u00e9e.<\/p>\n<p style=\"text-align: justify;\">Nous devenons notre propre \u00e9l\u00e8ve et notre meilleur ma\u00eetre.<\/p>\n<p style=\"text-align: justify;\">\nSi nous n&rsquo;y parvenons pas seul-e, il est parfois bon de chercher \u00ab\u00a0un miroir\u00a0\u00bb qui nous aidera \u00e0 &#8230; r\u00e9fl\u00e9chir\u00a0 \ud83d\ude09\u00a0 ! th\u00e9rapeute ou ami-e.<\/p>\n<p style=\"text-align: justify;\">\nQu&rsquo;est-ce qui a provoqu\u00e9 ma col\u00e8re\u00a0?<\/p>\n<p style=\"text-align: justify;\">\nQuelle-s attentes ou frustrations se cachent derri\u00e8re cette \u00e9motion forte\u00a0?<\/p>\n<p style=\"text-align: justify;\">\nRevenir sur cet instant est important afin de \u00ab\u00a0d\u00e9samorcer\u00a0\u00bb le d\u00e9tonateur. Tant qu&rsquo;il n&rsquo;est pas d\u00e9mystifier, il peut \u00eatre r\u00e9activ\u00e9 \u00e0 tout instant.<\/p>\n<p style=\"text-align: justify;\">\nPermettre ce travail d&rsquo;introspection permet aussi de prendre conscience de toutes les informations ext\u00e9rieures m\u00e9diatiques qui cherchent, volontairement ou involontairement, \u00e0 me mettre \u00ab\u00a0hors de moi\u00a0\u00bb.<\/p>\n<p style=\"text-align: justify;\">\nQuand je suis hors de moi, je permets \u00e0 une multitudes d&rsquo;\u00e9motions et de ressentis n\u00e9gatifs de s&rsquo;installer en moi. Mon c\u0153ur s&rsquo;acc\u00e9l\u00e8re, mon estomac se crispe, je respire difficilement, je deviens rouge \u00e9carlate.<\/p>\n<p style=\"text-align: justify;\">\nIl me faut ensuite une grande force de caract\u00e8re et une grande discipline pour revenir au calme.<\/p>\n<p style=\"text-align: justify;\">\nEst-il justifi\u00e9 de me faire autant de mal\u00a0?<\/p>\n<p style=\"text-align: justify;\">\nMon attitude va-t-elle faire progresser la situation ou au contraire va-t-elle involuer\u00a0?<\/p>\n<p style=\"text-align: justify;\">\nJe me sers de cette \u00ab\u00a0explosion\u00a0\u00bb pour en faire un point d&rsquo;appui de mes r\u00e9flexions, de la prise de conscience de ce que mes organes sont li\u00e9s \u00e0 mes pens\u00e9es, si \u00e9troitement qu&rsquo;ils me disent \u00e0 leur fa\u00e7on o\u00f9 se trouvent mes limites \u00e0 ne pas d\u00e9passer.<\/p>\n<p style=\"text-align: justify;\">\nJe me sers d&rsquo;une \u00e9preuve pour grandir, apprendre \u00e0 mieux me conna\u00eetre et faire la paix avec moi seul-e.<\/p>\n<p style=\"text-align: justify;\">\n<em>Namast\u00e9<\/em><\/p>\n","protected":false},"excerpt":{"rendered":"<p>Je suis tr\u00e8s en col\u00e8re\u00a0! Vraiment\u00a0! Je suis hors de moi\u00a0!!!\u00a0 \ud83d\ude41 Hors de moi\u00a0!? Mais alors\u00a0? Qui est en moi lorsque je n&rsquo;y suis plus\u00a0?! Le langage populaire rec\u00e8le de milliers de perles de sagesse que nous employons sans y r\u00e9fl\u00e9chir\u00a0: \u00ab\u00a0j&rsquo;en ai plein le dos\u00a0\u00bb \u00ab\u00a0\u00e7a me prend la t\u00eate\u00a0\u00bb \u00ab\u00a0je me fais [&hellip;]<\/p>\n","protected":false},"author":3,"featured_media":0,"comment_status":"open","ping_status":"closed","sticky":false,"template":"","format":"standard","meta":{"footnotes":""},"categories":[1],"tags":[],"class_list":["post-378","post","type-post","status-publish","format-standard","hentry","category-non-classe"],"views":668,"_links":{"self":[{"href":"https:\/\/www.centchemins.fr\/index.php?rest_route=\/wp\/v2\/posts\/378","targetHints":{"allow":["GET"]}}],"collection":[{"href":"https:\/\/www.centchemins.fr\/index.php?rest_route=\/wp\/v2\/posts"}],"about":[{"href":"https:\/\/www.centchemins.fr\/index.php?rest_route=\/wp\/v2\/types\/post"}],"author":[{"embeddable":true,"href":"https:\/\/www.centchemins.fr\/index.php?rest_route=\/wp\/v2\/users\/3"}],"replies":[{"embeddable":true,"href":"https:\/\/www.centchemins.fr\/index.php?rest_route=%2Fwp%2Fv2%2Fcomments&post=378"}],"version-history":[{"count":1,"href":"https:\/\/www.centchemins.fr\/index.php?rest_route=\/wp\/v2\/posts\/378\/revisions"}],"predecessor-version":[{"id":379,"href":"https:\/\/www.centchemins.fr\/index.php?rest_route=\/wp\/v2\/posts\/378\/revisions\/379"}],"wp:attachment":[{"href":"https:\/\/www.centchemins.fr\/index.php?rest_route=%2Fwp%2Fv2%2Fmedia&parent=378"}],"wp:term":[{"taxonomy":"category","embeddable":true,"href":"https:\/\/www.centchemins.fr\/index.php?rest_route=%2Fwp%2Fv2%2Fcategories&post=378"},{"taxonomy":"post_tag","embeddable":true,"href":"https:\/\/www.centchemins.fr\/index.php?rest_route=%2Fwp%2Fv2%2Ftags&post=378"}],"curies":[{"name":"wp","href":"https:\/\/api.w.org\/{rel}","templated":true}]}}