{"id":390,"date":"2015-01-11T13:40:45","date_gmt":"2015-01-11T12:40:45","guid":{"rendered":"http:\/\/www.centchemins.fr\/?p=390"},"modified":"2015-01-11T13:42:40","modified_gmt":"2015-01-11T12:42:40","slug":"lacher-nos-certitudes","status":"publish","type":"post","link":"https:\/\/www.centchemins.fr\/?p=390","title":{"rendered":"L\u00e2cher nos certitudes"},"content":{"rendered":"<p style=\"text-align: justify;\">Au nom de nos certitudes, nous pouvons tuer.<\/p>\n<p style=\"text-align: justify;\">Les \u00e9v\u00e9nements r\u00e9cents en France nous en donnent tristement la preuve.<\/p>\n<p style=\"text-align: justify;\">Je suis tellement convaincu-e que les pr\u00e9ceptes qui m&rsquo;ont \u00e9t\u00e9 enseign\u00e9s sont la seule r\u00e9alit\u00e9 que je peux d\u00e9truire tout ce qui ne s&rsquo;y accorde pas.<\/p>\n<p style=\"text-align: justify;\">Et je tue au nom d&rsquo;une <em>pens\u00e9e<\/em>.<\/p>\n<p style=\"text-align: justify;\">Cette <em>pens\u00e9e<\/em> m&rsquo;a \u00e9t\u00e9 inculqu\u00e9e \u00e0 mon premier souffle, de l&rsquo;ext\u00e9rieur \u00e0 mon centre. Mais pour prendre corps, il fallait que mon centre soit pr\u00eat \u00e0 l&rsquo;accueillir, comme une graine pour germer et cro\u00eetre doit trouver un bon terreau.<\/p>\n<p style=\"text-align: justify;\">Mes convictions sont la r\u00e9union de deux courants\u00a0: le courant ext\u00e9rieur qui s&rsquo;enracine en moi et le courant int\u00e9rieur qui int\u00e8gre, fait prosp\u00e9rer, s&rsquo;accroche et ne l\u00e2che plus cette pens\u00e9e qui devient ma raison d&rsquo;\u00eatre.<\/p>\n<p style=\"text-align: justify;\">Je ne suis plus un \u00ab\u00a0\u00eatre\u00a0\u00bb humain, je suis un concept.<\/p>\n<p style=\"text-align: justify;\">Plus rien n&rsquo;existe autour de moi que mes certitudes, mes focalisations.<\/p>\n<p style=\"text-align: justify;\">En mon centre, il n&rsquo;y a plus que ce concept pour lequel je suis pr\u00eat-e \u00e0 tout.<\/p>\n<p style=\"text-align: justify;\">\n<p style=\"text-align: justify;\">Je ne tente pas aujourd&rsquo;hui d&rsquo;analyser un fait d&rsquo;actualit\u00e9. J&rsquo;essaye seulement de me saisir de cet \u00e9v\u00e9nement dramatique pour \u00e9lever ma conscience.<\/p>\n<p style=\"text-align: justify;\">Tout ce \u00e0 quoi je m&rsquo;accroche me d\u00e9truit.<\/p>\n<p style=\"text-align: justify;\">La vie est mouvement infini.<\/p>\n<p style=\"text-align: justify;\">Mes pens\u00e9es glissent dans mon esprit, comme des saumons dans une rivi\u00e8re.<\/p>\n<p style=\"text-align: justify;\">Il para\u00eet que nous pouvons avoir jusqu&rsquo;\u00e0 trente mille pens\u00e9es par jour\u00a0! (Pas \u00e9tonnant que nous nous sentions \u00e9puis\u00e9s parfois \u2026)<\/p>\n<p style=\"text-align: justify;\">Il en est certaines que je ne veux pas l\u00e2cher, car je suis convaincu-e que je n&rsquo;existe que par elles.<\/p>\n<p style=\"text-align: justify;\">Je me limite dans mes certitudes, mes habitudes, car elles me rassurent.<\/p>\n<p style=\"text-align: justify;\">La vision que j&rsquo;ai de moi-m\u00eame m&rsquo;appartient.<\/p>\n<p style=\"text-align: justify;\">Mais il y a fort \u00e0 parier que si je comparais ce que je <em>pense<\/em> de moi avec ce que pensent de moi dix autres, cent autres personnes, il y aurait tr\u00e8s peu de correspondances.<\/p>\n<p style=\"text-align: justify;\">Et pourtant, je m&rsquo;accroche \u00e0 mon image, \u00e0 ma personnalit\u00e9, \u00e0 mes pens\u00e9es, \u00e0 mes convictions, \u00e0 mes habitudes, qui m&rsquo;enferment mieux qu&rsquo;une prison et au mieux me rassurent, mais au pire me d\u00e9truisent.<\/p>\n<p style=\"text-align: justify;\">Cette unique <em>pens\u00e9e<\/em> que j&rsquo;ai de moi-m\u00eame m&rsquo;\u00e9loigne de tous les champs des possibles.<\/p>\n<p style=\"text-align: justify;\">Si je me sentais infini-e, je ne me limiterais pas \u00e0 ma <em>pens\u00e9e<\/em> focalis\u00e9e de moi-m\u00eame.<\/p>\n<p style=\"text-align: justify;\">Ma <em>pens\u00e9e<\/em> m&rsquo;enferme, la vie m&rsquo;envole.<\/p>\n<p style=\"text-align: justify;\">Quand je r\u00e9siste au mouvement, au changement, je me casse.<\/p>\n<p style=\"text-align: justify;\">Ma pens\u00e9e existe comme un pieu vertical et statique alors que la vie est des six directions et mouvance.<\/p>\n<p style=\"text-align: justify;\">Mais il y a pire situation\u00a0: celle de n&rsquo;avoir aucune pens\u00e9e de moi-m\u00eame que celles qu&rsquo;on m&rsquo;a inculqu\u00e9es.<\/p>\n<p style=\"text-align: justify;\">Je me suis laiss\u00e9-e conditionn\u00e9-e par des paroles fortes, des jugements, des dogmes et j&rsquo;agis comme un petit robot au nom de ces pens\u00e9es ext\u00e9rieures.<\/p>\n<p style=\"text-align: justify;\">Je suis une bombe \u00e0 retardement\u00a0: une seule atteinte \u00e0 mon univers et je vous saute \u00e0 la gorge.<\/p>\n<p style=\"text-align: justify;\">Nous jugeons des faits ext\u00e9rieurs, mais combien de nous sont pr\u00eats \u00e0 rentrer dans une col\u00e8re noire si une seule de leurs certitudes venait \u00e0 \u00eatre mise en doute\u00a0?<\/p>\n<p style=\"text-align: justify;\">Combien tombent en d\u00e9pression pour une seule habitude remise en cause\u00a0?<\/p>\n<p style=\"text-align: justify;\">Nous nous cassons tous un jour ou l&rsquo;autre le nez sur une porte ferm\u00e9e, sans comprendre que cette porte n&rsquo;existe que dans notre <em>pens\u00e9e<\/em> et qu&rsquo;elle est tellement coll\u00e9e \u00e0 nos yeux que nous ne voyons pas derri\u00e8re, autour, en- dessus et au-dessous <strong>l&rsquo;Infini\u00a0!<\/strong><\/p>\n<p style=\"text-align: justify;\">Il n&rsquo;y avait qu&rsquo;\u00e0 prendre du recul ou de la hauteur et \u00e0 se dire\u00a0:<\/p>\n<p style=\"text-align: justify;\">&#8211; Et si ma pens\u00e9e n&rsquo;\u00e9tait pas la bonne\u00a0? Et si mes convictions \u00e9taient erron\u00e9es, qu&rsquo;en ressortirait-il\u00a0? Et si le domaine \u00e9tait si vaste qu&rsquo;il m&rsquo;est impossible de l&rsquo;appr\u00e9hender dans son entier\u00a0?! <em>Et si j&rsquo;ouvrais mon esprit\u00a0!!!<\/em><\/p>\n<p style=\"text-align: justify;\"><strong><em>Namast\u00e9<\/em> <\/strong><\/p>\n","protected":false},"excerpt":{"rendered":"<p>Au nom de nos certitudes, nous pouvons tuer. Les \u00e9v\u00e9nements r\u00e9cents en France nous en donnent tristement la preuve. Je suis tellement convaincu-e que les pr\u00e9ceptes qui m&rsquo;ont \u00e9t\u00e9 enseign\u00e9s sont la seule r\u00e9alit\u00e9 que je peux d\u00e9truire tout ce qui ne s&rsquo;y accorde pas. Et je tue au nom d&rsquo;une pens\u00e9e. Cette pens\u00e9e m&rsquo;a [&hellip;]<\/p>\n","protected":false},"author":3,"featured_media":0,"comment_status":"open","ping_status":"closed","sticky":false,"template":"","format":"standard","meta":{"footnotes":""},"categories":[1],"tags":[],"class_list":["post-390","post","type-post","status-publish","format-standard","hentry","category-non-classe"],"views":765,"_links":{"self":[{"href":"https:\/\/www.centchemins.fr\/index.php?rest_route=\/wp\/v2\/posts\/390","targetHints":{"allow":["GET"]}}],"collection":[{"href":"https:\/\/www.centchemins.fr\/index.php?rest_route=\/wp\/v2\/posts"}],"about":[{"href":"https:\/\/www.centchemins.fr\/index.php?rest_route=\/wp\/v2\/types\/post"}],"author":[{"embeddable":true,"href":"https:\/\/www.centchemins.fr\/index.php?rest_route=\/wp\/v2\/users\/3"}],"replies":[{"embeddable":true,"href":"https:\/\/www.centchemins.fr\/index.php?rest_route=%2Fwp%2Fv2%2Fcomments&post=390"}],"version-history":[{"count":2,"href":"https:\/\/www.centchemins.fr\/index.php?rest_route=\/wp\/v2\/posts\/390\/revisions"}],"predecessor-version":[{"id":392,"href":"https:\/\/www.centchemins.fr\/index.php?rest_route=\/wp\/v2\/posts\/390\/revisions\/392"}],"wp:attachment":[{"href":"https:\/\/www.centchemins.fr\/index.php?rest_route=%2Fwp%2Fv2%2Fmedia&parent=390"}],"wp:term":[{"taxonomy":"category","embeddable":true,"href":"https:\/\/www.centchemins.fr\/index.php?rest_route=%2Fwp%2Fv2%2Fcategories&post=390"},{"taxonomy":"post_tag","embeddable":true,"href":"https:\/\/www.centchemins.fr\/index.php?rest_route=%2Fwp%2Fv2%2Ftags&post=390"}],"curies":[{"name":"wp","href":"https:\/\/api.w.org\/{rel}","templated":true}]}}