{"id":402,"date":"2015-02-09T22:02:19","date_gmt":"2015-02-09T21:02:19","guid":{"rendered":"http:\/\/www.centchemins.fr\/?p=402"},"modified":"2015-02-09T22:02:19","modified_gmt":"2015-02-09T21:02:19","slug":"ma-pensee-est-comme-un-petit-enfant","status":"publish","type":"post","link":"https:\/\/www.centchemins.fr\/?p=402","title":{"rendered":"Ma pens\u00e9e est comme un petit enfant"},"content":{"rendered":"<p style=\"text-align: justify;\">Livr\u00e9 \u00e0 lui-m\u00eame, il devient capricieux, hyperactif ou apathique et col\u00e9reux. Sans \u00e9ducation, il part dans tous les sens et me tyrannise.<\/p>\n<p style=\"text-align: justify;\">\nTant que je n&rsquo;ai pas pris conscience que je peux \u00e9duquer ma pens\u00e9e, elle part dans tous les sens et me tyrannise.<\/p>\n<p style=\"text-align: justify;\">\nIl en ressort principalement des peurs incontr\u00f4lables et infond\u00e9es.<\/p>\n<p style=\"text-align: justify;\">\nLa plupart du temps, mes peurs sont le fruit de mon imagination. Alors que cette \u00e9motion, la peur, nous a \u00e9t\u00e9 donn\u00e9e pour percevoir un r\u00e9el danger qui menace notre vie, dans les mains de ma pens\u00e9e livr\u00e9e \u00e0 elle-m\u00eame, elle devient une arme qui se retourne contre moi.<\/p>\n<p style=\"text-align: justify;\">\nBien au chaud dans mon lit, j&rsquo;ai peur de mon voisin agressif, de la crise qui menace mon confort, des pr\u00e9tendues pand\u00e9mies qu&rsquo;on nous brandit sous le nez r\u00e9guli\u00e8rement, et de mille maux hypoth\u00e9tiques.<\/p>\n<p style=\"text-align: justify;\">\nJe suis seulement <em>inconscient-e<\/em> que je suis bien au chaud dans mon lit et qu&rsquo;ici et maintenant rien ne peut m&rsquo;arriver.<\/p>\n<p style=\"text-align: justify;\">\nJ&rsquo;ai juste laiss\u00e9 ma pens\u00e9e partir en vrille\u00a0 \ud83d\ude09 .<\/p>\n<p style=\"text-align: justify;\">\nComme un petit enfant au caract\u00e8re bien tremp\u00e9 avec qui il faudra du temps, de la patience, de la fermet\u00e9 et beaucoup d&rsquo;amour, il me faudra du temps, de la patience, de la fermet\u00e9 et beaucoup d&rsquo;amour pour \u00e9duquer ma pens\u00e9e alors que je ne savais m\u00eame pas il y a un instant que je pouvais l&rsquo;\u00e9duquer.<\/p>\n<p style=\"text-align: justify;\">\nMon regard me donne une vision et une perception de tout ce qui est <em>ext\u00e9rieur<\/em> \u00e0 moi. Il me donne un avis sur ce qu&rsquo;il faudrait changer d&rsquo;ext\u00e9rieur selon moi pour \u00eatre heureux-se.<\/p>\n<p style=\"text-align: justify;\">\nTous mes sens, la plupart du temps, sont tourn\u00e9s vers l&rsquo;ext\u00e9rieur, car depuis notre premier souffle, on nous enseigne \u00e0 faire.<\/p>\n<p style=\"text-align: justify;\">\nLe <em>faire<\/em> c&rsquo;est <em>l&rsquo;ext\u00e9rieur<\/em>.<\/p>\n<p style=\"text-align: justify;\">\nA ma connaissance, un seul petit enfant sur Terre a une chance inou\u00efe, c&rsquo;est le futur rempla\u00e7ant du Dala\u00ef-Lama; \u00e0 lui, on lui apprend \u00e0 \u00eatre\u00a0!\u00a0:<\/p>\n<p style=\"text-align: justify;\">\n&#8211; <em>je suis<\/em> la r\u00e9incarnation de la sagesse<\/p>\n<p style=\"text-align: justify;\">\n&#8211;<em> je suis<\/em> la repr\u00e9sentation mat\u00e9rialis\u00e9e du Savoir Absolu.<\/p>\n<p style=\"text-align: justify;\">\nSelon le principe du Un dont nous <em>sommes<\/em> tous sans exception, <em>je suis<\/em> moi aussi, Claudine, cinquante-cinq ans, citoyenne du monde \u00e0 peau blanche, la r\u00e9incarnation de la sagesse, la repr\u00e9sentation du Savoir Absolu, mais personne ne me l&rsquo;a appris, personne ne me l&rsquo;a dit, parce que personne ne le savait.<\/p>\n<p style=\"text-align: justify;\">\n&#8211; dis bonjour \u00e0 la dame<\/p>\n<p style=\"text-align: justify;\">\n&#8211; lave-toi les mains<\/p>\n<p style=\"text-align: justify;\">\n&#8211; fais tes devoirs<\/p>\n<p style=\"text-align: justify;\">\n&#8211; ne tire pas la langue \u00e0 ta s\u0153ur \u2026 \ud83d\ude09 .<\/p>\n<p style=\"text-align: justify;\">\nToutes les consignes que j&rsquo;ai re\u00e7ues de mes parents que j&rsquo;affectionne beaucoup et de mes enseignants, toutes ces personnes que je remercie du fond du c\u0153ur ne savaient pas qu&rsquo;on pouvait aussi <em>\u00eatre<\/em>, tout simplement, merveilleusement, <em>\u00eatre<\/em>.<\/p>\n<p style=\"text-align: justify;\">Comme ce petit, futur Dala\u00ef-lama, qui apprend tout d&rsquo;abord \u00e0 <em>\u00eatre<\/em>, pour ensuite faire dans la conscience du <em>je suis<\/em>.<\/p>\n<p style=\"text-align: justify;\">\nTout ce que je fais dans la conscience du <em>je suis<\/em> prend une toute autre dimension. Je ne peux plus faire le mal car <em>je suis<\/em>, je ne peux plus juger car<em> je suis<\/em>, je ne peux plus ha\u00efr car <em>je suis.<\/em><\/p>\n<p style=\"text-align: justify;\">\nMa grande chance a \u00e9t\u00e9 que ma pens\u00e9e parte compl\u00e8tement en vrille \u00e0 vingt-six ans et m&rsquo;entra\u00eene dans une profonde <em>d\u00e9-pression<\/em> qui a dur\u00e9 trois ans, mais dont il m&rsquo;a fallu dix ans pour m&rsquo;en extraire totalement.<\/p>\n<p style=\"text-align: justify;\">\nJe coupe sciemment le mot d\u00e9pression en deux, car cet \u00e9pisode douloureux m&rsquo;a totalement coup\u00e9e de la <em>pression<\/em> du <em>faire<\/em>. D&rsquo;ailleurs, toute personne d\u00e9pressive sait qu&rsquo;elle a tous les maux \u00e0 faire, m\u00eame les plus basiques des gestes quotidiens.<\/p>\n<p style=\"text-align: justify;\">\nCoup\u00e9e de tous mes <em>faire<\/em>, j&rsquo;avais deux options\u00a0:<\/p>\n<p style=\"text-align: justify;\">\n1) m&rsquo;\u00f4ter la vie devenue inutile (mais l&rsquo;id\u00e9e de laisser deux adorables petits orphelins que j&rsquo;aime plus que moi-m\u00eame m&rsquo;a sauv\u00e9e)<\/p>\n<p style=\"text-align: justify;\">\nou 2) me reconstruire, mais dans quelle dimension\u00a0?!<\/p>\n<p style=\"text-align: justify;\">\nDans <em>l&rsquo;\u00eatre<\/em> (je remercie l&rsquo;ami qui m&rsquo;a fait conna\u00eetre alors cette possibilit\u00e9).<\/p>\n<p style=\"text-align: justify;\">\nJe le sais maintenant avec le recul de l&rsquo;exp\u00e9rience que nous n&rsquo;avons que ces deux options\u00a0: <em>faire<\/em> et-ou <em>\u00eatre<\/em>, mais \u00e0 l&rsquo;\u00e9poque c&rsquo;\u00e9tait le brouillard total sur ce nouveau chemin inconnu de mes \u00ab\u00a0\u00e9ducateurs\u00a0\u00bb et de moi par voie de cons\u00e9quence.<\/p>\n<p style=\"text-align: justify;\">\nLe <em>\u00ab\u00a0je suis\u00a0\u00bb<\/em> a ceci de merveilleux que nous ne sommes plus jamais seuls-es <em>(\u00e0 d\u00e9velopper dans un prochain texte peut-\u00eatre).<\/em><\/p>\n<p style=\"text-align: justify;\">\nIl s&rsquo;agit tout d&rsquo;abord de fermer totalement mon regard sur l&rsquo;<em>ext\u00e9rieur<\/em> et de le tourner \u00e0 l&rsquo;<em>int\u00e9rieur<\/em> de moi.<\/p>\n<p style=\"text-align: justify;\">\nLes premi\u00e8res fois surprennent\u00a0: c&rsquo;est quoi ce capharna\u00fcm\u00a0? c&rsquo;est quoi ce brouhaha\u00a0? Oh l\u00e0\u00a0! on se calme l\u00e0-dedans\u00a0!\u00a0 \ud83d\ude09<\/p>\n<p style=\"text-align: justify;\">\nPetit \u00e0 petit, je prends conscience de ma respiration, de mon coeur qui bat sans que je n&rsquo;ai rien \u00e0 faire et tout \u00e0 coup je l&rsquo;aper\u00e7ois ce vilain gamin qui fait tant de bazar\u00a0: Ma Pens\u00e9e\u00a0! celle qui g\u00e9n\u00e8re jusqu&rsquo;\u00e0 trente mille pens\u00e9es par jour\u00a0! Faut-il qu&rsquo;elle en ait de l&rsquo;\u00e9nergie \u00e0 gaspiller celle-l\u00e0\u00a0!\u00a0 \ud83d\ude09<\/p>\n<p style=\"text-align: justify;\">\nPas \u00e0 pas, je deviens amie avec elle, pas \u00e0 pas je souris de ses b\u00eatises et de ses tentatives de prise de pouvoir.<\/p>\n<p style=\"text-align: justify;\">\n&#8211; Tss, tss, ma cocotte\u00a0! Dor\u00e9navant, je suis vigilant-e\u00a0! Je ne t&rsquo;autorise plus tes caprices\u00a0!<\/p>\n<p style=\"text-align: center;\">\n<strong>Je suis<\/strong><\/p>\n<p style=\"text-align: justify;\">\net dans cette dimension <em>je suis<\/em> l&rsquo;univers tout entier.<\/p>\n<p style=\"text-align: justify;\">\n<em>(Merci Maria, avec toute ma tendresse)<\/em><\/p>\n<p style=\"text-align: justify;\">\nNamast\u00e9<\/p>\n","protected":false},"excerpt":{"rendered":"<p>Livr\u00e9 \u00e0 lui-m\u00eame, il devient capricieux, hyperactif ou apathique et col\u00e9reux. Sans \u00e9ducation, il part dans tous les sens et me tyrannise. Tant que je n&rsquo;ai pas pris conscience que je peux \u00e9duquer ma pens\u00e9e, elle part dans tous les sens et me tyrannise. Il en ressort principalement des peurs incontr\u00f4lables et infond\u00e9es. La plupart [&hellip;]<\/p>\n","protected":false},"author":3,"featured_media":0,"comment_status":"open","ping_status":"closed","sticky":false,"template":"","format":"standard","meta":{"footnotes":""},"categories":[1],"tags":[],"class_list":["post-402","post","type-post","status-publish","format-standard","hentry","category-non-classe"],"views":794,"_links":{"self":[{"href":"https:\/\/www.centchemins.fr\/index.php?rest_route=\/wp\/v2\/posts\/402","targetHints":{"allow":["GET"]}}],"collection":[{"href":"https:\/\/www.centchemins.fr\/index.php?rest_route=\/wp\/v2\/posts"}],"about":[{"href":"https:\/\/www.centchemins.fr\/index.php?rest_route=\/wp\/v2\/types\/post"}],"author":[{"embeddable":true,"href":"https:\/\/www.centchemins.fr\/index.php?rest_route=\/wp\/v2\/users\/3"}],"replies":[{"embeddable":true,"href":"https:\/\/www.centchemins.fr\/index.php?rest_route=%2Fwp%2Fv2%2Fcomments&post=402"}],"version-history":[{"count":1,"href":"https:\/\/www.centchemins.fr\/index.php?rest_route=\/wp\/v2\/posts\/402\/revisions"}],"predecessor-version":[{"id":403,"href":"https:\/\/www.centchemins.fr\/index.php?rest_route=\/wp\/v2\/posts\/402\/revisions\/403"}],"wp:attachment":[{"href":"https:\/\/www.centchemins.fr\/index.php?rest_route=%2Fwp%2Fv2%2Fmedia&parent=402"}],"wp:term":[{"taxonomy":"category","embeddable":true,"href":"https:\/\/www.centchemins.fr\/index.php?rest_route=%2Fwp%2Fv2%2Fcategories&post=402"},{"taxonomy":"post_tag","embeddable":true,"href":"https:\/\/www.centchemins.fr\/index.php?rest_route=%2Fwp%2Fv2%2Ftags&post=402"}],"curies":[{"name":"wp","href":"https:\/\/api.w.org\/{rel}","templated":true}]}}