{"id":404,"date":"2015-02-15T18:29:51","date_gmt":"2015-02-15T17:29:51","guid":{"rendered":"http:\/\/www.centchemins.fr\/?p=404"},"modified":"2015-02-24T18:33:46","modified_gmt":"2015-02-24T17:33:46","slug":"lenfermement","status":"publish","type":"post","link":"https:\/\/www.centchemins.fr\/?p=404","title":{"rendered":"L&rsquo;enfermement"},"content":{"rendered":"<p style=\"text-align: justify;\">L&rsquo;enfermement, c&rsquo;est quand nous sommes pi\u00e9g\u00e9s dans nos pens\u00e9es, dans \u00ab\u00a0notre\u00a0\u00bb probl\u00e8me.<\/p>\n<p style=\"text-align: justify;\">\nQu&rsquo;il y ait plusieurs points positifs ou n\u00e9gatifs dans notre vie, un seul, r\u00e9current, obs\u00e9dant, prend toute la place, toute notre \u00e9nergie.<\/p>\n<p style=\"text-align: justify;\">\nJe suis dans le contr\u00f4le, je ne sais plus comment l\u00e2cher prise.<\/p>\n<p style=\"text-align: justify;\">\nAlors que les textes pr\u00e9c\u00e9dents renvoient \u00e0 chercher ma solution \u00e0 l&rsquo;int\u00e9rieur de moi (quel que soit le probl\u00e8me, il m&rsquo;est adress\u00e9 \u00e0 moi-seul-e pour ma seule \u00e9volution), l&rsquo;enfermement m&rsquo;apprend que je suis pris-e au pi\u00e8ge de mon ego.<\/p>\n<p style=\"text-align: justify;\">\nDans un d\u00e9s\u00e9quilibre total, je n&rsquo;ai plus aucune conscience de l&rsquo;ext\u00e9rieur, de la vie qui s&rsquo;\u00e9coule inexorablement, avec ou sans moi. En l&rsquo;occurrence, dans ce probl\u00e8me-l\u00e0, c&rsquo;est sans moi.<\/p>\n<p style=\"text-align: justify;\">\nO\u00f9 que je me tourne, je me heurte \u00e0 un mur.<\/p>\n<p style=\"text-align: justify;\">\nLe mur de la prison que j&rsquo;ai construit seul-e.<\/p>\n<p style=\"text-align: justify;\">\nAttention\u00a0! Sors imm\u00e9diatement de ta culpabilit\u00e9 st\u00e9rile\u00a0:<\/p>\n<p style=\"text-align: justify;\">\n&#8211; je suis nul-le<\/p>\n<p style=\"text-align: justify;\">\n&#8211; je n&rsquo;y arriverai jamais<\/p>\n<p style=\"text-align: justify;\">\n&#8211; pourquoi les autres y arrivent et pas moi\u00a0?!<\/p>\n<p style=\"text-align: justify;\">\nC&rsquo;est encore ton ego qui parle, le vilain Gimini Cricket qui te fait croire que tu peux, que tu dois \u00eatre parfait-e et tout savoir d&rsquo;un coup de baguette magique.<\/p>\n<p style=\"text-align: justify;\">\nTout d\u00e9s\u00e9quilibre entra\u00eene de l&rsquo;inconfort.<\/p>\n<p style=\"text-align: justify;\">\nTu peux tout pardonner \u00e0 n&rsquo;importe qui, comprendre ce qui a pouss\u00e9 l&rsquo;autre \u00e0 agir de telle fa\u00e7on, mais tu es le pire juge pour toi\u00a0:<\/p>\n<p style=\"text-align: justify;\">\n&#8211; Coupable\u00a0! Prison \u00e0 vie\u00a0!\u00a0 \ud83d\ude09<\/p>\n<p style=\"text-align: justify;\">\nH\u00e9\u00a0! On se calme\u00a0! Personne ne vient au monde avec la science infuse.<\/p>\n<p style=\"text-align: justify;\">\nSi je suis sur Terre, incarn\u00e9-e, c&rsquo;est justement que mon \u00e2me a accept\u00e9 de venir \u00e0 l&rsquo;\u00e9cole.<\/p>\n<p style=\"text-align: justify;\">\nLe d\u00e9ni de l&rsquo;existence de l&rsquo;\u00e2me, une \u00e9nergie sup\u00e9rieure toute de compassion et d&rsquo;amour, me convainc que j&rsquo;ai le contour d&rsquo;un roc, sa duret\u00e9, son inertie, mais malheureusement pas sa long\u00e9vit\u00e9.<\/p>\n<p style=\"text-align: justify;\">\nQu&rsquo;est-ce que je risque \u00e0 croire, pour une fois, que j&rsquo;ai une \u00e2me, que dans cette conscience du je suis bien plus que mon image, je ne suis jamais seul-e\u00a0?!<\/p>\n<p style=\"text-align: justify;\">Au pire, je me trompe\u00a0: il n&rsquo;y a rien que la mati\u00e8re. Dans moins de cent ans, je n&rsquo;aurai plus aucun probl\u00e8me, je serai redevenu-e poussi\u00e8re.<\/p>\n<p style=\"text-align: justify;\">\nCela me permet de relativiser mon probl\u00e8me actuel\u00a0: est-il si important\u00a0? Va-t-il pr\u00e9t\u00e9riter l&rsquo;avenir du monde\u00a0? Met-il ma vie en danger de mort\u00a0? Cela vaut-il la peine que je le combatte avec autant d&rsquo;\u00e9nergie\u00a0?<\/p>\n<p style=\"text-align: justify;\">\nAu mieux, j&rsquo;accepte ma le\u00e7on. Je suis sur le banc de la classe et je reconnais le professeur, ou la situation, l&rsquo;autre, celui qui me titille, celui qui m&#8217;emb\u00eate et \u00e0 qui je donne tous les pouvoirs, tout mon pouvoir.<\/p>\n<p style=\"text-align: justify;\">\nDans mon r\u00f4le de victime, je me suis coup\u00e9-e de ma Source, mon ego s&rsquo;est cru seul ma\u00eetre \u00e0 bord et je tangue au risque de chavirer, voire de couler.<\/p>\n<p style=\"text-align: justify;\">\nL\u00e0\u00a0! Doucement, tranquillement, ma respiration revient au calme. Je suis la mer en pleine temp\u00eate. Qu&rsquo;est-ce qui provoque les temp\u00eates\u00a0: le vent d\u00e9-cha\u00een\u00e9\u00a0! sans cha\u00eene, sans retenue\u00a0!<\/p>\n<p style=\"text-align: justify;\">\nQu&rsquo;est-ce qui provoque ma temp\u00eate int\u00e9rieure\u00a0?\u00a0: mon souffle d\u00e9-cha\u00een\u00e9\u00a0! Vois-tu la corr\u00e9lation\u00a0? Tout est question de souffle\u00a0! Sur mer calme, le vent est pr\u00e9sent, bien \u00e9quilibr\u00e9 entre le trop et le trop peu et pousse sans heurt le voilier vers l&rsquo;horizon.<\/p>\n<p style=\"text-align: justify;\">\nPar temp\u00eate force 10 (voir l&rsquo;\u00e9chelle de Beaufort\u00a0: les embruns obscurcissent la vue, on ne voit plus rien), il faut abaisser toutes les voiles, la coque chavire de tout c\u00f4t\u00e9, je suis recroquevill\u00e9-e au fond de la cale pour ne pas passer par-dessus bord. La lutte est devenue inutile tant qu&rsquo;il n&rsquo;y a pas de retour au calme.<\/p>\n<p style=\"text-align: justify;\">\nJ&rsquo;ai ce magnifique privil\u00e8ge sur ma temp\u00eate int\u00e9rieure\u00a0: par la seule pens\u00e9e du retour au calme de ma respiration, je peux rendre la qui\u00e9tude \u00e0 mon oc\u00e9an int\u00e9rieur\u00a0 \ud83d\ude09 .<\/p>\n<p style=\"text-align: justify;\">\nWouahou\u00a0! Je suis mon propre m\u00e9t\u00e9orologue\u00a0!<\/p>\n<p style=\"text-align: justify;\">\nEnfin\u00a0! Je vois poindre une petite lumi\u00e8re\u00a0!<\/p>\n<p style=\"text-align: justify;\">\nEnfin\u00a0! \u2026 je peux commencer \u00e0 m&rsquo;aimer\u00a0! &#8230;<\/p>\n<p style=\"text-align: justify;\">Namast\u00e9<\/p>\n","protected":false},"excerpt":{"rendered":"<p>L&rsquo;enfermement, c&rsquo;est quand nous sommes pi\u00e9g\u00e9s dans nos pens\u00e9es, dans \u00ab\u00a0notre\u00a0\u00bb probl\u00e8me. Qu&rsquo;il y ait plusieurs points positifs ou n\u00e9gatifs dans notre vie, un seul, r\u00e9current, obs\u00e9dant, prend toute la place, toute notre \u00e9nergie. Je suis dans le contr\u00f4le, je ne sais plus comment l\u00e2cher prise. Alors que les textes pr\u00e9c\u00e9dents renvoient \u00e0 chercher ma [&hellip;]<\/p>\n","protected":false},"author":3,"featured_media":0,"comment_status":"open","ping_status":"closed","sticky":false,"template":"","format":"standard","meta":{"footnotes":""},"categories":[1],"tags":[],"class_list":["post-404","post","type-post","status-publish","format-standard","hentry","category-non-classe"],"views":1322,"_links":{"self":[{"href":"https:\/\/www.centchemins.fr\/index.php?rest_route=\/wp\/v2\/posts\/404","targetHints":{"allow":["GET"]}}],"collection":[{"href":"https:\/\/www.centchemins.fr\/index.php?rest_route=\/wp\/v2\/posts"}],"about":[{"href":"https:\/\/www.centchemins.fr\/index.php?rest_route=\/wp\/v2\/types\/post"}],"author":[{"embeddable":true,"href":"https:\/\/www.centchemins.fr\/index.php?rest_route=\/wp\/v2\/users\/3"}],"replies":[{"embeddable":true,"href":"https:\/\/www.centchemins.fr\/index.php?rest_route=%2Fwp%2Fv2%2Fcomments&post=404"}],"version-history":[{"count":1,"href":"https:\/\/www.centchemins.fr\/index.php?rest_route=\/wp\/v2\/posts\/404\/revisions"}],"predecessor-version":[{"id":405,"href":"https:\/\/www.centchemins.fr\/index.php?rest_route=\/wp\/v2\/posts\/404\/revisions\/405"}],"wp:attachment":[{"href":"https:\/\/www.centchemins.fr\/index.php?rest_route=%2Fwp%2Fv2%2Fmedia&parent=404"}],"wp:term":[{"taxonomy":"category","embeddable":true,"href":"https:\/\/www.centchemins.fr\/index.php?rest_route=%2Fwp%2Fv2%2Fcategories&post=404"},{"taxonomy":"post_tag","embeddable":true,"href":"https:\/\/www.centchemins.fr\/index.php?rest_route=%2Fwp%2Fv2%2Ftags&post=404"}],"curies":[{"name":"wp","href":"https:\/\/api.w.org\/{rel}","templated":true}]}}