{"id":438,"date":"2015-05-25T22:32:54","date_gmt":"2015-05-25T21:32:54","guid":{"rendered":"http:\/\/www.centchemins.fr\/?p=438"},"modified":"2015-05-25T22:32:54","modified_gmt":"2015-05-25T21:32:54","slug":"le-macrame","status":"publish","type":"post","link":"https:\/\/www.centchemins.fr\/?p=438","title":{"rendered":"Le macram\u00e9"},"content":{"rendered":"<p style=\"text-align: justify;\">Qui a fait un jour du macram\u00e9 conna\u00eet ce joli tissage manuel de ficelles.<\/p>\n<p style=\"text-align: justify;\">\nOn d\u00e9marre en g\u00e9n\u00e9ral par le haut en un assemblage de plusieurs cordes et ensuite on compose de jolis n\u0153uds de par et d&rsquo;autre de l&rsquo;ouvrage pour arriver \u00e0 une belle r\u00e9alisation, solide \u00e0 l&rsquo;extr\u00eame, au point de pouvoir en faire des hamacs o\u00f9 deux personnes adultes peuvent se reposer.<\/p>\n<p style=\"text-align: justify;\">\nDepuis l&rsquo;annonce par mon fils de la venue prochaine d&rsquo;un nouveau petit tr\u00e9sor dans notre famille, une quatri\u00e8me \u00e9toile s&rsquo;est allum\u00e9e dans mon coeur, puisque je suis d\u00e9j\u00e0 mamy de trois adorables petits anges qui ont chacun vol\u00e9 mon coeur <em>(chacun en a sa part et tous l&rsquo;ont en entier \u2013 Victor Hugo \u2013 Feuilles d&rsquo;automne I).<\/em><\/p>\n<p style=\"text-align: justify;\">\nEn serrant dans mes bras hier les parents de ma toute-belle-fille, j&rsquo;ai eu cette sensation intense de \u00ab\u00a0fusion\u00a0\u00bb\u00a0:<\/p>\n<p style=\"text-align: justify;\">\n&#8211; Nos g\u00e8nes se m\u00e9langent\u00a0! Quel bonheur\u00a0! Il sera parfait cet enfant\u00a0 \ud83d\ude09<\/p>\n<p style=\"text-align: justify;\">\nPuisque nous sommes tous les n\u0153uds d&rsquo;une trame g\u00e9ante, disent les bouddhistes, un nouveau petit n\u0153ud vient de surgir, nouvelle partie visible du voile de soie sur la terre, vibrant de l&rsquo;enti\u00e8ret\u00e9 de la partie tiss\u00e9e depuis des mill\u00e9naires.<\/p>\n<p style=\"text-align: justify;\">\nCe petit ou cette petite \u00e0 na\u00eetre dans quelques mois contient d\u00e9j\u00e0 toutes nos histoires familiales conjointes, mais aussi l&rsquo;histoire de toute l&rsquo;humanit\u00e9.<\/p>\n<p style=\"text-align: justify;\">\nPetite goutte d&rsquo;eau tomb\u00e9e du ciel, elle rejoint nos deux ruisseaux pour un jour devenir fleuve, d\u00e9j\u00e0 oc\u00e9an.<\/p>\n<p style=\"text-align: justify;\">\nEt moi, qui suis-je\u00a0?!<\/p>\n<p style=\"text-align: justify;\">\nIdentique \u00e0 ce petit \u00eatre bient\u00f4t choy\u00e9 dans nos bras, je porte en moi la m\u00e9moire glorieuse de mes anc\u00eatres gaulois, helv\u00e8tes, transalpins et qui sait, peut-\u00eatre d&rsquo;autres continents.<\/p>\n<p style=\"text-align: justify;\">\nQuelle part de moi contient la m\u00e9moire g\u00e9n\u00e9tique, quelle part de moi contient la conscience \u00e9largie, quelle part de moi contient le souvenir d&rsquo;autres incarnations si cela se peut\u00a0?<\/p>\n<p style=\"text-align: justify;\">\nComment demander \u00e0 ce melting-pot de se comporter en petit robot programm\u00e9\u00a0?<\/p>\n<p style=\"text-align: justify;\">\nAurais-je enfin compris l&rsquo;origine de mon romantisme\u00a0? de ma pudeur\u00a0? de mon exub\u00e9rance\u00a0? de ma sensiblerie\u00a0? de tout ce que d&rsquo;autres qualifient selon leurs propres perceptions de qualit\u00e9s et de d\u00e9fauts, que je qualifie selon mes propres jugements d&rsquo;avantages ou d&rsquo;inconv\u00e9nients\u00a0?<\/p>\n<p style=\"text-align: justify;\">\nPeut-on en vouloir au fleuve de charrier des graviers, des particules ind\u00e9sirables, des turbulences, mais aussi des fleurs, des sir\u00e8nes et la vie tout simplement\u00a0?!<\/p>\n<p style=\"text-align: justify;\">\nCe petit enfant \u00e0 na\u00eetre contient nos deux familles r\u00e9unies, mais pas que\u00a0!<\/p>\n<p style=\"text-align: justify;\">\nIl apporte dans notre immense oc\u00e9an humain une grande part de fra\u00eecheur et de nouveaut\u00e9, nouveau petit brin de soie fra\u00eechement d\u00e9vid\u00e9 de son cocon, brillant et doux comme une \u00e9toile tomb\u00e9e du ciel.<\/p>\n<p style=\"text-align: justify;\">\nPuisses-tu changer le monde mon amour\u00a0!<\/p>\n<p style=\"text-align: justify;\">\nJ&rsquo;en suis certaine.<\/p>\n<p style=\"text-align: justify;\">\nTu as d\u00e9j\u00e0 commenc\u00e9 &#8230;<\/p>\n<p style=\"text-align: justify;\">Namast\u00e9<\/p>\n","protected":false},"excerpt":{"rendered":"<p>Qui a fait un jour du macram\u00e9 conna\u00eet ce joli tissage manuel de ficelles. On d\u00e9marre en g\u00e9n\u00e9ral par le haut en un assemblage de plusieurs cordes et ensuite on compose de jolis n\u0153uds de par et d&rsquo;autre de l&rsquo;ouvrage pour arriver \u00e0 une belle r\u00e9alisation, solide \u00e0 l&rsquo;extr\u00eame, au point de pouvoir en faire [&hellip;]<\/p>\n","protected":false},"author":3,"featured_media":0,"comment_status":"open","ping_status":"closed","sticky":false,"template":"","format":"standard","meta":{"footnotes":""},"categories":[1],"tags":[],"class_list":["post-438","post","type-post","status-publish","format-standard","hentry","category-non-classe"],"views":742,"_links":{"self":[{"href":"https:\/\/www.centchemins.fr\/index.php?rest_route=\/wp\/v2\/posts\/438","targetHints":{"allow":["GET"]}}],"collection":[{"href":"https:\/\/www.centchemins.fr\/index.php?rest_route=\/wp\/v2\/posts"}],"about":[{"href":"https:\/\/www.centchemins.fr\/index.php?rest_route=\/wp\/v2\/types\/post"}],"author":[{"embeddable":true,"href":"https:\/\/www.centchemins.fr\/index.php?rest_route=\/wp\/v2\/users\/3"}],"replies":[{"embeddable":true,"href":"https:\/\/www.centchemins.fr\/index.php?rest_route=%2Fwp%2Fv2%2Fcomments&post=438"}],"version-history":[{"count":1,"href":"https:\/\/www.centchemins.fr\/index.php?rest_route=\/wp\/v2\/posts\/438\/revisions"}],"predecessor-version":[{"id":439,"href":"https:\/\/www.centchemins.fr\/index.php?rest_route=\/wp\/v2\/posts\/438\/revisions\/439"}],"wp:attachment":[{"href":"https:\/\/www.centchemins.fr\/index.php?rest_route=%2Fwp%2Fv2%2Fmedia&parent=438"}],"wp:term":[{"taxonomy":"category","embeddable":true,"href":"https:\/\/www.centchemins.fr\/index.php?rest_route=%2Fwp%2Fv2%2Fcategories&post=438"},{"taxonomy":"post_tag","embeddable":true,"href":"https:\/\/www.centchemins.fr\/index.php?rest_route=%2Fwp%2Fv2%2Ftags&post=438"}],"curies":[{"name":"wp","href":"https:\/\/api.w.org\/{rel}","templated":true}]}}