{"id":522,"date":"2016-03-23T21:18:41","date_gmt":"2016-03-23T20:18:41","guid":{"rendered":"http:\/\/www.centchemins.fr\/?p=522"},"modified":"2016-03-29T21:25:08","modified_gmt":"2016-03-29T20:25:08","slug":"lodeur-des-crayons","status":"publish","type":"post","link":"https:\/\/www.centchemins.fr\/?p=522","title":{"rendered":"L&rsquo;Odeur des Crayons"},"content":{"rendered":"<p style=\"text-align: justify;\">L&rsquo;Odeur du bois et du graphite porte l&rsquo;\u00e9ternit\u00e9.<\/p>\n<p style=\"text-align: justify;\">\nAvant de me saisir de mon crayon, je respire son odeur de toute mon \u00e2me. Chacune de mes cellules s&rsquo;ouvrent \u00e0 l&rsquo;appel de cette odeur unique.<\/p>\n<p style=\"text-align: justify;\">\nPourquoi\u00a0?<\/p>\n<p style=\"text-align: justify;\">\nParce qu&rsquo;au bout de ma main, il y a une boussole port\u00e9e par des milliards d&rsquo;humains.<\/p>\n<p style=\"text-align: justify;\">\nCertaines n&rsquo;indiquent pas forc\u00e9ment le Nord qui \u00e9claire, mais toutes ont une noble fonction. M\u00eame en se trompant de sens dans l&rsquo;indication, nous pouvons \u00eatre appel\u00e9s au r\u00e9ajustement qui nous est propre.<\/p>\n<p style=\"text-align: justify;\">\nDepuis des lustres<em> (voyez comme tout parle de Lumi\u00e8re!)<\/em> l&rsquo;Homme a trac\u00e9 ce qu&rsquo;il voyait et comprenait par sa main, au moyen d&rsquo;outils rudimentaires\u00a0: tisons, poudres color\u00e9es, gravures \u2026 jusqu&rsquo;\u00e0 l&rsquo;av\u00e8nement du crayon.<\/p>\n<p style=\"text-align: justify;\">\nA quoi auraient servi les r\u00e9flexions de L\u00e9onard de Vinci s&rsquo;il n&rsquo;avait eu de quoi \u00e9crire\u00a0?!<\/p>\n<p style=\"text-align: justify;\">\nComment les mots des livres religieux auraient pu nous parvenir si \u00e0 un certain moment n&rsquo;\u00e9tait apparu l&rsquo;\u00e9criture\u00a0?! Combien plus de confusion encore s&rsquo;il n&rsquo;y avait eu que le bouche \u00e0 oreille\u00a0?!<\/p>\n<p style=\"text-align: justify;\">\nUne expression peut \u00eatre interpr\u00e9t\u00e9e de mille fa\u00e7ons, propre \u00e0 chacun des sept milliards d&rsquo;humains diff\u00e9rents que nous sommes. Dans les mots \u00e9crits, il y a une v\u00e9rit\u00e9 cach\u00e9e par la personnalit\u00e9 de l&rsquo;\u00e9crivain, en son ressenti du moment, dans les \u00e9motions qu&rsquo;il portait en lui \u00e0 l&rsquo;instant de l&rsquo;\u00e9crit, certes. Mais chaque mot peut cacher un diamant.<\/p>\n<p style=\"text-align: justify;\">\nLe crayon au bout de la main est le prolongement de la personne, le reflet de ce que contient son \u00e2me. Tout ce dont la main se saisit pour cr\u00e9er exprime cette magie invisible \u00e0 l\u2019\u0153il.<\/p>\n<p style=\"text-align: justify;\">\nIl y a en chaque homme une \u00e9tincelle de sagesse. Quand l&rsquo;homme s&rsquo;\u00e9teint, il emporte sa petite lanterne avec lui, \u00e0 moins de l&rsquo;avoir exprim\u00e9e par sa main, de quelque fa\u00e7on que ce soit.<\/p>\n<p style=\"text-align: justify;\">\nPar ce crayon port\u00e9 par des millions de mains, je peux rencontrer Confucius, Aristote, Bouddha, etc., \u00e0 des ann\u00e9es lumi\u00e8res de ma vie, ou Paulo Coelho, Don Ruiz Miguel, Christian Bobin, etc., \u00e0 des kilom\u00e8tres de ma vie.<\/p>\n<p style=\"text-align: justify;\">\nDans l&rsquo;\u00e9crit, il n&rsquo;y a plus aucune s\u00e9paration de temps ou de lieu. A l&rsquo;instant o\u00f9 mes yeux se posent sur le mot, je suis avec lui, je suis en lui, il est en moi, il r\u00e9sonne en moi, il raisonne en moi.<\/p>\n<p style=\"text-align: justify;\">\nQuelle fiert\u00e9 pour l&rsquo;enfant d&rsquo;arriver \u00e0 d\u00e9crypter son premier mot\u00a0! <em>(d\u00e9crypter\u00a0: sortir de la crypte\u00a0? Rena\u00eetre \u00e0 la Vie?)<\/em><\/p>\n<p style=\"text-align: justify;\">\nEt si les mots \u00e9crits portaient la Vie\u00a0? S&rsquo;il y avait lieu de chercher les p\u00e9pites comme les chercheurs d&rsquo;or filtrent des litres et des litres d&rsquo;eau des rivi\u00e8res pour une minuscule paillette\u00a0?<\/p>\n<p style=\"text-align: justify;\">\nDans la lecture, il y a la recherche de la Vie.<\/p>\n<p style=\"text-align: justify;\">\nChaque petite \u00e9tincelle allum\u00e9e par un mot, une id\u00e9e, ressemble \u00e0 une pi\u00e8ce de puzzle\u00a0: isol\u00e9e, elle ne repr\u00e9sente par grand-chose. Mais mises bout \u00e0 bout, toutes ensemble finissent par devenir un grand phare.<\/p>\n<p style=\"text-align: justify;\">\nEntendre au-del\u00e0 du mot, voir au-del\u00e0 du regard, la lecture ouvre \u00e0 l&rsquo;Invisible.<\/p>\n<p style=\"text-align: justify;\">\nDans la lecture \u00e9ph\u00e9m\u00e8re des moyens \u00e9lectroniques, il y a le tison qui part en cendres, la poudre de Lascaux qui se d\u00e9lite, le graphite gomm\u00e9 dans l&rsquo;instant.<\/p>\n<p style=\"text-align: justify;\">\nIl n&rsquo;y a que des poussi\u00e8res d\u2019\u00c9ternit\u00e9 aussit\u00f4t souffl\u00e9es.<\/p>\n<p style=\"text-align: justify;\">\nCrayon comme je t&rsquo;aime, Toi et ta Lumi\u00e8re\u00a0!<\/p>\n<p style=\"text-align: justify;\">\n<em>Namast\u00e9<\/em><\/p>\n<p style=\"text-align: justify;\"><em>Le <strong>graphite<\/strong> est une esp\u00e8ce min\u00e9rale qui est, avec le <strong>diamant<\/strong>, la lonsdal\u00e9ite et la chaoite, l&rsquo;un des allotropes naturels du carbone. Source\u00a0: Wikipedia<\/em><\/p>\n<p style=\"text-align: justify;\">\n<em>\u00a0\ud83d\ude09\u00a0 Yes ! ! !<\/em><\/p>\n","protected":false},"excerpt":{"rendered":"<p>L&rsquo;Odeur du bois et du graphite porte l&rsquo;\u00e9ternit\u00e9. Avant de me saisir de mon crayon, je respire son odeur de toute mon \u00e2me. Chacune de mes cellules s&rsquo;ouvrent \u00e0 l&rsquo;appel de cette odeur unique. Pourquoi\u00a0? Parce qu&rsquo;au bout de ma main, il y a une boussole port\u00e9e par des milliards d&rsquo;humains. Certaines n&rsquo;indiquent pas forc\u00e9ment [&hellip;]<\/p>\n","protected":false},"author":3,"featured_media":0,"comment_status":"open","ping_status":"closed","sticky":false,"template":"","format":"standard","meta":{"footnotes":""},"categories":[1],"tags":[],"class_list":["post-522","post","type-post","status-publish","format-standard","hentry","category-non-classe"],"views":821,"_links":{"self":[{"href":"https:\/\/www.centchemins.fr\/index.php?rest_route=\/wp\/v2\/posts\/522","targetHints":{"allow":["GET"]}}],"collection":[{"href":"https:\/\/www.centchemins.fr\/index.php?rest_route=\/wp\/v2\/posts"}],"about":[{"href":"https:\/\/www.centchemins.fr\/index.php?rest_route=\/wp\/v2\/types\/post"}],"author":[{"embeddable":true,"href":"https:\/\/www.centchemins.fr\/index.php?rest_route=\/wp\/v2\/users\/3"}],"replies":[{"embeddable":true,"href":"https:\/\/www.centchemins.fr\/index.php?rest_route=%2Fwp%2Fv2%2Fcomments&post=522"}],"version-history":[{"count":1,"href":"https:\/\/www.centchemins.fr\/index.php?rest_route=\/wp\/v2\/posts\/522\/revisions"}],"predecessor-version":[{"id":523,"href":"https:\/\/www.centchemins.fr\/index.php?rest_route=\/wp\/v2\/posts\/522\/revisions\/523"}],"wp:attachment":[{"href":"https:\/\/www.centchemins.fr\/index.php?rest_route=%2Fwp%2Fv2%2Fmedia&parent=522"}],"wp:term":[{"taxonomy":"category","embeddable":true,"href":"https:\/\/www.centchemins.fr\/index.php?rest_route=%2Fwp%2Fv2%2Fcategories&post=522"},{"taxonomy":"post_tag","embeddable":true,"href":"https:\/\/www.centchemins.fr\/index.php?rest_route=%2Fwp%2Fv2%2Ftags&post=522"}],"curies":[{"name":"wp","href":"https:\/\/api.w.org\/{rel}","templated":true}]}}