{"id":526,"date":"2016-04-29T21:41:02","date_gmt":"2016-04-29T20:41:02","guid":{"rendered":"http:\/\/www.centchemins.fr\/?p=526"},"modified":"2016-04-29T21:41:02","modified_gmt":"2016-04-29T20:41:02","slug":"dans-la-pomme-il-y-a-le-pommier","status":"publish","type":"post","link":"https:\/\/www.centchemins.fr\/?p=526","title":{"rendered":"Dans la pomme, il y a le pommier"},"content":{"rendered":"<p style=\"text-align: justify;\">Nous nous croyons uniques et limit\u00e9-es dans nos fronti\u00e8res corporelles\u00a0: \u00ab\u00a0Je suis ce que ma peau me montre, au-del\u00e0 ce n&rsquo;est plus moi. A l&rsquo;int\u00e9rieur de mon enveloppe de peau, il n&rsquo;y a que moi\u00a0\u00bb.<\/p>\n<p style=\"text-align: justify;\">\nPourtant, chacune de mes quelque trente-trois milliards de cellules a sa minuscule et bien r\u00e9elle vie propre.<\/p>\n<p style=\"text-align: justify;\">\nCes trente-trois milliards de petites cellules \u00e9chappent \u00e0 mon contr\u00f4le, mais pas tout-\u00e0-fait.<\/p>\n<p style=\"text-align: justify;\">\nJ&rsquo;ai \u00e0 leur fournir un bon \u00ab\u00a0carburant\u00a0\u00bb\u00a0: une nourriture saine, une bonne oxyg\u00e9nation, des pens\u00e9es confiantes.<\/p>\n<p style=\"text-align: justify;\">\nEnsuite, elles font \u00e0 peu pr\u00e8s ce qu&rsquo;elles veulent. Enfin\u00a0! <em>Ce qu&rsquo;Il leur est dict\u00e9 de faire<\/em>.<\/p>\n<p style=\"text-align: justify;\">\nAu-del\u00e0 de mes petites cellules que je peux observer au microscope vivre leur petit bonhomme de chemin, il y a mon \u00ab\u00a0tronc\u00a0\u00bb, \u00ab\u00a0mes racines\u00a0\u00bb, les petites graines multiples qui ont grandi, v\u00e9cu et se sont multipli\u00e9es avant leur mort apparente, apparente puisqu&rsquo;elles vivent encore en moi.<\/p>\n<p style=\"text-align: justify;\">\nDans mon sang, il y a le sang de mes anc\u00eatres.<\/p>\n<p style=\"text-align: justify;\">\nDans mes \u00e9motions, il y a les souvenirs des \u00e9motions de mes anc\u00eatres inscrits dans mon patrimoine g\u00e9n\u00e9tique.<\/p>\n<p style=\"text-align: justify;\">\nCe que je crois \u00eatre \u00ab\u00a0moi\u00a0\u00bb est un hall de gare aux heures de pointe\u00a0: je suis un r\u00e9sultat, pas un hasard.<\/p>\n<p style=\"text-align: justify;\">\nIl y a certaines donn\u00e9es sur lesquelles je peux influer, selon mon ressenti et tr\u00e8s \u00e0 l&rsquo;\u00e9coute de mon intuition.<\/p>\n<p style=\"text-align: justify;\">\nA part cela, les anc\u00eatres qui me composent me poussent dans le dos tandis que ma descendance me tire en avant.<\/p>\n<p style=\"text-align: justify;\">\nJe suis un trait d&rsquo;union dans l&rsquo;univers infini, aussi minuscule qu&rsquo;un brin d&rsquo;ADN, aussi important, complet et mirifique qu&rsquo;un brin d&rsquo;ADN.<\/p>\n<p style=\"text-align: justify;\">\nConscient-e que je ne suis pas \u00ab\u00a0que\u00a0\u00bb la pomme, je peux me d\u00e9tendre et avancer en confiance.<\/p>\n<p style=\"text-align: justify;\">\nMes racines me soutiennent. Je suis le pont par qui mes fruits peuvent cro\u00eetre et m\u00fbrir.<\/p>\n<p style=\"text-align: justify;\">\nM\u00eame sans descendance ou avant ma descendance, je suis l\u00e0 o\u00f9 je me dois d&rsquo;\u00eatre.<\/p>\n<p style=\"text-align: justify;\">\nSi je me fuis au fin fond du Sahara ou dans les glaces du P\u00f4le Nord, je suis encore l\u00e0 o\u00f9 je me devais d&rsquo;aller.<\/p>\n<p style=\"text-align: justify;\">\nJe peux d\u00e9poser mon \u00e9puisement \u00e0 vouloir tout g\u00e9rer\u00a0: que je force ou que je reste calme, le petit trait d&rsquo;union qui est \u00ab\u00a0Moi\u00a0\u00bb conna\u00eet son chemin et son importance et me porte sur ce que je crois \u00eatre mon destin.<\/p>\n<p style=\"text-align: justify;\">\nOuf\u00a0!<\/p>\n<p style=\"text-align: justify;\">\nQuelle paix et quelle s\u00e9r\u00e9nit\u00e9 tout \u00e0 coup \u00e0 comprendre cela\u00a0!\u00a0 \ud83d\ude09<\/p>\n<p style=\"text-align: justify;\"><em>Namast\u00e9<\/em><\/p>\n","protected":false},"excerpt":{"rendered":"<p>Nous nous croyons uniques et limit\u00e9-es dans nos fronti\u00e8res corporelles\u00a0: \u00ab\u00a0Je suis ce que ma peau me montre, au-del\u00e0 ce n&rsquo;est plus moi. A l&rsquo;int\u00e9rieur de mon enveloppe de peau, il n&rsquo;y a que moi\u00a0\u00bb. Pourtant, chacune de mes quelque trente-trois milliards de cellules a sa minuscule et bien r\u00e9elle vie propre. Ces trente-trois milliards [&hellip;]<\/p>\n","protected":false},"author":3,"featured_media":0,"comment_status":"open","ping_status":"closed","sticky":false,"template":"","format":"standard","meta":{"footnotes":""},"categories":[1],"tags":[],"class_list":["post-526","post","type-post","status-publish","format-standard","hentry","category-non-classe"],"views":756,"_links":{"self":[{"href":"https:\/\/www.centchemins.fr\/index.php?rest_route=\/wp\/v2\/posts\/526","targetHints":{"allow":["GET"]}}],"collection":[{"href":"https:\/\/www.centchemins.fr\/index.php?rest_route=\/wp\/v2\/posts"}],"about":[{"href":"https:\/\/www.centchemins.fr\/index.php?rest_route=\/wp\/v2\/types\/post"}],"author":[{"embeddable":true,"href":"https:\/\/www.centchemins.fr\/index.php?rest_route=\/wp\/v2\/users\/3"}],"replies":[{"embeddable":true,"href":"https:\/\/www.centchemins.fr\/index.php?rest_route=%2Fwp%2Fv2%2Fcomments&post=526"}],"version-history":[{"count":1,"href":"https:\/\/www.centchemins.fr\/index.php?rest_route=\/wp\/v2\/posts\/526\/revisions"}],"predecessor-version":[{"id":527,"href":"https:\/\/www.centchemins.fr\/index.php?rest_route=\/wp\/v2\/posts\/526\/revisions\/527"}],"wp:attachment":[{"href":"https:\/\/www.centchemins.fr\/index.php?rest_route=%2Fwp%2Fv2%2Fmedia&parent=526"}],"wp:term":[{"taxonomy":"category","embeddable":true,"href":"https:\/\/www.centchemins.fr\/index.php?rest_route=%2Fwp%2Fv2%2Fcategories&post=526"},{"taxonomy":"post_tag","embeddable":true,"href":"https:\/\/www.centchemins.fr\/index.php?rest_route=%2Fwp%2Fv2%2Ftags&post=526"}],"curies":[{"name":"wp","href":"https:\/\/api.w.org\/{rel}","templated":true}]}}