{"id":545,"date":"2016-08-25T09:49:07","date_gmt":"2016-08-25T08:49:07","guid":{"rendered":"http:\/\/www.centchemins.fr\/?p=545"},"modified":"2016-08-28T09:54:11","modified_gmt":"2016-08-28T08:54:11","slug":"la-serenite","status":"publish","type":"post","link":"https:\/\/www.centchemins.fr\/?p=545","title":{"rendered":"La s\u00e9r\u00e9nit\u00e9"},"content":{"rendered":"<p align=\"justify\"><span style=\"font-family: Times New Roman,serif;\"><span style=\"font-size: medium;\">Il est de plus en plus difficile aujourd&rsquo;hui de rester serein. Un battage m\u00e9diatique est fait pour nous entra\u00eener dans une spirale infernale de peur et d&rsquo;inqui\u00e9tude.<\/span><\/span><\/p>\n<p align=\"justify\"><span style=\"font-family: Times New Roman,serif;\"><span style=\"font-size: medium;\">Les programmes t\u00e9l\u00e9vis\u00e9s et les journaux sont ax\u00e9s sur les meurtres, les guerres, les conflits. M\u00eame les dessins anim\u00e9s pour nos petits n&rsquo;\u00e9chappent pas \u00e0 cette r\u00e8gle du grand m\u00e9chant qu&rsquo;il faut combattre.<\/span><\/span><\/p>\n<p align=\"justify\"><span style=\"font-family: Times New Roman,serif;\"><span style=\"font-size: medium;\">L&rsquo;hebdomadaire suisse de mon enfance, bon-enfant et familial, est rempli aujourd&rsquo;hui d&rsquo;images chocs\u00a0: \u00ab\u00a0le poids des mots, le choc des photos\u00a0\u00bb\u00a0!? <\/span><\/span><\/p>\n<p align=\"justify\"><span style=\"font-family: Times New Roman,serif;\"><span style=\"font-size: medium;\">Ce slogan et ce leitmotiv appartiennent pourtant \u00e0 un journal fran\u00e7ais. Il faut croire que la recette porte ses fruits. Tous l&rsquo;ont reprise.<\/span><\/span><\/p>\n<p align=\"justify\"><span style=\"font-family: Times New Roman,serif;\"><span style=\"font-size: medium;\">D&rsquo;o\u00f9 vient cette soif de sensationnel\u00a0? Cette tendance macabre \u00e0 colporter\u00a0? Quel int\u00e9r\u00eat \u00e0 nous effrayer\u00a0? \u00c0 nous monter les uns contre les autres\u00a0?\u00a0: \u00ab\u00a0diviser pour mieux r\u00e9gner\u00a0\u00bb\u00a0?! Ou, affaiblis et inquiets, sommes-nous plus mall\u00e9ables\u00a0? A quelle fin\u00a0?<\/span><\/span><\/p>\n<p align=\"justify\"><span style=\"font-family: Times New Roman,serif;\"><span style=\"font-size: medium;\">La raison profonde de cet \u00e9tat de fait m&rsquo;\u00e9chappe.<\/span><\/span><\/p>\n<p align=\"justify\"><span style=\"font-family: Times New Roman,serif;\"><span style=\"font-size: medium;\">Je me rappelle une image forte qui ne m&rsquo;a jamais quitt\u00e9e depuis\u00a0: au plus profond d&rsquo;une d\u00e9pression qui m&rsquo;atteignit alors que j&rsquo;\u00e9tais toute jeune maman, en pleine temp\u00eate \u00e9motionnelle d&rsquo;o\u00f9 je ne trouvais pas d&rsquo;issue, je vis un documentaire sur l&rsquo;extermination des gorilles.<\/span><\/span><\/p>\n<p align=\"justify\"><span style=\"font-family: Times New Roman,serif;\"><span style=\"font-size: medium;\">Au milieu d&rsquo;une clairi\u00e8re, un gros p\u00e9p\u00e8re placide \u00e9tait assis, avec ses beaux yeux confiants, nullement inquiet de son sort, visiblement repu, donc tr\u00e8s serein au vu des circonstances.<\/span><\/span><\/p>\n<p align=\"justify\"><span style=\"font-family: Times New Roman,serif;\"><span style=\"font-size: medium;\">Cette image m&rsquo;a profond\u00e9ment interpell\u00e9e et m&rsquo;a aid\u00e9e plus que toutes les th\u00e9rapies, plus que toutes les m\u00e9dications ou les th\u00e9ories\u00a0: que nous nous inqui\u00e9tions ou non, la roue de la vie tourne de toute fa\u00e7on.<\/span><\/span><\/p>\n<p align=\"justify\"><span style=\"font-family: Times New Roman,serif;\"><span style=\"font-size: medium;\">Notre destin se d\u00e9roule inexorablement.<\/span><\/span><\/p>\n<p align=\"justify\"><span style=\"font-family: Times New Roman,serif;\"><span style=\"font-size: medium;\">Qu&rsquo;est-ce qui me diff\u00e9renciait de ce gorille pers\u00e9cut\u00e9\u00a0? Pourquoi \u00e9tait-il si calme alors que moi je n&rsquo;y parvenais pas\u00a0?<\/span><\/span><\/p>\n<p align=\"justify\"><span style=\"font-family: Times New Roman,serif;\"><span style=\"font-size: medium;\">Lui restait confiant en la nature, en Sa nature. Il accomplissait ce pourquoi il \u00e9tait n\u00e9 sans se poser une once de questionnement (enfin, me semblait-il).<\/span><\/span><\/p>\n<p align=\"justify\"><span style=\"font-family: Times New Roman,serif;\"><span style=\"font-size: medium;\">A moins d&rsquo;un danger imm\u00e9diat, il n&rsquo;\u00e9prouvait pas le besoin de s&rsquo;agiter, de partir en tout sens, de faire des suppositions et d&rsquo;envisager le pire. Moi, au sommet de mon \u00e9nergie vitale, des cadeaux de la vie et de mon confort, si !<\/span><\/span><\/p>\n<p align=\"justify\"><span style=\"font-family: Times New Roman,serif;\"><span style=\"font-size: medium;\">La nature nous explique sans parole. <\/span><\/span><\/p>\n<p align=\"justify\"><span style=\"font-family: Times New Roman,serif;\"><span style=\"font-size: medium;\">Deux canards \u00ab\u00a0qui se prennent de bec\u00a0\u00bb, r\u00e8glent leur compte, s&rsquo;en vont chacun de leur c\u00f4t\u00e9, s&rsquo;\u00e9brouent un bon coup pour \u00e9vacuer leur stress, et reprennent le cours de leur vie comme si rien n&rsquo;\u00e9tait survenu\u00a0: bel exemple d&rsquo;\u00eatre dans le moment pr\u00e9sent et dans cette seule seconde uniquement.<\/span><\/span><\/p>\n<p align=\"justify\"><span style=\"font-family: Times New Roman,serif;\"><span style=\"font-size: medium;\">Pourquoi nous, humains, nous chargeons-nous de tant d&rsquo;inqui\u00e9tudes\u00a0? Du poids de notre pass\u00e9\u00a0? De la peur de l&rsquo;avenir\u00a0? \u00c9croul\u00e9s sous la multitude de nos peurs, nous perdons la beaut\u00e9 ineffable de nos moments pr\u00e9sents.<\/span><\/span><\/p>\n<p align=\"justify\"><span style=\"font-family: Times New Roman,serif;\"><span style=\"font-size: medium;\">Dame Nature nous invite \u00e0 chaque instant \u00e0 son culte\u00a0: un vol d&rsquo;hirondelles, un chat qui s&rsquo;\u00e9tire au coin du feu, notre chien qui nous regarde de son amour inconditionnel \u2026 tout nous montre par son exemple le calme et la paix dont nous avons perdu jusqu&rsquo;au souvenir que cela \u00e9tait possible.<\/span><\/span><\/p>\n<p align=\"justify\"><span style=\"font-family: Times New Roman,serif;\"><span style=\"font-size: medium;\">Chaque seconde de ma vie qui passe est un cadeau.<\/span><\/span><\/p>\n<p align=\"justify\"><span style=\"font-family: Times New Roman,serif;\"><span style=\"font-size: medium;\">Je peux choisir d&rsquo;axer mon regard sur ce qu&rsquo;\u00a0\u00ab\u00a0on\u00a0\u00bb veut bien me montrer, ou sur la douceur, la beaut\u00e9 et la s\u00e9r\u00e9nit\u00e9 qui me c\u00f4toient \u00e0 chaque instant du jour et de la nuit, du printemps et de l&rsquo;hiver.<\/span><\/span><\/p>\n<p align=\"justify\"><span style=\"font-family: Times New Roman,serif;\"><span style=\"font-size: medium;\">Je n&rsquo;ai qu&rsquo;\u00e0 porter mon regard sur le miracle de ma main qui \u00e9crit pour me relier \u00e0 ce puits de sagesse.<\/span><\/span><\/p>\n<p align=\"justify\"><span style=\"font-family: Times New Roman,serif;\"><span style=\"font-size: medium;\">Et vous\u00a0?! Que faites-vous \u00e0 l&rsquo;instant\u00a0?! Quelle est la qualit\u00e9 de vos pens\u00e9es\u00a0?! O\u00f9 choisissez-vous de porter votre \u00ab\u00a0Attention\u00a0!\u00bb\u00a0?!\u00a0* <\/span><\/span><\/p>\n<p align=\"left\"><span style=\"font-family: Liberation Serif,serif;\"><span style=\"font-size: medium;\"><i>N<\/i><i>amast\u00e9<\/i> <\/span><\/span><\/p>\n<p align=\"left\"><span style=\"font-family: Liberation Serif,serif;\"><span style=\"font-size: medium;\">Claudine<\/span><\/span><\/p>\n<p align=\"justify\"><span style=\"font-family: Liberation Serif,serif;\"><span style=\"font-size: medium;\"><i>* <\/i><i>Quel d\u00e9lice que les subtilit\u00e9s des paroles \u2026 quelles qu&rsquo;elles soient.<\/i><\/span><\/span><\/p>\n<p align=\"justify\">\n","protected":false},"excerpt":{"rendered":"<p>Il est de plus en plus difficile aujourd&rsquo;hui de rester serein. Un battage m\u00e9diatique est fait pour nous entra\u00eener dans une spirale infernale de peur et d&rsquo;inqui\u00e9tude. Les programmes t\u00e9l\u00e9vis\u00e9s et les journaux sont ax\u00e9s sur les meurtres, les guerres, les conflits. M\u00eame les dessins anim\u00e9s pour nos petits n&rsquo;\u00e9chappent pas \u00e0 cette r\u00e8gle du [&hellip;]<\/p>\n","protected":false},"author":3,"featured_media":0,"comment_status":"open","ping_status":"closed","sticky":false,"template":"","format":"standard","meta":{"footnotes":""},"categories":[1],"tags":[],"class_list":["post-545","post","type-post","status-publish","format-standard","hentry","category-non-classe"],"views":789,"_links":{"self":[{"href":"https:\/\/www.centchemins.fr\/index.php?rest_route=\/wp\/v2\/posts\/545","targetHints":{"allow":["GET"]}}],"collection":[{"href":"https:\/\/www.centchemins.fr\/index.php?rest_route=\/wp\/v2\/posts"}],"about":[{"href":"https:\/\/www.centchemins.fr\/index.php?rest_route=\/wp\/v2\/types\/post"}],"author":[{"embeddable":true,"href":"https:\/\/www.centchemins.fr\/index.php?rest_route=\/wp\/v2\/users\/3"}],"replies":[{"embeddable":true,"href":"https:\/\/www.centchemins.fr\/index.php?rest_route=%2Fwp%2Fv2%2Fcomments&post=545"}],"version-history":[{"count":1,"href":"https:\/\/www.centchemins.fr\/index.php?rest_route=\/wp\/v2\/posts\/545\/revisions"}],"predecessor-version":[{"id":546,"href":"https:\/\/www.centchemins.fr\/index.php?rest_route=\/wp\/v2\/posts\/545\/revisions\/546"}],"wp:attachment":[{"href":"https:\/\/www.centchemins.fr\/index.php?rest_route=%2Fwp%2Fv2%2Fmedia&parent=545"}],"wp:term":[{"taxonomy":"category","embeddable":true,"href":"https:\/\/www.centchemins.fr\/index.php?rest_route=%2Fwp%2Fv2%2Fcategories&post=545"},{"taxonomy":"post_tag","embeddable":true,"href":"https:\/\/www.centchemins.fr\/index.php?rest_route=%2Fwp%2Fv2%2Ftags&post=545"}],"curies":[{"name":"wp","href":"https:\/\/api.w.org\/{rel}","templated":true}]}}