{"id":548,"date":"2016-09-12T20:15:53","date_gmt":"2016-09-12T19:15:53","guid":{"rendered":"http:\/\/www.centchemins.fr\/?p=548"},"modified":"2016-09-12T20:15:53","modified_gmt":"2016-09-12T19:15:53","slug":"comprendre","status":"publish","type":"post","link":"https:\/\/www.centchemins.fr\/?p=548","title":{"rendered":"Comprendre"},"content":{"rendered":"<p align=\"justify\"><span style=\"font-family: Times New Roman,serif;\"><span style=\"font-size: medium;\">Comprendre\u00a0: une solution pour ne plus s&rsquo;\u00e9nerver contre des moulins \u00e0 vent.<\/span><\/span><\/p>\n<p align=\"justify\"><span style=\"font-family: Times New Roman,serif;\"><span style=\"font-size: medium;\">Comprendre que je ne peux pas changer l&rsquo;autre, les autres, le monde, je ne peux que me changer moi.<\/span><\/span><\/p>\n<p align=\"justify\"><span style=\"font-family: Times New Roman,serif;\"><span style=\"font-size: medium;\">Comprendre en tout premier lieu ce qui a fait que je suis moi\u00a0?! Avec mes doutes, mes incertitudes, mes forces, mes faiblesses. De quel bois sont faites mes racines, ma structure, ma vision globale de ma vie, du monde\u00a0? Dans quel terreau ai-je grandi\u00a0? Quels messages subliminaux (ou directs) m&rsquo;ont \u00e9t\u00e9 transmis\u00a0? Lesquels me sont utiles\u00a0? Lesquels puis-je rejeter parce qu&rsquo;obsol\u00e8tes\u00a0?<\/span><\/span><\/p>\n<p align=\"justify\"><span style=\"font-family: Times New Roman,serif;\"><span style=\"font-size: medium;\">Une fois le \u00ab\u00a0d\u00e9broussaillage\u00a0\u00bb de mes certitudes termin\u00e9, regarder \u00ab\u00a0ma r\u00e9alit\u00e9\u00a0\u00bb avec un \u0153il neuf\u00a0: qu&rsquo;elles sont <i>tes<\/i> motivations, <i>tes<\/i> r\u00e9actions \u00e9pidermiques, <i>vos<\/i> motivations, <i>vos<\/i> r\u00e9actions \u00e9pidermiques\u00a0? Suis-je vraiment l&rsquo;instigateur de vos \u00e9nervements ou seulement le d\u00e9clencheur face \u00e0 une situation donn\u00e9e et non r\u00e9solue par \u2026\u00a0? Vous\u00a0!?<\/span><\/span><\/p>\n<p align=\"justify\"><span style=\"font-family: Times New Roman,serif;\"><span style=\"font-size: medium;\">Ai-je \u00e0 porter les non-dits de mon patron \u2013 mon conjoint \u2013 mes proches, etc. (liste non exhaustive et dans le d\u00e9sordre).<\/span><\/span><\/p>\n<p align=\"justify\"><span style=\"font-family: Times New Roman,serif;\"><span style=\"font-size: medium;\">Comprendre que chacun a ses certitudes et ses modes de fonctionner et qu&rsquo;il n&rsquo;en est pas forc\u00e9ment conscient aide \u00e0 changer notre regard sur n&rsquo;importe quelle situation. Cela vaut pour une probl\u00e9matique entre deux ou plusieurs personnes, voire m\u00eame \u00e0 plus grande \u00e9chelle.<\/span><\/span><\/p>\n<p align=\"justify\"><span style=\"font-family: Times New Roman,serif;\"><span style=\"font-size: medium;\">Qu&rsquo;est-ce qui motive un groupe d&rsquo;humains, soi-disant \u00e9lu par le peuple, la plupart du temps impos\u00e9 pour d&rsquo;autres raisons obscures et moins nobles, \u00e0 d\u00e9cider pour nous de ce qui est bon pour nous\u00a0? pour la patrie\u00a0? pour le monde\u00a0?<\/span><\/span><\/p>\n<p align=\"justify\"><span style=\"font-family: Times New Roman,serif;\"><span style=\"font-size: medium;\">De quel droit un humain quel qu&rsquo;il soit se permet-il de prendre l&#8217;emprise sur un autre humain, quel que soit son \u00e2ge ou sa condition, \u00e0 moins d&rsquo;une demande expr\u00e8s d&rsquo;aide fermement exprim\u00e9e ou d&rsquo;une \u00e9vidence\u00a0?<\/span><\/span><\/p>\n<p align=\"justify\"><span style=\"font-family: Times New Roman,serif;\"><span style=\"font-size: medium;\">Cette aide ponctuelle doit \u00eatre donn\u00e9e sans attente et avec une vision du cours terme certaine.<\/span><\/span><\/p>\n<p align=\"justify\"><span style=\"font-family: Times New Roman,serif;\"><span style=\"font-size: medium;\">A chacun de se prendre par la main et de faire son chemin selon ses envies, dans la mesure de ne pas nuire et de faire au mieux.<\/span><\/span><\/p>\n<p align=\"justify\"><span style=\"font-family: Times New Roman,serif;\"><span style=\"font-size: medium;\">Et surtout comprendre qu&rsquo;il y a des motivations \u00e9normes qui d\u00e9passent notre entendement\u00a0: dans quel but sonder l&rsquo;espace\u00a0? Fomenter un g\u00e9nocide\u00a0? Affamer un peuple\u00a0? D\u00e9truire la canop\u00e9e\u00a0?<\/span><\/span><\/p>\n<p align=\"justify\"><span style=\"font-family: Times New Roman,serif;\"><span style=\"font-size: medium;\">S&rsquo;arracher les cheveux ou se nouer l&rsquo;estomac \u00e0 chercher une raison n&rsquo;indispose que moi. Cela est, malheureusement certes, mais je ne peux rien y faire. <\/span><\/span><\/p>\n<p align=\"justify\"><span style=\"font-family: Times New Roman,serif;\"><span style=\"font-size: medium;\">C&rsquo;est le <i>\u00ab\u00a0Pardonne-leur car ils ne savent pas ce qu&rsquo;ils font\u00a0\u00bb<\/i> de la Bible. <\/span><\/span><\/p>\n<p align=\"justify\"><span style=\"font-family: Times New Roman,serif;\"><span style=\"font-size: medium;\">Ai-je moi-m\u00eame \u00e0 pardonner\u00a0? A tout le moins \u00e9viter de juger, d&rsquo;y rajouter de la col\u00e8re et de l&rsquo;inqui\u00e9tude et accepter que je ne ma\u00eetrise pas toutes les donn\u00e9es.<br \/>\n<\/span><\/span><\/p>\n<p align=\"justify\"><span style=\"font-family: Times New Roman,serif;\"><span style=\"font-size: medium;\">Je ne suis responsable que de ma propre vie, de mes choix et de mes d\u00e9cisions. Ce que j&rsquo;applique \u00e0 grande \u00e9chelle, je l&rsquo;applique \u00e9galement pour moi\u00a0: je cesse de me juger, de me mettre en col\u00e8re contre mes propres initiatives et surtout de m&rsquo;inqui\u00e9ter et j&rsquo;accepte de ne pas ma\u00eetriser toutes <em>mes<\/em> donn\u00e9es !<\/span><\/span><\/p>\n<p align=\"left\"><span style=\"font-family: Liberation Serif,serif;\"><span style=\"font-size: medium;\"><i>N<\/i><i>amast\u00e9<\/i> <\/span><\/span><\/p>\n<p align=\"left\"><span style=\"font-family: Liberation Serif,serif;\"><span style=\"font-size: medium;\">Claudine <\/span><\/span><\/p>\n","protected":false},"excerpt":{"rendered":"<p>Comprendre\u00a0: une solution pour ne plus s&rsquo;\u00e9nerver contre des moulins \u00e0 vent. Comprendre que je ne peux pas changer l&rsquo;autre, les autres, le monde, je ne peux que me changer moi. Comprendre en tout premier lieu ce qui a fait que je suis moi\u00a0?! Avec mes doutes, mes incertitudes, mes forces, mes faiblesses. De quel [&hellip;]<\/p>\n","protected":false},"author":3,"featured_media":0,"comment_status":"open","ping_status":"closed","sticky":false,"template":"","format":"standard","meta":{"footnotes":""},"categories":[1],"tags":[],"class_list":["post-548","post","type-post","status-publish","format-standard","hentry","category-non-classe"],"views":817,"_links":{"self":[{"href":"https:\/\/www.centchemins.fr\/index.php?rest_route=\/wp\/v2\/posts\/548","targetHints":{"allow":["GET"]}}],"collection":[{"href":"https:\/\/www.centchemins.fr\/index.php?rest_route=\/wp\/v2\/posts"}],"about":[{"href":"https:\/\/www.centchemins.fr\/index.php?rest_route=\/wp\/v2\/types\/post"}],"author":[{"embeddable":true,"href":"https:\/\/www.centchemins.fr\/index.php?rest_route=\/wp\/v2\/users\/3"}],"replies":[{"embeddable":true,"href":"https:\/\/www.centchemins.fr\/index.php?rest_route=%2Fwp%2Fv2%2Fcomments&post=548"}],"version-history":[{"count":1,"href":"https:\/\/www.centchemins.fr\/index.php?rest_route=\/wp\/v2\/posts\/548\/revisions"}],"predecessor-version":[{"id":549,"href":"https:\/\/www.centchemins.fr\/index.php?rest_route=\/wp\/v2\/posts\/548\/revisions\/549"}],"wp:attachment":[{"href":"https:\/\/www.centchemins.fr\/index.php?rest_route=%2Fwp%2Fv2%2Fmedia&parent=548"}],"wp:term":[{"taxonomy":"category","embeddable":true,"href":"https:\/\/www.centchemins.fr\/index.php?rest_route=%2Fwp%2Fv2%2Fcategories&post=548"},{"taxonomy":"post_tag","embeddable":true,"href":"https:\/\/www.centchemins.fr\/index.php?rest_route=%2Fwp%2Fv2%2Ftags&post=548"}],"curies":[{"name":"wp","href":"https:\/\/api.w.org\/{rel}","templated":true}]}}