{"id":611,"date":"2017-09-22T21:30:01","date_gmt":"2017-09-22T20:30:01","guid":{"rendered":"http:\/\/www.centchemins.fr\/?p=611"},"modified":"2017-09-22T21:30:01","modified_gmt":"2017-09-22T20:30:01","slug":"douter-ou-croire","status":"publish","type":"post","link":"https:\/\/www.centchemins.fr\/?p=611","title":{"rendered":"Douter ou Croire"},"content":{"rendered":"<p align=\"center\"><span style=\"font-family: Liberation Serif,serif;\"><span style=\"font-size: small;\"><i>Si j\u2019y crois et que c\u2019est faux, je ne perds rien.<\/i><\/span><\/span><\/p>\n<p align=\"center\"><span style=\"font-family: Liberation Serif,serif;\"><span style=\"font-size: small;\"><i>Si j\u2019y crois et que c\u2019est vrai, je gagne tout.<\/i><\/span><\/span><\/p>\n<p align=\"center\"><span style=\"font-family: Liberation Serif,serif;\"><span style=\"font-size: small;\"><i>Blaise Pascal<\/i><\/span><\/span><\/p>\n<p align=\"justify\"><span style=\"font-family: Liberation Serif,serif;\"><span style=\"font-size: small;\">Au fur et \u00e0 mesure de nos exp\u00e9rimentations, nous nous forgeons des certitudes.<\/span><\/span><\/p>\n<p align=\"justify\"><span style=\"font-family: Liberation Serif,serif;\"><span style=\"font-size: small;\">Des \u00e9l\u00e9ments ext\u00e9rieurs nous sont apport\u00e9s d\u00e8s notre plus jeune \u00e2ge\u00a0: possible-impossible, vrai-faux, envisageable-\u00e0 bannir.<\/span><\/span><\/p>\n<p align=\"justify\"><span style=\"font-family: Liberation Serif,serif;\"><span style=\"font-size: small;\">A un moment donn\u00e9, nous prenons pour n\u00f4tre \u00ab\u00a0le bien penser\u00a0\u00bb car nous l\u2019avons fait correspondre \u00e0 nos perceptions, souvent aussi car nous craignons de d\u00e9ranger l\u2019ordre \u00e9tabli.<\/span><\/span><\/p>\n<p align=\"justify\"><span style=\"font-family: Liberation Serif,serif;\"><span style=\"font-size: small;\">Nous nous enfermons seuls-es dans le b\u00e9ton de nos certitudes car il correspond \u00e0 notre ressenti issu de notre \u00e9ducation et du \u00ab\u00a0formatage\u00a0\u00bb de notre cerveau.<\/span><\/span><\/p>\n<p align=\"justify\"><span style=\"font-family: Liberation Serif,serif;\"><span style=\"font-size: small;\">Il est de notori\u00e9t\u00e9 publique que la plupart d\u2019entre nous n\u2019exploite qu\u2019une toute petite partie du potentiel de notre cerveau. <\/span><\/span><\/p>\n<p align=\"justify\"><span style=\"font-size: small;\"><i>Notre intelligence tient dans l&rsquo;ordre des choses intelligibles le m\u00eame rang que notre corps dans l&rsquo;\u00e9tendue de la nature. <\/i><\/span><span style=\"font-size: small;\"><i>B. Pascal (encore Lui <\/i><\/span><span style=\"font-family: Wingdings;\"><span style=\"font-size: small;\">\uf04a<\/span><\/span><span style=\"font-family: Liberation Sans,sans-serif;\"><span style=\"font-size: small;\">)<\/span><\/span><\/p>\n<p align=\"justify\"><span style=\"font-family: Liberation Serif,serif;\"><span style=\"font-size: small;\">\u00c0 notre d\u00e9charge, nous faisons confiance \u00e0 nos cinq sens.<\/span><\/span><\/p>\n<p align=\"justify\"><span style=\"font-family: Liberation Serif,serif;\"><span style=\"font-size: small;\">Malheureusement, nous ne cherchons pas au-del\u00e0.<\/span><\/span><\/p>\n<p align=\"justify\"><span style=\"font-family: Liberation Serif,serif;\"><span style=\"font-size: small;\">Pourtant, nos cinq sens nous disent clairement qu\u2019ils n\u2019ont que faire de notre bien penser.<\/span><\/span><\/p>\n<p align=\"justify\"><span style=\"font-family: Liberation Serif,serif;\"><span style=\"font-size: small;\">Que cela nous plaise ou non, ils avancent leur petit bonhomme de chemin sans que nous ayons grand-chose \u00e0 y dire.<\/span><\/span><\/p>\n<p align=\"justify\"><span style=\"font-family: Liberation Serif,serif;\"><span style=\"font-size: small;\">Si j\u2019agresse mes tympans et que mon audition s\u2019affaiblit, aucune volont\u00e9 ou pens\u00e9e ne me fera revenir \u00e0 entendre clairement ( quoi que \u2026).<\/span><\/span><\/p>\n<p align=\"justify\"><span style=\"font-family: Liberation Serif,serif;\"><span style=\"font-size: small;\">Quand j\u2019entends un son, je ne r\u00e9alise pas qu\u2019il y a une vie propre\u00a0: le son est une vibration qui existe ind\u00e9pendamment de ma petite personne.<\/span><\/span><\/p>\n<p align=\"justify\"><span style=\"font-family: Liberation Serif,serif;\"><span style=\"font-size: small;\">Par exemple, le bruit d\u2019un moteur de voiture en marche est continu. Quand la voiture passe devant moi, le son arrive \u00e0 mes tympans, je le per\u00e7ois \u00e0 cet instant, il devient ma r\u00e9alit\u00e9 incontournable. Il ressort tr\u00e8s vite de mon champ de perception. Je l\u2019\u00e9coute aussi longtemps que mes tympans en sont capables.<\/span><\/span><\/p>\n<p align=\"justify\"><span style=\"font-family: Liberation Serif,serif;\"><span style=\"font-size: small;\">Mais ce n\u2019est pas parce qu\u2019il sort de mon champ de perception qu\u2019il n\u2019existe plus\u00a0!<\/span><\/span><\/p>\n<p align=\"justify\"><span style=\"font-family: Liberation Serif,serif;\"><span style=\"font-size: small;\">Idem pour ce qui se pr\u00e9sente \u00e0 mes yeux.<\/span><\/span><\/p>\n<p align=\"justify\"><span style=\"font-family: Liberation Serif,serif;\"><span style=\"font-size: small;\">J\u2019y crois parce que je le vois et l\u2019entends.<\/span><\/span><\/p>\n<p align=\"justify\"><span style=\"font-family: Liberation Serif,serif;\"><span style=\"font-size: small;\">Je peux me limiter \u00e0 cette seule r\u00e9alit\u00e9\u00a0: ce que mes sens veulent bien me donner.<\/span><\/span><\/p>\n<p align=\"justify\"><span style=\"font-family: Liberation Serif,serif;\"><span style=\"font-size: small;\">Pourtant, personne ne doute de la r\u00e9alit\u00e9 des ondes t\u00e9l\u00e9phoniques. Mais qui les voit\u00a0? Qui les entend sans moyens techniques\u00a0?<\/span><\/span><\/p>\n<p align=\"justify\"><span style=\"font-family: Liberation Serif,serif;\"><span style=\"font-size: small;\">Je prends cet exemple tr\u00e8s concret et tr\u00e8s parlant \u00e0 la majorit\u00e9 d\u2019entre nous, quel que soit notre \u00e2ge.<\/span><\/span><\/p>\n<p align=\"justify\"><span style=\"font-family: Liberation Serif,serif;\"><span style=\"font-size: small;\">Personne ne viendrait \u00e0 les nier parce qu\u2019il ne les voit pas et ne les entend pas sans portable, sous peine de se ridiculiser.<\/span><\/span><\/p>\n<p align=\"justify\"><span style=\"font-family: Liberation Serif,serif;\"><span style=\"font-size: small;\">Ce seul exemple ouvre un champ infini de possibles\u00a0: il ferait jour en permanence que nous ne saurions pas qu\u2019il existe des \u00e9toiles, des plan\u00e8tes, un syst\u00e8me solaire\u00a0; de jour, l\u2019oeil ne les per\u00e7oit pas.<\/span><\/span><\/p>\n<p align=\"justify\"><span style=\"font-family: Liberation Serif,serif;\"><span style=\"font-size: small;\">Les humains n\u2019auraient pas eu de maladies qu\u2019aucun scientifique n\u2019aurait d\u00e9couvert les cellules, les virus, les bact\u00e9ries.<\/span><\/span><\/p>\n<p align=\"justify\"><span style=\"font-family: Liberation Serif,serif;\"><span style=\"font-size: small;\">S\u2019il n\u2019y avait pas eu des curieux en tout genre, nous aurions ignor\u00e9 les atomes, les ions, les champs \u00e9lectriques, etc. l\u2019infiniment petit et l\u2019infiniment grand \u00e9galement.<\/span><\/span><\/p>\n<p align=\"justify\"><span style=\"font-family: Liberation Serif,serif;\"><span style=\"font-size: small;\">Je ne suis pas en train de conseiller de faire un proc\u00e8s \u00e0 nos sens\u00a0:<\/span><\/span><\/p>\n<p align=\"justify\"><span style=\"font-family: Liberation Serif,serif;\"><span style=\"font-size: small;\">&#8211; vous m\u2019avez tromp\u00e9-e\u00a0! Il existe autre chose que ce que vous voulez bien me donner\u00a0!<\/span><\/span><\/p>\n<p align=\"justify\"><span style=\"font-family: Liberation Serif,serif;\"><span style=\"font-size: small;\">Je me dis simplement\u00a0: quoi qu\u2019on me pr\u00e9sente, quoi que je vive au-del\u00e0 de mes certitudes, de mes acquis et de mes perceptions<\/span><\/span><\/p>\n<p align=\"center\"><span style=\"font-family: Liberation Serif,serif;\"><span style=\"font-size: small;\"><i>et si cela \u00e9tait possible, qu\u2019aurais-je \u00e0 y gagner\u00a0?<\/i><\/span><\/span><\/p>\n<p align=\"justify\"><span style=\"font-family: Liberation Serif,serif;\"><span style=\"font-size: small;\">Je remercie mon chemin de vie qui m\u2019a bouscul\u00e9e jusqu\u2019\u00e0 aller voir au-del\u00e0, ma curiosit\u00e9 qui anime toutes mes recherches, mes sens qui s\u2019ouvrent \u00e0 toutes mes folies et me suivent, car j\u2019y ai trouv\u00e9 la Qui\u00e9tude.<\/span><\/span><\/p>\n<p align=\"justify\"><span style=\"font-family: Liberation Serif,serif;\"><span style=\"font-size: small;\">Point de drogue, de qu\u00eate \u00e9ternelle, de chemin de croix, juste la confiance, le l\u00e2cher prise, l\u2019esprit d\u2019ouverture.<\/span><\/span><\/p>\n<p align=\"justify\"><span style=\"font-family: Liberation Serif,serif;\"><span style=\"font-size: small;\">Qu\u2019ai-je \u00e0 apprendre de cette exp\u00e9rience\u00a0?<\/span><\/span><\/p>\n<p align=\"justify\"><span style=\"font-family: Liberation Serif,serif;\"><span style=\"font-size: small;\">Qu\u2019est-ce que <i>mes<\/i> sens me disent\u00a0?<\/span><\/span><\/p>\n<p align=\"justify\"><span style=\"font-family: Liberation Serif,serif;\"><span style=\"font-size: small;\">Qu\u2019est-ce que <i>mon<\/i> intuition me sugg\u00e8re\u00a0?<\/span><\/span><\/p>\n<p align=\"justify\"><span style=\"font-family: Liberation Serif,serif;\"><span style=\"font-size: small;\">Une marche apr\u00e8s l\u2019autre, accepter de quitter l\u2019impossible pour gravir l\u2019escalier du \u00ab\u00a0pourquoi pas\u00a0!\u00a0\u00bb offre des perspectives \u00a0<i>extra<\/i>\u00a0ordinaires.<\/span><\/span><\/p>\n<p align=\"justify\"><span style=\"font-family: Liberation Serif,serif;\"><span style=\"font-size: small;\">Et que c\u2019est bon de sortir de l\u2019ordinaire\u00a0!!!\u00a0<span style=\"font-family: Wingdings;\">\uf04a<\/span><\/span><\/span><\/p>\n<p align=\"center\"><span style=\"font-family: Times New Roman,serif;\"><span style=\"font-size: small;\"><i>Introduis le doute dans tes croyances pour avancer<\/i><\/span><\/span><\/p>\n<p align=\"justify\"><span style=\"font-size: small;\"><i> <\/i><span style=\"font-family: Liberation Serif,serif;\"><i>N<\/i><\/span><span style=\"font-family: Liberation Serif,serif;\"><i>amast\u00e9<\/i><\/span><\/span><\/p>\n<p align=\"justify\"><span style=\"font-family: Liberation Serif,serif;\"><span style=\"font-size: small;\">Claudine<\/span><\/span><\/p>\n<p align=\"justify\"><span style=\"font-family: Liberation Serif,serif;\"><span style=\"font-size: small;\">\u00ab\u00a0La sagesse s\u2019est d\u00e9blayer le regard de tous les pr\u00e9jug\u00e9s que l\u2019on peut mettre entre les \u00eatres humains.\u00a0\u00bb<\/span><\/span><\/p>\n<p align=\"justify\"><span style=\"font-family: Liberation Serif,serif;\"><span style=\"font-size: small;\"> <i> Alexandre Jollien<\/i><\/span><\/span><\/p>\n<p align=\"justify\">\n<p align=\"justify\">\n<p align=\"justify\">\n","protected":false},"excerpt":{"rendered":"<p>Si j\u2019y crois et que c\u2019est faux, je ne perds rien. Si j\u2019y crois et que c\u2019est vrai, je gagne tout. Blaise Pascal Au fur et \u00e0 mesure de nos exp\u00e9rimentations, nous nous forgeons des certitudes. Des \u00e9l\u00e9ments ext\u00e9rieurs nous sont apport\u00e9s d\u00e8s notre plus jeune \u00e2ge\u00a0: possible-impossible, vrai-faux, envisageable-\u00e0 bannir. A un moment donn\u00e9, [&hellip;]<\/p>\n","protected":false},"author":3,"featured_media":0,"comment_status":"open","ping_status":"closed","sticky":false,"template":"","format":"standard","meta":{"footnotes":""},"categories":[1],"tags":[],"class_list":["post-611","post","type-post","status-publish","format-standard","hentry","category-non-classe"],"views":798,"_links":{"self":[{"href":"https:\/\/www.centchemins.fr\/index.php?rest_route=\/wp\/v2\/posts\/611","targetHints":{"allow":["GET"]}}],"collection":[{"href":"https:\/\/www.centchemins.fr\/index.php?rest_route=\/wp\/v2\/posts"}],"about":[{"href":"https:\/\/www.centchemins.fr\/index.php?rest_route=\/wp\/v2\/types\/post"}],"author":[{"embeddable":true,"href":"https:\/\/www.centchemins.fr\/index.php?rest_route=\/wp\/v2\/users\/3"}],"replies":[{"embeddable":true,"href":"https:\/\/www.centchemins.fr\/index.php?rest_route=%2Fwp%2Fv2%2Fcomments&post=611"}],"version-history":[{"count":1,"href":"https:\/\/www.centchemins.fr\/index.php?rest_route=\/wp\/v2\/posts\/611\/revisions"}],"predecessor-version":[{"id":612,"href":"https:\/\/www.centchemins.fr\/index.php?rest_route=\/wp\/v2\/posts\/611\/revisions\/612"}],"wp:attachment":[{"href":"https:\/\/www.centchemins.fr\/index.php?rest_route=%2Fwp%2Fv2%2Fmedia&parent=611"}],"wp:term":[{"taxonomy":"category","embeddable":true,"href":"https:\/\/www.centchemins.fr\/index.php?rest_route=%2Fwp%2Fv2%2Fcategories&post=611"},{"taxonomy":"post_tag","embeddable":true,"href":"https:\/\/www.centchemins.fr\/index.php?rest_route=%2Fwp%2Fv2%2Ftags&post=611"}],"curies":[{"name":"wp","href":"https:\/\/api.w.org\/{rel}","templated":true}]}}