{"id":647,"date":"2018-04-15T20:00:25","date_gmt":"2018-04-15T19:00:25","guid":{"rendered":"http:\/\/www.centchemins.fr\/?p=647"},"modified":"2018-04-22T20:02:14","modified_gmt":"2018-04-22T19:02:14","slug":"je-me-prepare","status":"publish","type":"post","link":"https:\/\/www.centchemins.fr\/?p=647","title":{"rendered":"Je me pr\u00e9pare"},"content":{"rendered":"<p align=\"justify\"><span style=\"font-family: Cambria, serif;\"><span style=\"font-size: medium;\">Avec les ann\u00e9es qui tournent plus vite que je ne l&rsquo;aurais jamais imagin\u00e9, s&rsquo;installe en moi une forme de r\u00e9volte, d&rsquo;injustice\u00a0: moi je croyais que je serais toujours jeune\u00a0!<\/span><\/span><\/p>\n<p align=\"justify\"><span style=\"font-family: Cambria, serif;\"><span style=\"font-size: medium;\">Cadette de la fratrie, de mes cousins et cousines, forc\u00e9ment de mes oncles et tantes, j&rsquo;ai toujours \u00e9t\u00e9 consid\u00e9r\u00e9e comme \u00ab\u00a0la petite derni\u00e8re\u00a0\u00bb, celle qui doit aller se coucher la premi\u00e8re, qui regarde les autres partir danser et s&rsquo;amuser.<\/span><\/span><\/p>\n<p align=\"justify\"><span style=\"font-family: Cambria, serif;\"><span style=\"font-size: medium;\">Cela est m\u00eame all\u00e9 jusqu&rsquo;\u00e0\u00a0: \u00abAh non\u00a0! Claudine on ne la r\u00e9veille pas\u00a0! Elle est trop petite\u00a0!\u00a0\u00bb. Ma gr\u00e2ce est venue d&rsquo;une grand-tante qui a jug\u00e9 l&rsquo;\u00e9v\u00e9nement suffisamment important pour qu&rsquo;on coupe mon sommeil\u00a0: les premiers pas de l&rsquo;homme sur la Lune, \u00e9mission de t\u00e9l\u00e9vision retransmise au milieu de la nuit, en juillet 1969. J&rsquo;avais dix ans.<\/span><\/span><\/p>\n<p align=\"justify\"><span style=\"font-family: Cambria, serif;\"><span style=\"font-size: medium;\">Forte de cette image de gamine, je ne me suis jamais sentie vieille.<\/span><\/span><\/p>\n<p align=\"justify\"><span style=\"font-family: Cambria, serif;\"><span style=\"font-size: medium;\">Sauf progressivement, maintenant, dans le regard des autres. Par exemple, cette petite doctoresse tout juste \u00e9moulue de l&rsquo;universit\u00e9\u00a0:<\/span><\/span><\/p>\n<p align=\"justify\"><span style=\"font-family: Cambria, serif;\"><span style=\"font-size: medium;\">&#8211; Comment\u00a0! \u00c0 votre \u00e2ge\u00a0! Vous ne prenez aucun m\u00e9dicament\u00a0?!<\/span><\/span><\/p>\n<p align=\"justify\"><span style=\"font-family: Cambria, serif;\"><span style=\"font-size: medium;\">H\u00e9 bien non, mademoiselle, ce n&rsquo;est ni une fatalit\u00e9, ni une obligation.<\/span><\/span><\/p>\n<p align=\"justify\"><span style=\"font-family: Cambria, serif;\"><span style=\"font-size: medium;\">Je regarde avec admiration et envie les champions de danse de rock n&rsquo;roll\u00a0: plus l\u00e9gers que des plumes, plus rapides que n&rsquo;importe quel animal sur pattes. De m\u00eame les danseurs de danses irlandaises\u00a0! Comme le corps humain est une m\u00e9canique merveilleuse\u00a0!<\/span><\/span><\/p>\n<p align=\"justify\"><span style=\"font-family: Cambria, serif;\"><span style=\"font-size: medium;\">Mes petits enfant \u00e9voluent autour de moi avec une \u00e9nergie jamais \u00e9puis\u00e9e. J&rsquo;\u00e9tais comme \u00e7a moi\u00a0? <\/span><\/span><\/p>\n<p align=\"justify\"><span style=\"font-family: Cambria, serif;\"><span style=\"font-size: medium;\">Comme on oublie vite sans s&rsquo;en rendre compte.<\/span><\/span><\/p>\n<p align=\"justify\"><span style=\"font-family: Cambria, serif;\"><span style=\"font-size: medium;\">Petit-\u00e0-petit, le corps s&rsquo;ankylose, se cristallise.<\/span><\/span><\/p>\n<p align=\"justify\"><span style=\"font-family: Cambria, serif;\"><span style=\"font-size: medium;\">Pourquoi\u00a0? N&rsquo;est-ce pas m\u00e9chancet\u00e9 gratuite\u00a0?<\/span><\/span><\/p>\n<p align=\"justify\"><span style=\"font-family: Cambria, serif;\"><span style=\"font-size: medium;\">Pourquoi \u00e0 la veille de mes soixante ans, ne pourrais-je pas danser \u00e9perdument, grimper sur une chaise d&rsquo;un saut de puce, sauter d&rsquo;un arbre, sans grincer comme un vieux sous-marin tout rouill\u00e9\u00a0?<\/span><\/span><\/p>\n<p align=\"justify\"><span style=\"font-family: Cambria, serif;\"><span style=\"font-size: medium;\">Pourquoi, bien que je veille \u00e0 mon alimentation, \u00e0 mon hygi\u00e8ne de vie, \u00e0 toujours rester mobile, mon corps se \u00ab\u00a0solidifie\u00a0\u00bb\u00a0?<\/span><\/span><\/p>\n<p align=\"justify\"><span style=\"font-family: Cambria, serif;\"><span style=\"font-size: medium;\">Qu&rsquo;est-ce que la facilit\u00e9 de mouvement, l&rsquo;hyperactivit\u00e9, m&#8217;emp\u00eache de vivre\u00a0?<\/span><\/span><\/p>\n<p align=\"justify\"><span style=\"font-family: Cambria, serif;\"><span style=\"font-size: medium;\">Peut-\u00eatre \u00e0 vouloir trop courir, j&rsquo;en oublie d&rsquo;\u00eatre.<\/span><\/span><\/p>\n<p align=\"justify\"><span style=\"font-family: Cambria, serif;\"><span style=\"font-size: medium;\">Peut-\u00eatre, vivons-nous ce ralentissement pour \u00ab\u00a0grandir \u00e0 l&rsquo;int\u00e9rieur\u00a0\u00bb. La m\u00e9taphore du papillon semble la cl\u00e9.<\/span><\/span><\/p>\n<p align=\"justify\"><span style=\"font-family: Cambria, serif;\"><span style=\"font-size: medium;\">Nous sommes chenilles retenues au sol, \u00e0 la d\u00e9couverte des mille plaisirs de la mat\u00e9rialit\u00e9, oublieux de voir l&rsquo;invisible.<\/span><\/span><\/p>\n<p align=\"justify\"><span style=\"font-family: Cambria, serif;\"><span style=\"font-size: medium;\">En grandissant, nous entrons dans une phase de construction. Nous avons \u00e0 poser les jalons de notre vie, ce que nous allons en faire, trouver notre place dans la soci\u00e9t\u00e9, inconscients de la finalit\u00e9, pris que nous sommes par l&rsquo;importance de se bien trouver.<\/span><\/span><\/p>\n<p align=\"justify\"><span style=\"font-family: Cambria, serif;\"><span style=\"font-size: medium;\">Puis le rythme ralentit, le corps appelle \u00e0 \u00eatre reconnu, entendu. La petite chenille commence \u00e0 construire son cocon de fil de soie.<\/span><\/span><\/p>\n<p align=\"justify\"><span style=\"font-family: Cambria, serif;\"><span style=\"font-size: medium;\">Me voil\u00e0 pieds et mains li\u00e9s\u00a0; enfin \u2026 pas tout-\u00e0-fait <span style=\"font-family: Wingdings;\">\uf04a<\/span>.<\/span><\/span><\/p>\n<p align=\"justify\"><span style=\"font-family: Cambria, serif;\"><span style=\"font-size: medium;\">Qu&rsquo;est-ce qui a chang\u00e9 en moi\u00a0? Qu&rsquo;est-ce qui n&rsquo;est pas alt\u00e9r\u00e9\u00a0?\u00a0: ma capacit\u00e9 d&rsquo;aimer, de penser, de r\u00e9fl\u00e9chir.<\/span><\/span><\/p>\n<p align=\"justify\"><span style=\"font-family: Cambria, serif;\"><span style=\"font-size: medium;\">Que m&rsquo;apporte l&rsquo;immobilisme\u00a0?<\/span><\/span><\/p>\n<p align=\"justify\"><span style=\"font-family: Cambria, serif;\"><span style=\"font-size: medium;\">Comme le b\u00e9b\u00e9 agit\u00e9 trouve l&rsquo;apaisement dans l&#8217;emmaillotement, mon introspection obligatoire m&rsquo;am\u00e8ne \u00e0 l&rsquo;observation, au calme, \u00e0 l&rsquo;\u00e9merveillement.<\/span><\/span><\/p>\n<p align=\"justify\"><span style=\"font-family: Cambria, serif;\"><span style=\"font-size: medium;\">Ce qui en moi se referme m&rsquo;oblige \u00e0 une ouverture d&rsquo;esprit, de conscience, \u00e0 d\u00e9ployer les ailes de mon regard, de mes perceptions, de mes ressentis.<\/span><\/span><\/p>\n<p align=\"justify\"><span style=\"font-family: Cambria, serif;\"><span style=\"font-size: medium;\">Toujours, ma fid\u00e8le compagne, mon amie infaillible, m&rsquo;ouvre et me guide\u00a0: ma respiration me ram\u00e8ne \u00e0 l&rsquo;\u00eatre. Cette seconde-l\u00e0, ce souffle-l\u00e0\u00a0! Quel lot d&rsquo;intuitions magnifiques m&rsquo;apporte-t-elle\u00a0? Jusqu&rsquo;o\u00f9 mes sens peuvent percevoir de l&rsquo;imperceptible\u00a0?<\/span><\/span><\/p>\n<p align=\"justify\"><span style=\"font-family: Cambria, serif;\"><span style=\"font-size: medium;\">Il n&rsquo;y a aucune m\u00e9chancet\u00e9 \u00e0 vieillir, juste un acte d&rsquo;Amour inconditionnel\u00a0: n&rsquo;oublie pas de revenir \u00e0 Moi de ton voyage extraordinaire, l\u00e0, doucement, en ton centre, Je Suis.<\/span><\/span><\/p>\n<p align=\"left\"><span style=\"font-family: Cambria, serif;\"><span style=\"font-size: medium;\"><i>N<\/i><i>amast\u00e9 &#8211; <\/i>Claudine <\/span><\/span><\/p>\n<p align=\"justify\">\n","protected":false},"excerpt":{"rendered":"<p>Avec les ann\u00e9es qui tournent plus vite que je ne l&rsquo;aurais jamais imagin\u00e9, s&rsquo;installe en moi une forme de r\u00e9volte, d&rsquo;injustice\u00a0: moi je croyais que je serais toujours jeune\u00a0! Cadette de la fratrie, de mes cousins et cousines, forc\u00e9ment de mes oncles et tantes, j&rsquo;ai toujours \u00e9t\u00e9 consid\u00e9r\u00e9e comme \u00ab\u00a0la petite derni\u00e8re\u00a0\u00bb, celle qui doit [&hellip;]<\/p>\n","protected":false},"author":3,"featured_media":0,"comment_status":"open","ping_status":"closed","sticky":false,"template":"","format":"standard","meta":{"footnotes":""},"categories":[1],"tags":[],"class_list":["post-647","post","type-post","status-publish","format-standard","hentry","category-non-classe"],"views":834,"_links":{"self":[{"href":"https:\/\/www.centchemins.fr\/index.php?rest_route=\/wp\/v2\/posts\/647","targetHints":{"allow":["GET"]}}],"collection":[{"href":"https:\/\/www.centchemins.fr\/index.php?rest_route=\/wp\/v2\/posts"}],"about":[{"href":"https:\/\/www.centchemins.fr\/index.php?rest_route=\/wp\/v2\/types\/post"}],"author":[{"embeddable":true,"href":"https:\/\/www.centchemins.fr\/index.php?rest_route=\/wp\/v2\/users\/3"}],"replies":[{"embeddable":true,"href":"https:\/\/www.centchemins.fr\/index.php?rest_route=%2Fwp%2Fv2%2Fcomments&post=647"}],"version-history":[{"count":1,"href":"https:\/\/www.centchemins.fr\/index.php?rest_route=\/wp\/v2\/posts\/647\/revisions"}],"predecessor-version":[{"id":648,"href":"https:\/\/www.centchemins.fr\/index.php?rest_route=\/wp\/v2\/posts\/647\/revisions\/648"}],"wp:attachment":[{"href":"https:\/\/www.centchemins.fr\/index.php?rest_route=%2Fwp%2Fv2%2Fmedia&parent=647"}],"wp:term":[{"taxonomy":"category","embeddable":true,"href":"https:\/\/www.centchemins.fr\/index.php?rest_route=%2Fwp%2Fv2%2Fcategories&post=647"},{"taxonomy":"post_tag","embeddable":true,"href":"https:\/\/www.centchemins.fr\/index.php?rest_route=%2Fwp%2Fv2%2Ftags&post=647"}],"curies":[{"name":"wp","href":"https:\/\/api.w.org\/{rel}","templated":true}]}}