{"id":666,"date":"2019-01-25T09:56:07","date_gmt":"2019-01-25T08:56:07","guid":{"rendered":"http:\/\/www.centchemins.fr\/?p=666"},"modified":"2019-01-27T10:04:20","modified_gmt":"2019-01-27T09:04:20","slug":"le-miroir","status":"publish","type":"post","link":"https:\/\/www.centchemins.fr\/?p=666","title":{"rendered":"Le Miroir"},"content":{"rendered":"\n<p class=\"wp-block-paragraph\"> Tout est miroir de ma r\u00e9alit\u00e9.<\/p>\n\n\n\n<p class=\"wp-block-paragraph\">\nCe\nqui est en haut est comme ce qui est en bas. Ce qui est en bas est\ncomme ce qui est en haut.<\/p>\n\n\n\n<p class=\"wp-block-paragraph\">\nCe\nprincipe, valable sur le plan vertical, l\u2019est aussi sur tous les\nplans. Dans ma perception horizontal de la vie, pass\u00e9, pr\u00e9sent,\nfutur, mais aussi dans toute <em>ma<\/em> r\u00e9alit\u00e9.<\/p>\n\n\n\n<p class=\"wp-block-paragraph\">\nCela\nveut dire que <em>tout<\/em> est moi.<\/p>\n\n\n\n<p class=\"wp-block-paragraph\">\n<em>Je\nsuis<\/em> ma seule r\u00e9alit\u00e9.<\/p>\n\n\n\n<p class=\"wp-block-paragraph\">\nQuoi\nque je vive, cela m\u2019appartient. Cela appartient \u00e0 ma r\u00e9alit\u00e9. Il\nn\u2019y a que depuis moi que je peux la transformer.<\/p>\n\n\n\n<p class=\"wp-block-paragraph\">\nUn\nexemple de nos sept milliards de nos r\u00e9alit\u00e9s (puisqu\u2019il y a\nenviron sept milliards d\u2019humains sur Terre)&nbsp;: \n<\/p>\n\n\n\n<p class=\"wp-block-paragraph\">\nVous\nd\u00e9testez la pluie. Trois jours de pluie vous donnent le cafard, vous\ndevenez grognon, la vie vous para\u00eet plus lourde, vous \u00eates\nemp\u00each\u00e9-e dans vos projets.<\/p>\n\n\n\n<p class=\"wp-block-paragraph\">\nMa\nr\u00e9alit\u00e9 est toute autre&nbsp;: j\u2019adore la pluie. Tout simplement\nparce que j\u2019adore l\u2019eau. L\u2019eau est mon aliment premier, vital,\nla douche m\u2019est un d\u00e9lice, un bain dans un lac ou la mer une\nrenaissance. L\u2019odeur de la pluie, son son cristallin, l\u2019aspect\nbrillant qu\u2019elle donne \u00e0 toute chose m\u2019enchante.<\/p>\n\n\n\n<p class=\"wp-block-paragraph\">\nVous\nvoyez&nbsp;: deux personnes et deux r\u00e9alit\u00e9s diff\u00e9rentes&nbsp;!\nDemandez autour de vous comment vos connaissances per\u00e7oivent la\npluie. Il y a fort \u00e0 parier que pas deux personnes vous d\u00e9crirons\nleurs ressentis de fa\u00e7on identique. \n<\/p>\n\n\n\n<p class=\"wp-block-paragraph\">\nSept\nmilliards d\u2019humains = sept milliards de r\u00e9alit\u00e9s. Ce que\nj\u2019extrapole en exemple ram\u00e8ne \u00e0 notre int\u00e9riorit\u00e9.<\/p>\n\n\n\n<p class=\"wp-block-paragraph\">\n<em>Tout<\/em>\nn\u2019est que le reflet de mes ressentis, de mes perceptions, de<em> mon\nniveau de conscience,<\/em> de mon \u00e9veil.<\/p>\n\n\n\n<p class=\"wp-block-paragraph\">\nA\npartir de cet exemple simple, je peux comprendre que je cr\u00e9e ma\nr\u00e9alit\u00e9 en fonction de mon seul ressenti, joie ou tristesse. Je\nnourris l\u2019une ou l\u2019autre. Selon Spinoza <em>(1632-1677)<\/em>, il\nn\u2019y a qu\u2019\u00e0 augmenter la joie, donc nos vibrations, pour modifier\ntoute notre r\u00e9alit\u00e9.<\/p>\n\n\n\n<p class=\"wp-block-paragraph\">\nGandhi\ndisait la m\u00eame chose&nbsp;: \u00ab&nbsp;soyez le changement que vous\nvoulez voir pour le monde&nbsp;\u00bb.<\/p>\n\n\n\n<p class=\"wp-block-paragraph\">\nSi\nle monde est le reflet de ma r\u00e9alit\u00e9, il appartient <em>de ma\nresponsabilit\u00e9<\/em> de le changer.<\/p>\n\n\n\n<p class=\"wp-block-paragraph\">\nMandela\nexprimait aussi cette m\u00eame v\u00e9rit\u00e9 en citant son po\u00e8me favori du\nfond de son cachot&nbsp;: \u00ab&nbsp;Je suis le ma\u00eetre de mon destin,\nle capitaine de mon \u00e2me&nbsp;\u00bb.<\/p>\n\n\n\n<p class=\"wp-block-paragraph\">\nIl\na divorc\u00e9 de Winnie, son \u00e9pouse, qui restait dans une volont\u00e9 de\nconflits. Le nom de Nelson Mandela est rest\u00e9, des statues ont \u00e9t\u00e9\n\u00e9rig\u00e9es \u00e0 son effigie, son \u0153uvre parle au c\u0153ur de chacun partout\ndans le monde. Pas celle de Winnie.<\/p>\n\n\n\n<p class=\"wp-block-paragraph\">\nMandela\na d\u2019abord v\u00e9cu int\u00e9rieurement son changement de r\u00e9alit\u00e9 avant\nde devenir le grand vecteur de paix reconnu du monde entier. Vingt\nsept ann\u00e9es d\u2019emprisonnement et de travaux forc\u00e9s et pas une once\nde rancune&nbsp;! Qui dit mieux&nbsp;?!<\/p>\n\n\n\n<p class=\"wp-block-paragraph\">\nLe\nbarom\u00e8tre de ma r\u00e9alit\u00e9 est mon ressenti, mes \u00e9motions.<\/p>\n\n\n\n<p class=\"wp-block-paragraph\">\nApprendre\n\u00e0 les reconna\u00eetre m\u2019am\u00e8ne \u00e0 modifier ma qualit\u00e9 de vie.\nModifier ma qualit\u00e9 de vie apporte le changement que je d\u00e9sire voir\npour le monde. Quand je suis en joie, calme, centr\u00e9-e, tout s\u2019apaise\nen moi et autour de moi. C\u2019est le battement d\u2019aile du papillon\nqui provoque un typhon d\u2019amour \u00e0 l\u2019autre bout de l\u2019univers,\ncar tout est reli\u00e9, tout est UN.<\/p>\n\n\n\n<p class=\"wp-block-paragraph\">\nLa\ndifficult\u00e9 se pr\u00e9sente quand un ou des \u00e9v\u00e9nements me mettent\n<em>\u00ab&nbsp;hors de moi&nbsp;\u00bb.<\/em><\/p>\n\n\n\n<p class=\"wp-block-paragraph\">\nBingo&nbsp;!\nLe but est atteint, je perds compl\u00e8tement pied car je suis sorti-e\nde ma zone de confort.<\/p>\n\n\n\n<p class=\"wp-block-paragraph\">\nPas\nde m\u00e9chancet\u00e9 de la part de mon \u00e2me, juste un retour \u00e0\nl\u2019apprentissage, encore et encore, comme un devoir d\u2019\u00e9cole mille\nfois revisit\u00e9 pour \u00eatre appris.<\/p>\n\n\n\n<p class=\"wp-block-paragraph\">\nPar\nla r\u00e9gularit\u00e9, par la t\u00e9nacit\u00e9, par la patience, par la\ngentillesse et la douceur <strong>envers moi-m\u00eame<\/strong>, par <em>l\u2019\u00e9veil<\/em>,\nje reviens \u00ab<em>&nbsp;dans le c\u0153ur de mon c\u0153ur, l\u00e0, dans ce moment\nparfait, et je cr\u00e9e la joie de demain&nbsp;\u00bb.<\/em><\/p>\n\n\n\n<p class=\"wp-block-paragraph\" style=\"text-align:left\">\n                                                                     \n                            Je\nvous aime.<\/p>\n\n\n\n<p class=\"wp-block-paragraph\">        \n                         \n                                          <em>N<\/em><em>amast\u00e9\n    &#8211;    <\/em>Claudine\n                                                                     \n       \n \n<\/p>\n\n\n\n<p class=\"wp-block-paragraph\">                                                                                                                                     <\/p>\n","protected":false},"excerpt":{"rendered":"<p>Tout est miroir de ma r\u00e9alit\u00e9. Ce qui est en haut est comme ce qui est en bas. Ce qui est en bas est comme ce qui est en haut. Ce principe, valable sur le plan vertical, l\u2019est aussi sur tous les plans. Dans ma perception horizontal de la vie, pass\u00e9, pr\u00e9sent, futur, mais aussi [&hellip;]<\/p>\n","protected":false},"author":3,"featured_media":0,"comment_status":"open","ping_status":"closed","sticky":false,"template":"","format":"standard","meta":{"footnotes":""},"categories":[1],"tags":[],"class_list":["post-666","post","type-post","status-publish","format-standard","hentry","category-non-classe"],"views":1319,"_links":{"self":[{"href":"https:\/\/www.centchemins.fr\/index.php?rest_route=\/wp\/v2\/posts\/666","targetHints":{"allow":["GET"]}}],"collection":[{"href":"https:\/\/www.centchemins.fr\/index.php?rest_route=\/wp\/v2\/posts"}],"about":[{"href":"https:\/\/www.centchemins.fr\/index.php?rest_route=\/wp\/v2\/types\/post"}],"author":[{"embeddable":true,"href":"https:\/\/www.centchemins.fr\/index.php?rest_route=\/wp\/v2\/users\/3"}],"replies":[{"embeddable":true,"href":"https:\/\/www.centchemins.fr\/index.php?rest_route=%2Fwp%2Fv2%2Fcomments&post=666"}],"version-history":[{"count":2,"href":"https:\/\/www.centchemins.fr\/index.php?rest_route=\/wp\/v2\/posts\/666\/revisions"}],"predecessor-version":[{"id":670,"href":"https:\/\/www.centchemins.fr\/index.php?rest_route=\/wp\/v2\/posts\/666\/revisions\/670"}],"wp:attachment":[{"href":"https:\/\/www.centchemins.fr\/index.php?rest_route=%2Fwp%2Fv2%2Fmedia&parent=666"}],"wp:term":[{"taxonomy":"category","embeddable":true,"href":"https:\/\/www.centchemins.fr\/index.php?rest_route=%2Fwp%2Fv2%2Fcategories&post=666"},{"taxonomy":"post_tag","embeddable":true,"href":"https:\/\/www.centchemins.fr\/index.php?rest_route=%2Fwp%2Fv2%2Ftags&post=666"}],"curies":[{"name":"wp","href":"https:\/\/api.w.org\/{rel}","templated":true}]}}