{"id":690,"date":"2019-11-29T21:44:50","date_gmt":"2019-11-29T20:44:50","guid":{"rendered":"http:\/\/www.centchemins.fr\/?p=690"},"modified":"2019-11-30T21:55:16","modified_gmt":"2019-11-30T20:55:16","slug":"le-verbe-cree-la-realite","status":"publish","type":"post","link":"https:\/\/www.centchemins.fr\/?p=690","title":{"rendered":"Le verbe cr\u00e9e la r\u00e9alit\u00e9"},"content":{"rendered":"\n<p align=\"justify\"><span style=\"font-family: Cambria, serif;\"><span style=\"font-size: large;\">C\u2019est le verbe, le nom, qui cr\u00e9e notre r\u00e9alit\u00e9. S\u2019il n\u2019est pas enferm\u00e9, conditionn\u00e9 dans un nom, le \u00ab quelque chose \u00bb, quel qu\u2019il soit, ne peut exister dans ma conception (bien qu&rsquo;existant par lui-m\u00eame).<br><\/span><\/span><\/p>\n<p align=\"justify\"><span style=\"font-family: Cambria, serif;\"><span style=\"font-size: large;\">Chacun cr\u00e9e sa r\u00e9alit\u00e9 selon sa propre perception du nom, du verbe, de ce \u00ab&nbsp;quelque chose&nbsp;\u00bb.<\/span><\/span><\/p>\n<p align=\"justify\"><span style=\"font-family: Cambria, serif;\"><span style=\"font-size: large;\">Si je vous dis \u00ab&nbsp;chaise&nbsp;\u00bb, dans votre pens\u00e9e arrive imm\u00e9diatement \u00ab&nbsp;votre&nbsp;\u00bb r\u00e9alit\u00e9. Pour moi ma chaise est droite, en bois de ch\u00eane, solide, stable, rigide mais douce. Je peux m\u00eame imaginer l\u2019instant b\u00e9ni o\u00f9 je vais pouvoir me poser et me reposer dessus, jusqu\u2019au moment de ressourcement total o\u00f9 je <i>devrai<\/i> absolument me lever pour me remettre en mouvement&#8230; etc. <\/span><\/span><\/p>\n<p align=\"justify\"><span style=\"font-family: Cambria, serif;\"><span style=\"font-size: large;\">Voyez-vous comme je viens de cr\u00e9er ma r\u00e9alit\u00e9 en un instant&nbsp;?<\/span><\/span><\/p>\n<p align=\"justify\"><span style=\"font-family: Cambria, serif;\"><span style=\"font-size: large;\">Revenons \u00e0 ce mot \u00ab chaise \u00bb. A quoi cela vous renvoie-t-il ? Comment est la v\u00f4tre ? Bois ? Plastique ? Fer ? Ancienne ? Contemporaine ? Moderne ? A quelle \u00e9motion cela vous ram\u00e8ne-t-il ? Envie de vous poser ? De vous asseoir ? Ou au contraire de partir en courant pour ne pas vous retrouver face \u00e0 vous-m\u00eame ?<\/span><\/span><\/p>\n<p align=\"justify\"><span style=\"font-family: Cambria, serif;\"><span style=\"font-size: large;\">Voyez comme un seul nom est porteur d\u2019une multitude d\u2019applications, de perceptions, de ressentis, d\u2019\u00e9motions diff\u00e9rentes et propres \u00e0 chacun-e.<\/span><\/span><\/p>\n<p align=\"justify\"><span style=\"font-family: Cambria, serif;\"><span style=\"font-size: large;\">\u00ab&nbsp;Chaque&nbsp;\u00bb \u00ab&nbsp;mot&nbsp;\u00bb est sujet \u00e0 interpr\u00e9tation. Dans chaque mot, nous avons nos propres codes \u00e9difi\u00e9s par nos synapses depuis notre plus tendre enfance.<\/span><\/span><\/p>\n<p align=\"justify\"><span style=\"font-family: Cambria, serif;\"><span style=\"font-size: large;\">Combien de conflits, combien de souffrance, parce que nos codes ne pourront jamais \u00eatre identiques&nbsp;?<\/span><\/span><\/p>\n<p align=\"justify\"><span style=\"font-family: Cambria, serif;\"><span style=\"font-size: large;\">Je vous ai donn\u00e9 l\u2019exemple simple d\u2019un objet fait de mati\u00e8re et d\u00e9j\u00e0 je pourrais vous \u00e9crire un livre sur cette chaise si basique.<\/span><\/span><\/p>\n<p align=\"justify\"><span style=\"font-family: Cambria, serif;\"><span style=\"font-size: large;\">Qu\u2019en serait-il si en lieu et place de \u00ab&nbsp;chaise&nbsp;\u00bb j\u2019avais \u00e9crit \u00ab&nbsp;amour&nbsp;\u00bb&nbsp;? \u00ab&nbsp;paix&nbsp;\u00bb&nbsp;? (r\u00e9alit\u00e9s paisibles) ou \u00ab&nbsp;col\u00e8re&nbsp;\u00bb&nbsp;? \u00ab&nbsp;r\u00e9volte&nbsp;\u00bb&nbsp;? \u00ab&nbsp;frustration&nbsp;\u00bb&nbsp;? (r\u00e9alit\u00e9s douloureuses) ou encore \u00ab&nbsp;foi&nbsp;\u00bb&nbsp;? r\u00e9alit\u00e9 subversive objet de tous les conflits possibles alors qu\u2019elle pourrait nous ramener \u00e0 l\u2019Un qui me fait \u00eatre toi, vous, nous&nbsp;?<\/span><\/span><\/p>\n<p align=\"justify\"><span style=\"font-family: Cambria, serif;\"><span style=\"font-size: large;\">Que chacune de mes pens\u00e9es cr\u00e9e une r\u00e9alit\u00e9 douce \u00e0 tous et \u00e0 Tout.<\/span><\/span><\/p>\n<p align=\"left\"><span style=\"font-family: Cambria, serif;\"><span style=\"font-size: large;\"><i>N<\/i><i>amast\u00e9 <\/i><\/span><\/span><\/p>\n<p align=\"left\"><span style=\"font-family: Cambria, serif;\"><span style=\"font-size: large;\">Claudine <\/span><\/span><\/p>\n","protected":false},"excerpt":{"rendered":"<p>C\u2019est le verbe, le nom, qui cr\u00e9e notre r\u00e9alit\u00e9. S\u2019il n\u2019est pas enferm\u00e9, conditionn\u00e9 dans un nom, le \u00ab quelque chose \u00bb, quel qu\u2019il soit, ne peut exister dans ma conception (bien qu&rsquo;existant par lui-m\u00eame). Chacun cr\u00e9e sa r\u00e9alit\u00e9 selon sa propre perception du nom, du verbe, de ce \u00ab&nbsp;quelque chose&nbsp;\u00bb. Si je vous dis [&hellip;]<\/p>\n","protected":false},"author":3,"featured_media":0,"comment_status":"open","ping_status":"closed","sticky":false,"template":"","format":"standard","meta":{"footnotes":""},"categories":[1],"tags":[],"class_list":["post-690","post","type-post","status-publish","format-standard","hentry","category-non-classe"],"views":700,"_links":{"self":[{"href":"https:\/\/www.centchemins.fr\/index.php?rest_route=\/wp\/v2\/posts\/690","targetHints":{"allow":["GET"]}}],"collection":[{"href":"https:\/\/www.centchemins.fr\/index.php?rest_route=\/wp\/v2\/posts"}],"about":[{"href":"https:\/\/www.centchemins.fr\/index.php?rest_route=\/wp\/v2\/types\/post"}],"author":[{"embeddable":true,"href":"https:\/\/www.centchemins.fr\/index.php?rest_route=\/wp\/v2\/users\/3"}],"replies":[{"embeddable":true,"href":"https:\/\/www.centchemins.fr\/index.php?rest_route=%2Fwp%2Fv2%2Fcomments&post=690"}],"version-history":[{"count":4,"href":"https:\/\/www.centchemins.fr\/index.php?rest_route=\/wp\/v2\/posts\/690\/revisions"}],"predecessor-version":[{"id":695,"href":"https:\/\/www.centchemins.fr\/index.php?rest_route=\/wp\/v2\/posts\/690\/revisions\/695"}],"wp:attachment":[{"href":"https:\/\/www.centchemins.fr\/index.php?rest_route=%2Fwp%2Fv2%2Fmedia&parent=690"}],"wp:term":[{"taxonomy":"category","embeddable":true,"href":"https:\/\/www.centchemins.fr\/index.php?rest_route=%2Fwp%2Fv2%2Fcategories&post=690"},{"taxonomy":"post_tag","embeddable":true,"href":"https:\/\/www.centchemins.fr\/index.php?rest_route=%2Fwp%2Fv2%2Ftags&post=690"}],"curies":[{"name":"wp","href":"https:\/\/api.w.org\/{rel}","templated":true}]}}