{"id":699,"date":"2019-09-02T17:26:00","date_gmt":"2019-09-02T16:26:00","guid":{"rendered":"http:\/\/www.centchemins.fr\/?p=699"},"modified":"2020-01-30T17:43:03","modified_gmt":"2020-01-30T16:43:03","slug":"la-pierre-angulaire","status":"publish","type":"post","link":"https:\/\/www.centchemins.fr\/?p=699","title":{"rendered":"La pierre angulaire"},"content":{"rendered":"\n<p align=\"justify\"><span style=\"color: #000000;\"><span style=\"font-family: Cambria, serif;\"><span style=\"font-size: small;\">Tout est fait dans notre vie pour arriver \u00e0 la r\u00e9alisation de soi.<\/span><\/span><\/span><\/p>\n<p align=\"justify\"><span style=\"color: #000000;\"><span style=\"font-family: Cambria, serif;\"><span style=\"font-size: small;\">Chaque rencontre, chaque \u00e9v\u00e9nement, nous am\u00e8ne \u00e0 \u00e9lever notre niveau de conscience.<\/span><\/span><\/span><\/p>\n<p align=\"justify\"><span style=\"color: #000000;\"><span style=\"font-family: Cambria, serif;\"><span style=\"font-size: small;\">Un pas apr\u00e8s l\u2019autre, tr\u00e8s patiemment, sans urgence, sans pr\u00e9cipitation, sans se bousculer, nous avons \u00e0 prendre conscience que nous montons un escalier, marche apr\u00e8s marche, dans la s\u00e9r\u00e9nit\u00e9, dans la foi et dans la confiance.<\/span><\/span><\/span><\/p>\n<p align=\"justify\"><span style=\"color: #000000;\"><span style=\"font-family: Cambria, serif;\"><span style=\"font-size: small;\">Cette pierre angulaire, c\u2019est toi pour moi et moi pour toi. Chaque pas que nous faisons ensemble sur le chemin (quel qu\u2019il soit) de l\u2019\u00e9veil nous apporte \u00e0 gravir une marche.<\/span><\/span><\/span><\/p>\n<p align=\"justify\"><span style=\"color: #000000;\"><span style=\"font-family: Cambria, serif;\"><span style=\"font-size: small;\">La pierre angulaire, c\u2019est la pierre qui maintient la vo\u00fbte dans la cath\u00e9drale, la derni\u00e8re pierre qui fait que l\u2019\u00e9difice tient debout.<\/span><\/span><\/span><\/p>\n<p align=\"justify\"><span style=\"color: #000000;\"><span style=\"font-family: Cambria, serif;\"><span style=\"font-size: small;\">Nous avons plusieurs pierres angulaires tout au long de notre vie. Chacune forme un tout qui fait que nous sommes ce que nous sommes. Il n\u2019y a pas de pr\u00e9cipitation, pas d\u2019obligation, pas de contrainte, chacun grandit \u00e0 son rythme.<\/span><\/span><\/span><\/p>\n<p align=\"justify\"><span style=\"color: #000000;\"><span style=\"font-family: Cambria, serif;\"><span style=\"font-size: small;\">Il faut plusieurs d\u00e9cennies, voire des si\u00e8cles pour b\u00e2tir une cath\u00e9drale, pour que l\u2019\u00e9difice soit r\u00e9alis\u00e9 dans sa pl\u00e9nitude et sa beaut\u00e9. Chaque pierre est taill\u00e9e, d\u00e9pos\u00e9e \u00e0 sa juste place, embo\u00eet\u00e9e, empil\u00e9es les unes sur les autres jusqu\u2019\u00e0 cette pierre angulaire sans laquelle tout s\u2019effondrerait.<\/span><\/span><\/span><\/p>\n<p align=\"justify\"><span style=\"color: #000000;\"><span style=\"font-family: Cambria, serif;\"><span style=\"font-size: small;\">Les rencontres que nous faisons nous apportent sans jugement positif ou n\u00e9gatif ce que nous avons \u00e0 comprendre, \u00e0 apprendre et \u00e0 assimiler. De nous face \u00e0 nous. Tout est fait pour notre \u00e9volution, jamais pour l\u2019\u00e9volution de l\u2019autre. Cela est toujours pour ma propre \u00e9volution. M\u00eame si j\u2019ai la sensation d\u2019aider l\u2019autre, c\u2019est moi que j\u2019aide, c\u2019est moi qui met sur mon chemin une lumi\u00e8re nouvelle.<\/span><\/span><\/span><\/p>\n<p align=\"justify\"><span style=\"color: #000000;\"><span style=\"font-family: Cambria, serif;\"><span style=\"font-size: small;\">Les pierres angulaires, au cours de notre vie, peuvent continuer \u00e0 rester pr\u00e8s de nous, ou gentiment donner l\u2019impression de s\u2019\u00e9loigner de notre construction humaine, de notre fa\u00e7on d\u2019<i>\u00eatre<\/i> humain, parce que cette pierre angulaire n\u2019est plus n\u00e9cessaire \u00e0 notre \u00e9volution, parce que l\u2019\u00e9difice est suffisamment consolid\u00e9 \u00e0 sa base, pour que nous passions \u00e0 une autre pierre angulaire plus \u00e9lev\u00e9e.<\/span><\/span><\/span><\/p>\n<p align=\"justify\"><span style=\"color: #000000;\"><span style=\"font-family: Cambria, serif;\"><span style=\"font-size: small;\">La foi, la confiance, la s\u00e9r\u00e9nit\u00e9 nous invitent \u00e0 accueillir chaque nouvelle pierre, nous invitent \u00e0 laisser \u00eatre et \u00e0 laisser les derni\u00e8res pierres qui nous ont servi \u00e0 gravir les marches.<\/span><\/span><\/span><\/p>\n<p align=\"justify\"><span style=\"color: #000000;\"><span style=\"font-family: Cambria, serif;\"><span style=\"font-size: small;\">Il en va pour toutes rencontres, pour toutes sortes d\u2019exp\u00e9riences, pour tout ce que nous vivons, rien n\u2019est permanent, tout est impermanence, nous n\u2019avons pas \u00e0 nous attacher, \u00e0 nous accrocher \u00e0 ce qui n\u2019a plus lieu d\u2019\u00eatre. <\/span><\/span><\/span><\/p>\n<p align=\"justify\"><span style=\"color: #000000;\"><span style=\"font-family: Cambria, serif;\"><span style=\"font-size: small;\">Notre \u00e9volution n\u2019en n\u2019a plus besoin. Par contre, nous avons la possibilit\u00e9 de ressentir de la gratitude envers toutes ces pierres petites ou grandes qui ont fait ce que nous sommes. Dans ce sentiment de gratitude et d\u2019amour inconditionnel, puisque tout est li\u00e9, rien n\u2019est s\u00e9par\u00e9 (la dualit\u00e9 n\u2019est qu\u2019un leurre) nous restons en \u00e9nergie unis les uns aux autres.<\/span><\/span><\/span><\/p>\n<p align=\"justify\"><span style=\"color: #000000;\"><span style=\"font-family: Cambria, serif;\"><span style=\"font-size: small;\">L\u2019\u00e9nergie n\u2019est pas divis\u00e9e, mais une. Dans cette unit\u00e9 nous sommes toujours li\u00e9s \u00e0 nos pierres angulaires, puisqu\u2019elles font partie de notre construction, de notre \u00e9tat d\u2019\u00eatre, de notre \u00eatre tout court. Tout notre pass\u00e9, tout notre futur est contenu dans ce moment pr\u00e9sent.<\/span><\/span><\/span><\/p>\n<p align=\"justify\"><span style=\"color: #000000;\"><span style=\"font-family: Cambria, serif;\"><span style=\"font-size: small;\">La projection mentale est une image. Quand je te rencontre, je rencontre ton image, je suis conditionn\u00e9(e) par tout mon chemin d\u2019\u00e9volution qui m\u2019am\u00e8ne \u00e0 <em>penser<\/em> ce que tu es. Pourtant, tu n\u2019es pas et ne seras jamais ce que ma pens\u00e9e imagine. Tu n\u2019es pas cette image que mes yeux et mon mental te donnent, tu es toi, champ \u00e9nerg\u00e9tique comme moi, proche de moi par la rencontre de nos chemins de vie. Tu es compl\u00e8tement diff\u00e9rent(e) de cette image que j\u2019ai de toi. Dans l\u2019amour, dans la rencontre, dans l\u2019amiti\u00e9, il y a cette image qui modifie compl\u00e8tement ce que que nous sommes r\u00e9ellement toi et moi. Quand je l\u00e2che l\u2019image du visuel, quand je l\u00e2che l\u2019image de qui je suis, nous nous rejoignons dans l\u2019\u00e9nergie pure. Et l\u2019amour inconditionnel peut \u00eatre, le champ \u00e9nerg\u00e9tique peut vibrer, dans ce ph\u00e9nom\u00e8ne d\u2019intrication. <\/span><\/span><\/span><\/p>\n<p align=\"justify\"><span style=\"color: #000000;\"><span style=\"font-family: Cambria, serif;\"><span style=\"font-size: small;\">L\u2019intrication, c\u2019est la rencontre de deux atomes que l\u2019on croit individuels et s\u00e9par\u00e9s et qui, au moment o\u00f9 ces inconnus se rencontrent ou se s\u00e9parent, modifie le champ vibratoire d\u2019un bout \u00e0 l\u2019autre de l\u2019univers de leur \u00e9nergie rest\u00e9e indivisible. Dans la science quantique, cela est parfaitement d\u00e9montr\u00e9 et d\u00e9montrable. Dans la philosophie bouddhiste tout est li\u00e9. Nous sommes tous des millions de petits noeuds d\u2019une \u00e9norme toile \u00e9nerg\u00e9tique et quand ces petits noeuds se rencontrent ou se s\u00e9parent, toute la toile \u00e9nerg\u00e9tique vibre \u00e0 l\u2019unisson. <\/span><\/span><\/span><\/p>\n<p align=\"justify\"><span style=\"color: #000000;\"><span style=\"font-family: Cambria, serif;\"><span style=\"font-size: small;\">Nous avons juste \u00e0 \u00eatre. La conscience de cette vibration, c\u2019est se reconna\u00eetre petit noeud de la toile et vibrer pour que la toile vibre au mieux. Nous n\u2019avons qu\u2019\u00e0 \u00eatre vibration du monde, lumi\u00e8re pour notre seule personne. En ouvrant notre conscience, nous lib\u00e9rons notre mental de toute projection, de toute image. Nous laissons \u00eatre ce qui doit \u00eatre, nous laissons se r\u00e9aliser ce pour quoi nous sommes venus sur terre.<\/span><\/span><\/span><\/p>\n<p align=\"justify\"><span style=\"font-family: Cambria, serif;\"><span style=\"font-size: small;\"><span style=\"color: #000000;\">Ce n\u2019est pas de l\u2019inaction, ce n\u2019est pas un manque d\u2019implication, c\u2019est faire un pas apr\u00e8s l\u2019autre, accueillir tout ce qui est sans jugement positif ou n\u00e9gatif. Tout est fait pour que le plan de lumi\u00e8re puisse se d\u00e9velopper, appara\u00eetre et grandir. Toutes les consciences sont amen\u00e9es \u00e0 cro\u00eetre et \u00e0 amener de la lumi\u00e8re \u00e0 soi et \u00e0 l\u2019autre, <\/span><span style=\"color: #000000;\">p<\/span><span style=\"color: #000000;\">our que cette grande toile, cette grande trame poss\u00e8de un champ vibratoire lumineux. <\/span><span style=\"color: #000000;\">I<\/span><span style=\"color: #000000;\">l fa<\/span><span style=\"color: #000000;\">ut<\/span><span style=\"color: #000000;\"> mourir \u00e0 nos pens\u00e9es <\/span><span style=\"color: #000000;\">pour na\u00eetre<\/span><span style=\"color: #000000;\"> \u00e0 <\/span><span style=\"color: #000000;\">son v\u00e9ritable soi.<\/span><i> <\/i><i> <\/i><\/span><\/span><\/p>\n<p align=\"left\"><span style=\"font-family: Cambria, serif;\"><span style=\"font-size: small;\"><i>N<\/i><i>amast\u00e9<\/i><i> <\/i><\/span><\/span><\/p>\n<p align=\"left\"><span style=\"font-family: Cambria, serif;\"><span style=\"font-size: small;\">Claudine le 2 septembre 2019 <\/span><\/span><\/p>\n","protected":false},"excerpt":{"rendered":"<p>Tout est fait dans notre vie pour arriver \u00e0 la r\u00e9alisation de soi. Chaque rencontre, chaque \u00e9v\u00e9nement, nous am\u00e8ne \u00e0 \u00e9lever notre niveau de conscience. Un pas apr\u00e8s l\u2019autre, tr\u00e8s patiemment, sans urgence, sans pr\u00e9cipitation, sans se bousculer, nous avons \u00e0 prendre conscience que nous montons un escalier, marche apr\u00e8s marche, dans la s\u00e9r\u00e9nit\u00e9, dans [&hellip;]<\/p>\n","protected":false},"author":3,"featured_media":0,"comment_status":"open","ping_status":"closed","sticky":false,"template":"","format":"standard","meta":{"footnotes":""},"categories":[1],"tags":[],"class_list":["post-699","post","type-post","status-publish","format-standard","hentry","category-non-classe"],"views":1046,"_links":{"self":[{"href":"https:\/\/www.centchemins.fr\/index.php?rest_route=\/wp\/v2\/posts\/699","targetHints":{"allow":["GET"]}}],"collection":[{"href":"https:\/\/www.centchemins.fr\/index.php?rest_route=\/wp\/v2\/posts"}],"about":[{"href":"https:\/\/www.centchemins.fr\/index.php?rest_route=\/wp\/v2\/types\/post"}],"author":[{"embeddable":true,"href":"https:\/\/www.centchemins.fr\/index.php?rest_route=\/wp\/v2\/users\/3"}],"replies":[{"embeddable":true,"href":"https:\/\/www.centchemins.fr\/index.php?rest_route=%2Fwp%2Fv2%2Fcomments&post=699"}],"version-history":[{"count":2,"href":"https:\/\/www.centchemins.fr\/index.php?rest_route=\/wp\/v2\/posts\/699\/revisions"}],"predecessor-version":[{"id":706,"href":"https:\/\/www.centchemins.fr\/index.php?rest_route=\/wp\/v2\/posts\/699\/revisions\/706"}],"wp:attachment":[{"href":"https:\/\/www.centchemins.fr\/index.php?rest_route=%2Fwp%2Fv2%2Fmedia&parent=699"}],"wp:term":[{"taxonomy":"category","embeddable":true,"href":"https:\/\/www.centchemins.fr\/index.php?rest_route=%2Fwp%2Fv2%2Fcategories&post=699"},{"taxonomy":"post_tag","embeddable":true,"href":"https:\/\/www.centchemins.fr\/index.php?rest_route=%2Fwp%2Fv2%2Ftags&post=699"}],"curies":[{"name":"wp","href":"https:\/\/api.w.org\/{rel}","templated":true}]}}