{"id":703,"date":"2019-12-04T17:39:26","date_gmt":"2019-12-04T16:39:26","guid":{"rendered":"http:\/\/www.centchemins.fr\/?p=703"},"modified":"2020-01-30T17:41:59","modified_gmt":"2020-01-30T16:41:59","slug":"la-parole","status":"publish","type":"post","link":"https:\/\/www.centchemins.fr\/?p=703","title":{"rendered":"La parole"},"content":{"rendered":"\n<p align=\"center\"><br><br><\/p>\n<p align=\"justify\"><span style=\"font-family: Cambria, serif;\"><span style=\"font-size: medium;\">La parole nous diff\u00e9rencie de tous les r\u00e8gnes.<\/span><\/span><\/p>\n<p align=\"justify\"><span style=\"font-family: Cambria, serif;\"><span style=\"font-size: medium;\">Nous rend-t-elle sup\u00e9rieurs par les r\u00e9flexions qu\u2019elle entra\u00eene&nbsp;? Peut-\u00eatre &#8230; ou pas.<\/span><\/span><\/p>\n<p align=\"justify\"><span style=\"font-family: Cambria, serif;\"><span style=\"font-size: medium;\">La conscience, l\u2019Un, est pr\u00e9sente en toute forme, de la plus statique \u00e0 la plus vibrante. L\u2019Un est dans le rocher et dans le souffle du vent aussi, de m\u00eame qu\u2019en chacune de nos cellules.<\/span><\/span><\/p>\n<p align=\"justify\"><span style=\"font-family: Cambria, serif;\"><span style=\"font-size: medium;\">Je crois \u00e0 une autre transmission possible. Une transmission g\u00e9n\u00e9tique peut-\u00eatre ou dans une banque \u00e9nerg\u00e9tique de donn\u00e9es propre et accessible \u00e0 toute forme de vie. <i>(Les champs morphiques \u2013 ou morphog\u00e9n\u00e9tiques&nbsp;; Rupert Sheldrake)<\/i><\/span><\/span><\/p>\n<p align=\"justify\"><span style=\"font-family: Cambria, serif;\"><span style=\"font-size: medium;\">Pour illustrer cette transmission silencieuse, je prends pour exemple le renard qui a pris une d\u00e9charge \u00e9lectrique \u00e0 l\u2019entr\u00e9e d\u2019un poulailler. Sa m\u00e9moire imm\u00e9diate lui fait comprendre qu\u2019il ne doit plus retourner dans ce poulailler. Qu\u2019il transmette cette m\u00e9moire par je ne sais quelle forme de communication \u00e0 sa descendance, je peux le comprendre et l\u2019admettre. Mais par quel ph\u00e9nom\u00e8ne les g\u00e9n\u00e9rations futures de ce renard garde ce m\u00eame souvenir et emp\u00eache \u00e0 tout renard de sa lign\u00e9e de se repr\u00e9senter au m\u00eame endroit&nbsp;? Peut-\u00eatre un scientifique quantique saurait nous l\u2019expliquer.<\/span><\/span><\/p>\n<p align=\"justify\"><span style=\"font-family: Cambria, serif;\"><span style=\"font-size: medium;\">Pour en revenir \u00e0 la parole, c\u2019est ce propre \u00e0 l\u2019homme qui nous permet l\u2019\u00e9change verbal et la <i>r\u00e9flexion<\/i>. Le mot isol\u00e9 contient toutes les questions. Quel que soit ce mot.<\/span><\/span><\/p>\n<p align=\"justify\"><span style=\"font-family: Cambria, serif;\"><span style=\"font-size: medium;\"><i>La parole fait la lumi\u00e8re dans ta t\u00eate et cette lumi\u00e8re \u00e9blouit les t\u00e9n\u00e8bres. Nous les humains avons r\u00e9ussi \u00e0 capturer un peu de ce souffle par l\u2019\u00e9criture. Et ainsi, le souffle de ceux qui ont parl\u00e9 avant nous subsiste encore. Et nous pouvons leur redonner une sorte de vie en \u00e9voquant leurs paroles.<\/i> (Rabbi Isaac Goldmann \u2013 Patrick L\u00e9vy \u2013 La ruse de Dieu).<\/span><\/span><\/p>\n<p align=\"justify\"><span style=\"font-family: Cambria, serif;\"><span style=\"font-size: medium;\">Plus que la parole orale (les animaux correspondent aussi par l\u2019\u00e9mission de sons) la parole \u00e9crite nous diff\u00e9rencie de tous les r\u00e8gnes (ah&nbsp;! Enfin une subtilit\u00e9 propre \u00e0 l\u2019homme seulement&nbsp;<span style=\"font-family: Wingdings;\">\uf04a<\/span> )<\/span><\/span><\/p>\n<p align=\"justify\"><span style=\"font-family: Cambria, serif;\"><span style=\"font-size: medium;\">La parole \u00e9l\u00e8ve par la conscience conceptuelle. Elle est n\u00e9cessaire aux humains pour appr\u00e9hender l\u2019invisible. Elle est porteuse de l\u2019essence de l\u2019\u00e9veil dans la mesure o\u00f9 la parole nous permet de conceptualiser une \u00e9nergie, un champ vibratoire qui nous traverse et d\u2019y revenir par le ressenti.<\/span><\/span><\/p>\n<p align=\"justify\"><span style=\"font-family: Cambria, serif;\"><span style=\"font-size: medium;\">Je m\u2019incline devant notre facult\u00e9 verbale orale et \u00e9crite qui nous relie \u00e0 toutes les dimensions temporales et g\u00e9ographiques.<\/span><\/span><\/p>\n<p align=\"justify\"><span style=\"font-family: Cambria, serif;\"><span style=\"font-size: medium;\">Puisse cette prise de conscience nous rendre attentifs \u00e0 chaque parole prononc\u00e9e, \u00e9crite ou <i>pens\u00e9e<\/i>. Que chacune de nos paroles soit la plus pure et la plus cr\u00e9atrice de paix, d\u2019amour et de s\u00e9r\u00e9nit\u00e9.<\/span><\/span><\/p>\n<p align=\"left\"><span style=\"font-family: Cambria, serif;\"><span style=\"font-size: medium;\"><i>N<\/i><i>amast\u00e9 <\/i><\/span><\/span><\/p>\n<p align=\"left\"><span style=\"font-family: Cambria, serif;\"><span style=\"font-size: medium;\">Claudine <\/span><\/span><\/p>\n<p align=\"justify\"><br><br><\/p>\n","protected":false},"excerpt":{"rendered":"<p>La parole nous diff\u00e9rencie de tous les r\u00e8gnes. Nous rend-t-elle sup\u00e9rieurs par les r\u00e9flexions qu\u2019elle entra\u00eene&nbsp;? Peut-\u00eatre &#8230; ou pas. La conscience, l\u2019Un, est pr\u00e9sente en toute forme, de la plus statique \u00e0 la plus vibrante. L\u2019Un est dans le rocher et dans le souffle du vent aussi, de m\u00eame qu\u2019en chacune de nos cellules. [&hellip;]<\/p>\n","protected":false},"author":3,"featured_media":0,"comment_status":"open","ping_status":"closed","sticky":false,"template":"","format":"standard","meta":{"footnotes":""},"categories":[1],"tags":[],"class_list":["post-703","post","type-post","status-publish","format-standard","hentry","category-non-classe"],"views":614,"_links":{"self":[{"href":"https:\/\/www.centchemins.fr\/index.php?rest_route=\/wp\/v2\/posts\/703","targetHints":{"allow":["GET"]}}],"collection":[{"href":"https:\/\/www.centchemins.fr\/index.php?rest_route=\/wp\/v2\/posts"}],"about":[{"href":"https:\/\/www.centchemins.fr\/index.php?rest_route=\/wp\/v2\/types\/post"}],"author":[{"embeddable":true,"href":"https:\/\/www.centchemins.fr\/index.php?rest_route=\/wp\/v2\/users\/3"}],"replies":[{"embeddable":true,"href":"https:\/\/www.centchemins.fr\/index.php?rest_route=%2Fwp%2Fv2%2Fcomments&post=703"}],"version-history":[{"count":2,"href":"https:\/\/www.centchemins.fr\/index.php?rest_route=\/wp\/v2\/posts\/703\/revisions"}],"predecessor-version":[{"id":705,"href":"https:\/\/www.centchemins.fr\/index.php?rest_route=\/wp\/v2\/posts\/703\/revisions\/705"}],"wp:attachment":[{"href":"https:\/\/www.centchemins.fr\/index.php?rest_route=%2Fwp%2Fv2%2Fmedia&parent=703"}],"wp:term":[{"taxonomy":"category","embeddable":true,"href":"https:\/\/www.centchemins.fr\/index.php?rest_route=%2Fwp%2Fv2%2Fcategories&post=703"},{"taxonomy":"post_tag","embeddable":true,"href":"https:\/\/www.centchemins.fr\/index.php?rest_route=%2Fwp%2Fv2%2Ftags&post=703"}],"curies":[{"name":"wp","href":"https:\/\/api.w.org\/{rel}","templated":true}]}}