{"id":726,"date":"2020-03-29T15:48:00","date_gmt":"2020-03-29T14:48:00","guid":{"rendered":"http:\/\/www.centchemins.fr\/?p=726"},"modified":"2020-03-30T14:53:37","modified_gmt":"2020-03-30T13:53:37","slug":"ecrire","status":"publish","type":"post","link":"https:\/\/www.centchemins.fr\/?p=726","title":{"rendered":"\u00c9crire"},"content":{"rendered":"\n<p align=\"justify\"><span style=\"font-family: Cambria, serif;\"><span style=\"font-size: medium;\">\u00c9crire ses intuitions, ses pens\u00e9es, c\u2019est les \u00ab&nbsp;entrer&nbsp;\u00bb dans la mati\u00e8re, leur donner corps et vie, leur permettre d\u2019\u00eatre, abaisser leurs vibrations \u00e9th\u00e9riques jusqu\u2019\u00e0 les rendre tellement denses qu\u2019elles se mat\u00e9rialisent.<\/span><\/span><\/p>\n<p align=\"justify\"><span style=\"font-family: Cambria, serif;\"><span style=\"font-size: medium;\">C\u2019est cueillir le fruit de l\u2019arbre qui alimente.<\/span><\/span><\/p>\n<p align=\"justify\"><span style=\"font-family: Cambria, serif;\"><span style=\"font-size: medium;\">Tout est r\u00e9gi par des r\u00e8gles immuables de cr\u00e9ation dans l\u2019Univers.<\/span><\/span><\/p>\n<p align=\"justify\"><span style=\"font-family: Cambria, serif;\"><span style=\"font-size: medium;\">Les comprendre, les accepter, sortir de nos concepts profond\u00e9ment ancr\u00e9s dans nos convictions depuis notre naissance, sortir m\u00eame des concepts transg\u00e9n\u00e9rationnels de nos g\u00eanes, permet de toucher du doigt \u00e0 l\u2019Absolu.<\/span><\/span><\/p>\n<p align=\"justify\"><span style=\"font-family: Cambria, serif;\"><span style=\"font-size: medium;\">Avant d\u2019\u00eatre mati\u00e8re, <i>TOUT<\/i> a \u00e9t\u00e9 pens\u00e9.<\/span><\/span><\/p>\n<p align=\"justify\"><span style=\"font-family: Cambria, serif;\"><span style=\"font-size: medium;\">D\u2019o\u00f9 l\u2019importance absolue de ne pas laisser nos pens\u00e9es partir dans tous les sens et ainsi prendre les r\u00eanes de notre vie en mains.<\/span><\/span><\/p>\n<p align=\"justify\"><span style=\"font-family: Cambria, serif;\"><span style=\"font-size: medium;\">Quoi que nous voyons ou touchons a \u00e9t\u00e9 <i>pens\u00e9<\/i>. Peut-\u00eatre est-ce l\u00e0 la raison pour laquelle notre m\u00e9moire olfactive est la plus permanente.<\/span><\/span><\/p>\n<p align=\"justify\"><span style=\"font-family: Cambria, serif;\"><span style=\"font-size: medium;\">Les odeurs viennent du monde \u00e9th\u00e9rique directement toucher notre sens de l\u2019odorat et s\u2019inscrivent dans nos cellules \u00ab&nbsp;involontairement&nbsp;\u00bb. <i>(Voir \u00ab&nbsp;les madeleines&nbsp;\u00bb de Proust)<\/i><\/span><\/span><\/p>\n<p align=\"justify\"><span style=\"font-family: Cambria, serif;\"><span style=\"font-size: medium;\">Du domaine de l\u2019\u00e9ther, elles rejoignent \u00ab&nbsp;notre&nbsp;\u00bb mati\u00e8re, les cellules qui nous composent et d\u2019o\u00f9 nous n\u2019avons, la plupart du temps, pas conscience.<\/span><\/span><\/p>\n<p align=\"justify\"><span style=\"font-family: Cambria, serif;\"><span style=\"font-size: medium;\">Pour que la vie immanente de nos cellules se rappelle \u00e0 nous, il faut une erreur de parcours, un dysfonctionnement, appel\u00e9 commun\u00e9ment \u00ab maladie \u00bb.<\/span><\/span><\/p>\n<p align=\"justify\"><span style=\"font-family: Cambria, serif;\"><span style=\"font-size: medium;\">Toujours dans ce vieux sch\u00e9ma de fonctionnement, nous taisons ce langage de nos cellules qui tentent inlassablement de nous mettre en garde par des mol\u00e9cules chimiques&nbsp;: des m\u00e9dicaments allopathiques.<\/span><\/span><\/p>\n<p align=\"justify\"><span style=\"font-family: Cambria, serif;\"><span style=\"font-size: medium;\">Certes, il convient d\u2019\u00e9teindre l\u2019incendie. Mais qu\u2019est-ce qui a mis le feu&nbsp;?<\/span><\/span><\/p>\n<p align=\"justify\"><span style=\"font-family: Cambria, serif;\"><span style=\"font-size: medium;\">La r\u00e9ponse si subtile n\u2019est pas simple \u00e0 trouver sans une recherche en amont.<\/span><\/span><\/p>\n<p align=\"justify\"><span style=\"font-family: Cambria, serif;\"><span style=\"font-size: medium;\">Tout, absolument tout dans l\u2019univers est r\u00e9gi par des r\u00e8gles immuables que la plupart d\u2019entre nous ignorons.<\/span><\/span><\/p>\n<p align=\"justify\"><span style=\"font-family: Cambria, serif;\"><span style=\"font-size: medium;\">Il faut un certain degr\u00e9 d\u2019\u00e9tudes pour appr\u00e9hender les champs vibratoires. Et m\u00eame ce chemin-l\u00e0 fourvoie. A trop conceptualiser l\u2019\u00e9ther on en perd \u00ab&nbsp;l\u2019essence&nbsp;\u00bb.<\/span><\/span><\/p>\n<p align=\"justify\"><span style=\"font-family: Cambria, serif;\"><span style=\"font-size: medium;\">Tout est tellement pr\u00e9sent en nous et si bien r\u00e9gi que nous ne pensons m\u00eame pas \u00e0 aller voir \u00e0 notre Source.<\/span><\/span><\/p>\n<p align=\"justify\"><span style=\"font-family: Cambria, serif;\"><span style=\"font-size: medium;\">C\u2019est comme si notre corps \u00e9tait une merveilleuse et immense biblioth\u00e8que contenant toutes les r\u00e9ponses et que nous cherchions nos propres r\u00e9ponses dans un manuel de m\u00e9canique automobile.<\/span><\/span><\/p>\n<p align=\"justify\"><span style=\"font-family: Cambria, serif;\"><span style=\"font-size: medium;\">Faire silence, ne plus permettre \u00e0 nos pens\u00e9es de diriger notre vie, nous permet d\u2019affleurer, d\u2019appr\u00e9hender notre Source.<\/span><\/span><\/p>\n<p align=\"justify\"><span style=\"font-family: Cambria, serif;\"><span style=\"font-size: medium;\">Mais comme un mouvement brusque \u00e9loigne la plume de duvet que nous voulions attraper dans le creux de notre main, laisser notre mental partir \u00e0 la recherche de r\u00e9ponses les \u00e9loignent encore plus de notre compr\u00e9hension.<\/span><\/span><\/p>\n<p align=\"justify\"><span style=\"font-family: Cambria, serif;\"><span style=\"font-size: medium;\">Il faut entrer dans le silence de notre mati\u00e8re, ressentir la vie <i>entre<\/i> nos cellules, pour esp\u00e9rer entrevoir l\u2019immense champ quantique qui est le Un.<\/span><\/span><\/p>\n<p align=\"justify\"><span style=\"font-family: Cambria, serif;\"><span style=\"font-size: medium;\"><i>\u00ab&nbsp;Deviens ton ombre pour nourrir ta vitesse&nbsp;\u00bb. (re\u00e7u le 25.03.2020)<\/i><\/span><\/span><\/p>\n<p align=\"justify\"><span style=\"font-family: Cambria, serif;\"><span style=\"font-size: medium;\">Sortir du visible, du r\u00e9alis\u00e9, pour conna\u00eetre la matrice inform\u00e9e (sans forme) si t\u00e9nue que nous ne pouvons l\u2019attraper.<\/span><\/span><\/p>\n<p align=\"justify\"><span style=\"font-family: Cambria, serif;\"><span style=\"font-size: medium;\">L\u2019ombre nous para\u00eet r\u00e9elle alors qu\u2019elle n\u2019est qu\u2019une cons\u00e9quence d\u2019un ph\u00e9nom\u00e8ne vibratoire appel\u00e9 \u00ab lumi\u00e8re \u00bb et per\u00e7ue par un seul sens : la vue. Impossible de la toucher !<\/span><\/span><\/p>\n<p align=\"justify\"><span style=\"font-family: Cambria, serif;\"><span style=\"font-size: medium;\">Se \u00ab&nbsp;d\u00e9tacher&nbsp;\u00bb par le ressenti de la mati\u00e8re, pour \u00ab&nbsp;ressentir&nbsp;\u00bb les vibrations, pour <em>\u00ab&nbsp;nourrir notre vitesse&nbsp;\u00bb.<\/em><\/span><\/span><\/p>\n<p align=\"justify\"><span style=\"font-family: Cambria, serif;\"><span style=\"font-size: medium;\">Attraper fugacement ce point de fusion.<\/span><\/span><\/p>\n<p align=\"justify\"><span style=\"font-family: Cambria, serif;\"><span style=\"font-size: medium;\">Comment l\u2019amener au monde lourd de la mati\u00e8re&nbsp;?<\/span><\/span><\/p>\n<p align=\"justify\"><span style=\"font-family: Cambria, serif;\"><span style=\"font-size: medium;\">En l\u2019\u00e9crivant, par le mouvement, par la main.<\/span><\/span><\/p>\n<p align=\"justify\"><span style=\"font-family: Cambria, serif;\"><span style=\"font-size: medium;\">En l\u2019enfermant dans un concept, en le mettant en mot, puisqu\u2019il faut bien un moyen de partage, d\u2019\u00e9change, de \u00ab&nbsp;saisissement&nbsp;\u00bb.<\/span><\/span><\/p>\n<p align=\"justify\"><span style=\"font-family: Cambria, serif;\"><span style=\"font-size: medium;\">Entrer dans la ronde \u00e9ternelle de la cr\u00e9ation par un acte&nbsp;:<\/span><\/span><\/p>\n<p align=\"justify\"><span style=\"font-family: Cambria, serif;\"><span style=\"font-size: medium;\">&#8230; a<i>u <\/i><i>commencement \u00e9tait <\/i><i>le verbe<\/i>.<\/span><\/span><\/p>\n<p align=\"justify\"><span style=\"font-family: Cambria, serif;\"><span style=\"font-size: medium;\"><i>N<\/i><i>amast\u00e9<\/i><i> <\/i><\/span><\/span><\/p>\n<p align=\"left\"><span style=\"font-family: Cambria, serif;\"><span style=\"font-size: medium;\">Claudine<\/span><\/span><\/p>\n","protected":false},"excerpt":{"rendered":"<p>\u00c9crire ses intuitions, ses pens\u00e9es, c\u2019est les \u00ab&nbsp;entrer&nbsp;\u00bb dans la mati\u00e8re, leur donner corps et vie, leur permettre d\u2019\u00eatre, abaisser leurs vibrations \u00e9th\u00e9riques jusqu\u2019\u00e0 les rendre tellement denses qu\u2019elles se mat\u00e9rialisent. C\u2019est cueillir le fruit de l\u2019arbre qui alimente. Tout est r\u00e9gi par des r\u00e8gles immuables de cr\u00e9ation dans l\u2019Univers. Les comprendre, les accepter, sortir [&hellip;]<\/p>\n","protected":false},"author":3,"featured_media":0,"comment_status":"open","ping_status":"closed","sticky":false,"template":"","format":"standard","meta":{"footnotes":""},"categories":[1],"tags":[],"class_list":["post-726","post","type-post","status-publish","format-standard","hentry","category-non-classe"],"views":947,"_links":{"self":[{"href":"https:\/\/www.centchemins.fr\/index.php?rest_route=\/wp\/v2\/posts\/726","targetHints":{"allow":["GET"]}}],"collection":[{"href":"https:\/\/www.centchemins.fr\/index.php?rest_route=\/wp\/v2\/posts"}],"about":[{"href":"https:\/\/www.centchemins.fr\/index.php?rest_route=\/wp\/v2\/types\/post"}],"author":[{"embeddable":true,"href":"https:\/\/www.centchemins.fr\/index.php?rest_route=\/wp\/v2\/users\/3"}],"replies":[{"embeddable":true,"href":"https:\/\/www.centchemins.fr\/index.php?rest_route=%2Fwp%2Fv2%2Fcomments&post=726"}],"version-history":[{"count":2,"href":"https:\/\/www.centchemins.fr\/index.php?rest_route=\/wp\/v2\/posts\/726\/revisions"}],"predecessor-version":[{"id":728,"href":"https:\/\/www.centchemins.fr\/index.php?rest_route=\/wp\/v2\/posts\/726\/revisions\/728"}],"wp:attachment":[{"href":"https:\/\/www.centchemins.fr\/index.php?rest_route=%2Fwp%2Fv2%2Fmedia&parent=726"}],"wp:term":[{"taxonomy":"category","embeddable":true,"href":"https:\/\/www.centchemins.fr\/index.php?rest_route=%2Fwp%2Fv2%2Fcategories&post=726"},{"taxonomy":"post_tag","embeddable":true,"href":"https:\/\/www.centchemins.fr\/index.php?rest_route=%2Fwp%2Fv2%2Ftags&post=726"}],"curies":[{"name":"wp","href":"https:\/\/api.w.org\/{rel}","templated":true}]}}