{"id":749,"date":"2020-05-14T16:13:00","date_gmt":"2020-05-14T15:13:00","guid":{"rendered":"http:\/\/www.centchemins.fr\/?p=749"},"modified":"2020-09-16T15:22:34","modified_gmt":"2020-09-16T14:22:34","slug":"cher-createur","status":"publish","type":"post","link":"https:\/\/www.centchemins.fr\/?p=749","title":{"rendered":"Cher Cr\u00e9ateur"},"content":{"rendered":"\n<p align=\"justify\"><span style=\"font-family: Cambria, serif;\"><span style=\"font-size: small;\">Ce que mes sens per\u00e7oivent n\u2019est que <i>l\u2019apparence<\/i> de la r\u00e9alit\u00e9. Elle n\u2019est pas la R\u00e9alit\u00e9.<\/span><\/span><\/p>\n<p align=\"justify\"><span style=\"font-family: Cambria, serif;\"><span style=\"font-size: small;\">Il y a au-del\u00e0 de l\u2019apparence une infinitude extraordinaire non <i>accessible<\/i> par nos cinq sens.<\/span><\/span><\/p>\n<p align=\"justify\"><span style=\"font-family: Cambria, serif;\"><span style=\"font-size: small;\">Derri\u00e8re, autour et en chaque chose, moi y compris, existe une forme \u00e0 peine perceptible que nous pouvons enfermer dans diff\u00e9rents mots conceptuels&nbsp;: \u00e9nergie, vie, vibrations, champ quantique, particules, atomes, etc.<\/span><\/span><\/p>\n<p align=\"justify\"><span style=\"font-family: Cambria, serif;\"><span style=\"font-size: small;\">Bien que mes sens n\u2019en aient pas conscience, cette r\u00e9alit\u00e9 existe avec certitude, nul ne peut le nier.<\/span><\/span><\/p>\n<p align=\"justify\"><span style=\"font-family: Cambria, serif;\"><span style=\"font-size: small;\">Nous pouvons vivre tranquillement de notre premier \u00e0 notre dernier souffle en ignorant involontairement ou volontairement cet aspect invisible et impalpable de la vie. A chacun sa libert\u00e9 d\u2019\u00eatre.<\/span><\/span><\/p>\n<p align=\"justify\"><span style=\"font-family: Cambria, serif;\"><span style=\"font-size: small;\">Cette libert\u00e9 de vivre de fa\u00e7on aveugle et m\u00e9canique nous abaisse toutefois plus bas que la plupart des r\u00e8gnes de la nature : un chien ou un chat (exemple parlant \u00e0 beaucoup d\u2019entre nous) <i>ressent<\/i> notre \u00e9nergie vibratoire avant d\u2019\u00eatre tout proche de lui. Selon son ressenti et non sa vue seule, il va nous accueillir en grognant ou en soufflant si notre humeur est chagrine, en jappant ou ronronnant si nous d\u00e9gageons de bonnes ondes. Ses perceptions sont au-del\u00e0 du simple sens de la vision, voire de l\u2019odeur.<\/span><\/span><\/p>\n<p align=\"justify\"><span style=\"font-family: Cambria, serif;\"><span style=\"font-size: small;\">Des preuves scientifiques attestent que les v\u00e9g\u00e9taux, bien que d\u00e9pourvus de nos organes sensoriels, r\u00e9agissent \u00e9galement fortement aux vibrations, notamment \u00e0 nos intentions douces ou violentes (voir les travaux d\u2019Eileen Caddy \u00e0 Findhorn).<\/span><\/span><\/p>\n<p align=\"justify\"><span style=\"font-family: Cambria, serif;\"><span style=\"font-size: small;\">Il est grandement temps d\u2019ouvrir nos esprits \u00e0 ce que nos sens ne per\u00e7oivent pas, pour enfin tenir compte de la R\u00e9alit\u00e9 Globale et cesser de nous en tenir \u00e0 l\u2019espace tr\u00e8s limit\u00e9 du monde mat\u00e9riel cr\u00e9\u00e9.<\/span><\/span><\/p>\n<p align=\"justify\"><span style=\"font-family: Cambria, serif;\"><span style=\"font-size: small;\">&#8211; Pourquoi&nbsp;?<\/span><\/span><\/p>\n<p align=\"justify\"><span style=\"font-family: Cambria, serif;\"><span style=\"font-size: small;\">&#8211; <i>Pour arr\u00eater de cr\u00e9er n\u2019importe quoi.<\/i><\/span><\/span><\/p>\n<p align=\"justify\"><span style=\"font-family: Cambria, serif;\"><span style=\"font-size: small;\">&#8211; Comment&nbsp;?! Je ne comprends pas.<\/span><\/span><\/p>\n<p align=\"justify\"><span style=\"font-family: Cambria, serif;\"><span style=\"font-size: small;\">&#8211; <i>Ton monde fini est cr\u00e9\u00e9 \u00e0 l\u2019infini. Et tu es le cr\u00e9ateur de ton monde fini.<\/i><\/span><\/span><\/p>\n<p align=\"justify\"><span style=\"font-family: Cambria, serif;\"><span style=\"font-size: small;\">&#8211; Hol\u00e0&nbsp;! Moi&nbsp;? Cr\u00e9ateur&nbsp;? C\u2019est quoi cette histoire&nbsp;!? Je ne veux pas de cette responsabilit\u00e9 l\u00e0 moi&nbsp;!<\/span><\/span><\/p>\n<p align=\"justify\"><span style=\"font-family: Cambria, serif;\"><span style=\"font-size: small;\">&#8211; <i>Certes, je peux l\u2019entendre. Mais tu ne peux t\u2019isoler du Tout puisque tu es partie int\u00e9grante du Tout, comme la goutte d\u2019eau de l\u2019oc\u00e9an a sa vie propre mais participe malgr\u00e9 sa volont\u00e9 au grand tout appel\u00e9 oc\u00e9an.<\/i><\/span><\/span><\/p>\n<p align=\"justify\"><span style=\"font-family: Cambria, serif;\"><span style=\"font-size: small;\">&#8211; Oui et alors&nbsp;?! En quoi suis-je cr\u00e9ateur de ce grand bazar actuel&nbsp;?<\/span><\/span><\/p>\n<p align=\"justify\"><span style=\"font-family: Cambria, serif;\"><span style=\"font-size: small;\">&#8211; <i>Tu ne peux t\u2019extraire du champ vibratoire \u00e9lectro-magn\u00e9tique de l\u2019univers. L\u2019\u00e9motion qui \u00ab&nbsp;bouillonne&nbsp;\u00bb en toi, et change fr\u00e9quemment selon tes perceptions, cr\u00e9e un champ vibratoire identique \u00e0 l\u2019\u00e9motion g\u00e9n\u00e9r\u00e9e.<\/i><\/span><\/span><\/p>\n<p align=\"justify\"><span style=\"font-family: Cambria, serif;\"><span style=\"font-size: small;\"><i>Pour parler en termes de couleur afin que tu comprennes mieux, vois ceci&nbsp;: tu as une \u00e9motion de col\u00e8re rouge, le champ vibratoire derri\u00e8re toi, en toi, et bien loin \u00e0 l\u2019ext\u00e9rieur de toi se teinte de rouge.<\/i><\/span><\/span><\/p>\n<p align=\"justify\"><span style=\"font-family: Cambria, serif;\"><span style=\"font-size: small;\"><i>Tu as une \u00e9motion rose d\u2019amour, ce m\u00eame champ vibratoire se teinte de rose.<\/i><\/span><\/span><\/p>\n<p align=\"justify\"><span style=\"font-family: Cambria, serif;\"><span style=\"font-size: small;\"><i>Tu as une \u00e9motion bleue de qui\u00e9tude et de calme, le champ vibratoire se teinte de bleu.<\/i><\/span><\/span><\/p>\n<p align=\"justify\"><span style=\"font-family: Cambria, serif;\"><span style=\"font-size: small;\"><i>Tu as une \u00e9motion noire de destruction \u2026<\/i><\/span><\/span><\/p>\n<p align=\"justify\"><span style=\"font-family: Cambria, serif;\"><span style=\"font-size: small;\">&#8211; Bon&nbsp;! \u00c7a va&nbsp;! N\u2019en rajoute pas&nbsp;! J\u2019ai compris&nbsp;! Tu veux me faire porter le chapeau de tout ce qui ne va pas dans la vie&nbsp;!!!<\/span><\/span><\/p>\n<p align=\"justify\"><span style=\"font-family: Cambria, serif;\"><span style=\"font-size: small;\">&#8211; <i>Reste calme. Loin de moi cette pens\u00e9e car je suis l\u2019Amour Inconditionnel qui te laisse ta totale libert\u00e9 d\u2019\u00eatre. Je veux juste t\u2019apprendre cette r\u00e8gle immuable depuis la nuit des temps&nbsp;: toute \u00e9nergie vibratoire qui s\u2019apparente \u00e0 un champ \u00e9lectrique revient \u00e0 son g\u00e9n\u00e9rateur. Peux-tu l\u2019entendre&nbsp;? <\/i><i>L\u2019\u00e9nergie ne va pas du point A au point B mais tourne en boucle.<\/i><\/span><\/span><\/p>\n<p align=\"justify\"><span style=\"font-family: Cambria, serif;\"><span style=\"font-size: small;\"><i>Tout ce que tu envoies inconsciemment revient \u00e0 toi et cr\u00e9e ton monde mat\u00e9riel.<\/i><\/span><\/span><\/p>\n<p align=\"justify\"><span style=\"font-family: Cambria, serif;\"><span style=\"font-size: small;\">&#8211; &#8230;<\/span><\/span><\/p>\n<p align=\"justify\"><span style=\"font-family: Cambria, serif;\"><span style=\"font-size: small;\">&#8211;<i> Ne fais pas cette t\u00eate&nbsp;! Tu es trop dr\u00f4le&nbsp;! Rien ne sert de bouder. Je suis ton seul et v\u00e9ritable ami, celui qui peut tout te dire sans jugement. Je ne veux que t\u2019aider. \u00c9largis tes perceptions au-del\u00e0 de tes sens et essaye de ressentir les vibrations. Tu en connais d\u00e9j\u00e0 quelques-unes&nbsp;: juste avant l\u2019orage, tu <\/i><i>es si nerveux-se que tu <\/i><i>as envie de mordre. Quand tu es au bord d\u2019un cours d\u2019eau, ton stress s\u2019apaise. Quand tu vas au stade ou au concert, la liesse ou le d\u00e9pit est palpable et tu vis l\u2019osmose. Reconnais-tu tous ces \u00e9tats d\u2019\u00eatre&nbsp;?<\/i><\/span><\/span><\/p>\n<p align=\"justify\"><span style=\"font-family: Cambria, serif;\"><span style=\"font-size: small;\">&#8211; Ben oui&nbsp;! Je ne suis pas une b\u00fbche&nbsp;!<\/span><\/span><\/p>\n<p align=\"justify\"><span style=\"font-family: Cambria, serif;\"><span style=\"font-size: small;\">&#8211; <i>Tss tss&nbsp;! La mati\u00e8re est vivante, vibrante comme toi, surtout le bois. Sors de tes conditionnements conceptuels, essaye d\u2019exp\u00e9rimenter ce que je viens de te faire d\u00e9couvrir. Reste calme. <\/i><i>J<\/i><i>e reviendrai \u00e0 toi pour t\u2019en dire plus quand tu auras v\u00e9cu l\u2019\u00e9merveillement.<\/i><\/span><\/span><\/p>\n<p align=\"justify\"><span style=\"font-family: Cambria, serif;\"><span style=\"font-size: small;\">&#8211; Namast\u00e9 ma conscience<\/span><\/span><\/p>\n<p align=\"justify\"><span style=\"font-family: Cambria, serif;\"><span style=\"font-size: small;\">&#8211; <i>Namast\u00e9 cher Cr\u00e9ateur<\/i> <span style=\"font-family: Wingdings;\">\uf04a<\/span><\/span><\/span><\/p>\n<p align=\"justify\"><span style=\"font-family: Cambria, serif;\"><span style=\"font-size: small;\"><i>N<\/i><i>amast\u00e9<\/i><i> <\/i><\/span><\/span><\/p>\n<p align=\"left\"><span style=\"font-family: Cambria, serif;\"><span style=\"font-size: small;\">Claudine<\/span><\/span><\/p>\n<p align=\"left\"><span style=\"font-family: Cambria, serif;\"><span style=\"font-size: small;\">&nbsp;<\/span><\/span><\/p>\n","protected":false},"excerpt":{"rendered":"<p>Ce que mes sens per\u00e7oivent n\u2019est que l\u2019apparence de la r\u00e9alit\u00e9. Elle n\u2019est pas la R\u00e9alit\u00e9. Il y a au-del\u00e0 de l\u2019apparence une infinitude extraordinaire non accessible par nos cinq sens. Derri\u00e8re, autour et en chaque chose, moi y compris, existe une forme \u00e0 peine perceptible que nous pouvons enfermer dans diff\u00e9rents mots conceptuels&nbsp;: \u00e9nergie, [&hellip;]<\/p>\n","protected":false},"author":3,"featured_media":0,"comment_status":"open","ping_status":"closed","sticky":false,"template":"","format":"standard","meta":{"footnotes":""},"categories":[1],"tags":[],"class_list":["post-749","post","type-post","status-publish","format-standard","hentry","category-non-classe"],"views":691,"_links":{"self":[{"href":"https:\/\/www.centchemins.fr\/index.php?rest_route=\/wp\/v2\/posts\/749","targetHints":{"allow":["GET"]}}],"collection":[{"href":"https:\/\/www.centchemins.fr\/index.php?rest_route=\/wp\/v2\/posts"}],"about":[{"href":"https:\/\/www.centchemins.fr\/index.php?rest_route=\/wp\/v2\/types\/post"}],"author":[{"embeddable":true,"href":"https:\/\/www.centchemins.fr\/index.php?rest_route=\/wp\/v2\/users\/3"}],"replies":[{"embeddable":true,"href":"https:\/\/www.centchemins.fr\/index.php?rest_route=%2Fwp%2Fv2%2Fcomments&post=749"}],"version-history":[{"count":2,"href":"https:\/\/www.centchemins.fr\/index.php?rest_route=\/wp\/v2\/posts\/749\/revisions"}],"predecessor-version":[{"id":751,"href":"https:\/\/www.centchemins.fr\/index.php?rest_route=\/wp\/v2\/posts\/749\/revisions\/751"}],"wp:attachment":[{"href":"https:\/\/www.centchemins.fr\/index.php?rest_route=%2Fwp%2Fv2%2Fmedia&parent=749"}],"wp:term":[{"taxonomy":"category","embeddable":true,"href":"https:\/\/www.centchemins.fr\/index.php?rest_route=%2Fwp%2Fv2%2Fcategories&post=749"},{"taxonomy":"post_tag","embeddable":true,"href":"https:\/\/www.centchemins.fr\/index.php?rest_route=%2Fwp%2Fv2%2Ftags&post=749"}],"curies":[{"name":"wp","href":"https:\/\/api.w.org\/{rel}","templated":true}]}}