{"id":754,"date":"2020-06-17T15:38:00","date_gmt":"2020-06-17T14:38:00","guid":{"rendered":"http:\/\/www.centchemins.fr\/?p=754"},"modified":"2020-09-16T16:59:13","modified_gmt":"2020-09-16T15:59:13","slug":"lame","status":"publish","type":"post","link":"https:\/\/www.centchemins.fr\/?p=754","title":{"rendered":"L&rsquo;\u00c2me"},"content":{"rendered":"\n<p align=\"justify\"><span style=\"font-family: Cambria, serif;\"><span style=\"font-size: small;\">Les concepts encapsulent notre \u00e2me.<\/span><\/span><\/p>\n<p align=\"justify\"><span style=\"font-family: Cambria, serif;\"><span style=\"font-size: small;\">Le tout nouveau-n\u00e9 est pur amour et confiance. Il na\u00eet et d\u00e9j\u00e0 per\u00e7oit \u00e0 la premi\u00e8re minute le froid qui l\u2019identifie \u00e0 son corps, la s\u00e9paration du ventre maternel, l\u2019envie de t\u00e9ter pour sa survie, les cris pour exprimer ses besoins&#8230;<\/span><\/span><\/p>\n<p align=\"justify\"><span style=\"font-family: Cambria, serif;\"><span style=\"font-size: small;\">La nature pour tous les r\u00e8gnes a si bien con\u00e7ut les choses qu\u2019elle a cr\u00e9\u00e9 l\u2019instinct de protection inn\u00e9 des parents, l\u2019apport nourricier du p\u00e8re, l\u2019amour inconditionnel de la m\u00e8re (et vice-versa) et pour les deux parents toute une alchimie \u00e9motionnelle garantissant la survie du petit.<\/span><\/span><\/p>\n<p align=\"justify\"><span style=\"font-family: Cambria, serif;\"><span style=\"font-size: small;\">Le cerveau du nouveau-n\u00e9 a d\u00e9j\u00e0 in-vivo commenc\u00e9 \u00e0 mettre ses ressentis dans des \u00ab&nbsp;cases&nbsp;\u00bb qui deviendront des mots tr\u00e8s t\u00f4t apr\u00e8s sa naissance.<\/span><\/span><\/p>\n<p align=\"justify\"><span style=\"font-family: Cambria, serif;\"><span style=\"font-size: small;\">Hier, la petite L\u00e9onie de 9 mois m\u2019a entendue tousser et m\u2019a imm\u00e9diatement contrefaite avec sa gorge alors que je parlais avec sa maman.<\/span><\/span><\/p>\n<p align=\"justify\"><span style=\"font-family: Cambria, serif;\"><span style=\"font-size: small;\">Nous avons ri sa m\u00e8re et moi.<\/span><\/span><\/p>\n<p align=\"justify\"><span style=\"font-family: Cambria, serif;\"><span style=\"font-size: small;\">Sa maman lui a demand\u00e9&nbsp;:<\/span><\/span><\/p>\n<p align=\"justify\"><span style=\"font-family: Cambria, serif;\"><span style=\"font-size: small;\">&#8211; tousse encore L\u00e9onie&nbsp;!<\/span><\/span><\/p>\n<p align=\"justify\"><span style=\"font-family: Cambria, serif;\"><span style=\"font-size: small;\">Et la petite a touss\u00e9 \u00e0 nouveau.<\/span><\/span><\/p>\n<p align=\"justify\"><span style=\"font-family: Cambria, serif;\"><span style=\"font-size: small;\">Il y a l\u00e0 tout un processus extraordinaire du b\u00e9b\u00e9&nbsp;: l\u2019\u00e9coute, l\u2019attention, l\u2019int\u00e9gration, le mim\u00e9tisme, la compr\u00e9hension de la demande, la conceptualisation des mots \u00ab&nbsp;encore&nbsp;\u00bb, \u00ab&nbsp;tousse&nbsp;\u00bb et l\u2019association du pr\u00e9nom \u00ab&nbsp;L\u00e9onie&nbsp;\u00bb \u00e0 son adorable petite personne, suivi d\u2019une r\u00e9p\u00e9tition <i>volontaire&nbsp;<\/i>!<\/span><\/span><\/p>\n<p align=\"justify\"><span style=\"font-family: Cambria, serif;\"><span style=\"font-size: small;\">En quelques secondes, L\u00e9onie nous a prouv\u00e9 que ses neurones s\u2019agen\u00e7aient parfaitement pour s\u2019adapter \u00e0 la vie humaine.<\/span><\/span><\/p>\n<p align=\"justify\"><span style=\"font-family: Cambria, serif;\"><span style=\"font-size: small;\">Quelle merveille de Programmation, quel g\u00e9nie que des impulsions \u00e9lectriques entre des cellules puissent \u00ab&nbsp;encapsuler&nbsp;\u00bb et m\u00e9moriser les concepts qui nous permettront d\u2019avancer dans la vie incarn\u00e9e.<\/span><\/span><\/p>\n<p align=\"justify\"><span style=\"font-family: Cambria, serif;\"><span style=\"font-size: small;\">Ma maman de 86 ans vient de faire un infarctus silencieux et a perdu quatre-vingt pour cent de son discernement. Elle ne se souvient de nous que si nous lui rappelons qui nous sommes, ne sait plus si et ce qu\u2019elle a mang\u00e9 deux heures plut\u00f4t, mais est revenu \u00e0 sa m\u00e9moire le nom de la sage-femme qui nous a mises au monde ma s\u0153ur et moi soixante-quatre et soixante-et-un ans plus t\u00f4t&nbsp;:<\/span><\/span><\/p>\n<p align=\"justify\"><span style=\"font-family: Cambria, serif;\"><span style=\"font-size: small;\">&#8211; Tu te rappelles maman&nbsp;? Tu as eu deux filles&nbsp;: Martine et Claudine, moi je suis Claudine&nbsp;?<\/span><\/span><\/p>\n<p align=\"justify\"><span style=\"font-family: Cambria, serif;\"><span style=\"font-size: small;\">&#8211; &#8230; madame Corteau&nbsp;!<\/span><\/span><\/p>\n<p align=\"justify\"><span style=\"font-family: Cambria, serif;\"><span style=\"font-size: small;\">&#8211; Oui maman&nbsp;! C\u2019est elle qui nous a mises au monde il y a plus de 60 ans. Quelle m\u00e9moire&nbsp;!<\/span><\/span><\/p>\n<p align=\"justify\"><span style=\"font-family: Cambria, serif;\"><span style=\"font-size: small;\">Ses yeux ont souri et je lui ai pris les mains dans un geste de reconnaissance joyeuse.<\/span><\/span><\/p>\n<p align=\"justify\"><span style=\"font-family: Cambria, serif;\"><span style=\"font-size: small;\">A l\u2019\u00e9nonc\u00e9 de cette sc\u00e8ne, ma grande s\u0153ur s\u2019est effondr\u00e9e en larmes&nbsp;:<\/span><\/span><\/p>\n<p align=\"justify\"><span style=\"font-family: Cambria, serif;\"><span style=\"font-size: small;\">&#8211; Qu\u2019est devenue ma pauvre maman&nbsp;!<\/span><\/span><\/p>\n<p align=\"justify\"><span style=\"font-family: Cambria, serif;\"><span style=\"font-size: small;\">Combien d\u2019entre nous vivons sans r\u00e9aliser, ni m\u00eame que la pens\u00e9e s\u2019approche de nous, de la merveille d\u2019\u00e9volution que nous sommes, qui, \u00e0 tout bien consid\u00e9rer, n\u2019est qu\u2019un amas de chair, de sang, d\u2019os et de toute une batterie de m\u00e9caniques propres \u00e0 des milliers de fonctions.<\/span><\/span><\/p>\n<p align=\"justify\"><span style=\"font-family: Cambria, serif;\"><span style=\"font-size: small;\">Vous lisez MES MOTS&nbsp;!<\/span><\/span><\/p>\n<p align=\"justify\"><span style=\"font-family: Cambria, serif;\"><span style=\"font-size: small;\">Comment partager mes ressentis, mes exp\u00e9riences, ma compr\u00e9hension sans CES MOTS&nbsp;?!<\/span><\/span><\/p>\n<p align=\"justify\"><span style=\"font-family: Cambria, serif;\"><span style=\"font-size: small;\">Ces petits capsules appel\u00e9es \u00ab&nbsp;mots&nbsp;\u00bb contiennent une histoire, en l\u2019occurrence la mienne et selon notre \u00ab&nbsp;programmation commune&nbsp;\u00bb elles vont nous permettre l\u2019\u00e9change.<\/span><\/span><\/p>\n<p align=\"justify\"><span style=\"font-family: Cambria, serif;\"><span style=\"font-size: small;\">Les sons que sont les mots, ou d\u2019autres sons comme une toux reconnue par L\u00e9onie, contiennent \u00e9galement toute une panoplie de concepts.<\/span><\/span><\/p>\n<p align=\"justify\"><span style=\"font-family: Cambria, serif;\"><span style=\"font-size: small;\">Mes mots vont se confronter \u00e0 vos propres mots et \u00e0 l\u2019id\u00e9e que vous vous en faites et se transformer dans votre cerveau en quelque chose qui \u00ab&nbsp;s\u2019apparente&nbsp;\u00bb <i>\u00e0 vos propres perceptions, \u00e0 vos ressentis.<\/i><\/span><\/span><\/p>\n<p align=\"justify\"><span style=\"font-family: Cambria, serif;\"><span style=\"font-size: small;\">Ils vous donnent une image de <i>ma<\/i> r\u00e9alit\u00e9, ils ne sont plus LA r\u00e9alit\u00e9, car issus du pass\u00e9, car issus d\u2019une seule personne conceptuelle alors que nous sommes plus de sept milliards de \u00ab&nbsp;concepteurs&nbsp;\u00bb individuels.<\/span><\/span><\/p>\n<p align=\"justify\"><span style=\"font-family: Cambria, serif;\"><span style=\"font-size: small;\">Est-il possible de prendre quelques-unes de ces petites \u00ab&nbsp;capsules&nbsp;\u00bb, de sortir (mais sortir est un bien grand mot) de nos concepts et de toucher du bout du c\u0153ur l\u2019\u00c2me derri\u00e8re toute chose&nbsp;? La vibration premi\u00e8re avant le big bang&nbsp;? Le \u00ab&nbsp;plus-que-nous&nbsp;\u00bb et dont nous sommes&nbsp;?!<\/span><\/span><\/p>\n<p align=\"justify\"><span style=\"font-family: Cambria, serif;\"><span style=\"font-size: small;\">Je vous souhaite une belle d\u00e9couverte.<\/span><\/span><\/p>\n<p align=\"justify\"><span style=\"font-family: Cambria, serif;\"><span style=\"font-size: small;\"><i>N<\/i><i>amast\u00e9<\/i><i> <\/i><\/span><\/span><\/p>\n<p align=\"left\"><span style=\"font-family: Cambria, serif;\"><span style=\"font-size: small;\">Claudine<\/span><\/span><\/p>\n","protected":false},"excerpt":{"rendered":"<p>Les concepts encapsulent notre \u00e2me. Le tout nouveau-n\u00e9 est pur amour et confiance. Il na\u00eet et d\u00e9j\u00e0 per\u00e7oit \u00e0 la premi\u00e8re minute le froid qui l\u2019identifie \u00e0 son corps, la s\u00e9paration du ventre maternel, l\u2019envie de t\u00e9ter pour sa survie, les cris pour exprimer ses besoins&#8230; La nature pour tous les r\u00e8gnes a si bien [&hellip;]<\/p>\n","protected":false},"author":3,"featured_media":0,"comment_status":"open","ping_status":"closed","sticky":false,"template":"","format":"standard","meta":{"footnotes":""},"categories":[1],"tags":[],"class_list":["post-754","post","type-post","status-publish","format-standard","hentry","category-non-classe"],"views":981,"_links":{"self":[{"href":"https:\/\/www.centchemins.fr\/index.php?rest_route=\/wp\/v2\/posts\/754","targetHints":{"allow":["GET"]}}],"collection":[{"href":"https:\/\/www.centchemins.fr\/index.php?rest_route=\/wp\/v2\/posts"}],"about":[{"href":"https:\/\/www.centchemins.fr\/index.php?rest_route=\/wp\/v2\/types\/post"}],"author":[{"embeddable":true,"href":"https:\/\/www.centchemins.fr\/index.php?rest_route=\/wp\/v2\/users\/3"}],"replies":[{"embeddable":true,"href":"https:\/\/www.centchemins.fr\/index.php?rest_route=%2Fwp%2Fv2%2Fcomments&post=754"}],"version-history":[{"count":2,"href":"https:\/\/www.centchemins.fr\/index.php?rest_route=\/wp\/v2\/posts\/754\/revisions"}],"predecessor-version":[{"id":756,"href":"https:\/\/www.centchemins.fr\/index.php?rest_route=\/wp\/v2\/posts\/754\/revisions\/756"}],"wp:attachment":[{"href":"https:\/\/www.centchemins.fr\/index.php?rest_route=%2Fwp%2Fv2%2Fmedia&parent=754"}],"wp:term":[{"taxonomy":"category","embeddable":true,"href":"https:\/\/www.centchemins.fr\/index.php?rest_route=%2Fwp%2Fv2%2Fcategories&post=754"},{"taxonomy":"post_tag","embeddable":true,"href":"https:\/\/www.centchemins.fr\/index.php?rest_route=%2Fwp%2Fv2%2Ftags&post=754"}],"curies":[{"name":"wp","href":"https:\/\/api.w.org\/{rel}","templated":true}]}}