{"id":765,"date":"2021-01-18T21:40:38","date_gmt":"2021-01-18T20:40:38","guid":{"rendered":"http:\/\/www.centchemins.fr\/?p=765"},"modified":"2021-01-18T21:41:29","modified_gmt":"2021-01-18T20:41:29","slug":"les-deux-faces-du-miroir","status":"publish","type":"post","link":"https:\/\/www.centchemins.fr\/?p=765","title":{"rendered":"Les deux faces du miroir"},"content":{"rendered":"\n<p class=\"wp-block-paragraph\">Tout est binaire, tout est duel.<\/p>\n\n\n\n<p class=\"wp-block-paragraph\">Le noir et le blanc, le jour et la nuit, le masculin et le f\u00e9minin, le langage informatique&#8230;<\/p>\n\n\n\n<p class=\"wp-block-paragraph\">Il y a un chemin visible, palpable, quantifiable&nbsp;: notre r\u00e9alit\u00e9 mat\u00e9rielle que nos cinq sens per\u00e7oivent comme \u00ab&nbsp;vraie&nbsp;\u00bb parce que d\u00e9montrable scientifiquement par des preuves, des math\u00e9matiques ou simplement des \u00e9vidences.<\/p>\n\n\n\n<p class=\"wp-block-paragraph\">Et il y a l\u2019autre chemin subtil. Celui-ci n\u2019est pas perceptible par nos sens bien que tr\u00e8s r\u00e9el. C\u2019est ce monde cach\u00e9 \u00e0 notre raison qui remplit l\u2019univers d\u2019atomes. Ce sont ces champs vibratoires impalpables qui font sonner notre portable au milieu des bois d\u2019un appel pass\u00e9 des antipodes. Ce sont mes articulations et ma peau qui me disent que bien que mon c\u0153ur aime comme \u00e0 16 ans, en fait mes cellules ont l\u2019\u00e2ge exactement inverse&nbsp;: 61 ans \u00e0 se d\u00e9multiplier, \u00e0 s\u2019agencer pour me sauver, \u00e0 r\u00e9organiser tout ce que <em>je<\/em> leur envoie (nourriture, pens\u00e9es, actes) afin de me maintenir en \u00e9quilibre fragile dans le champ mat\u00e9riel.<\/p>\n\n\n\n<p class=\"wp-block-paragraph\">Je ne chercherai pas ici \u00e0 prouver l\u2019existence de ce monde binaire, toutes les biblioth\u00e8ques nationales contiennent mati\u00e8re \u00e0 s\u2019instruire sur le sujet.<\/p>\n\n\n\n<p class=\"wp-block-paragraph\">Ce que j\u2019aimerais partager avec vous c\u2019est cette r\u00e9flexion que j\u2019exp\u00e9rimente&nbsp;: si nous ne sortons pas du chemin visible, l\u2019autre, invisible, se manifeste \u00e0 nous en vain. Son mode d\u2019expression est l\u2019intuition, le ressenti, les synchronicit\u00e9s, l\u2019\u00e9merveillement (dont le nom tire sa racine du mot \u00ab&nbsp;miroir&nbsp;\u00bb. Merci Olivier), la confiance, etc. et le plus magique (l\u2019\u00e2me agit) entre tous&nbsp;: l\u2019amour&nbsp;!<\/p>\n\n\n\n<p class=\"wp-block-paragraph\">Deux routes parall\u00e8les qui nous conduisent tout au long de notre vie.<\/p>\n\n\n\n<p class=\"wp-block-paragraph\">Je peux avancer dans le sillon de la mati\u00e8re comme une b\u00eate de somme dont le joug l\u2019emp\u00eache de tourner la t\u00eate, plus ou moins heureux-se de mon sort selon la difficult\u00e9 du chemin.<\/p>\n\n\n\n<p class=\"wp-block-paragraph\">Ou alors, je peux jouir de mon enti\u00e8re libert\u00e9 de d\u00e9couvrir cette autre r\u00e9alit\u00e9 invisible \u00e0 mes yeux, que j\u2019appellerai spiritualit\u00e9 par confort, le mot \u00ab&nbsp;foi&nbsp;\u00bb risquant de froisser, voire fermer certains esprits, ou la nommer \u00ab&nbsp;connaissance&nbsp;\u00bb pour faire simple&nbsp;: je <em>connais<\/em> cette autre r\u00e9alit\u00e9 mais je ne l\u2019exp\u00e9rimente pas.<\/p>\n\n\n\n<p class=\"wp-block-paragraph\">C\u2019est l\u00e0 cette merveilleuse libert\u00e9 de choix qui nous est donn\u00e9e \u00e0 tous&nbsp;: marcher sur un seul pied ou sur les deux :-).<\/p>\n\n\n\n<p class=\"wp-block-paragraph\">Sans mise en route de notre volont\u00e9, il ne se passera rien. N\u2019est-ce pas merveilleux ce divin respect&nbsp;?!<\/p>\n\n\n\n<p class=\"wp-block-paragraph\">Mais il y a un revers \u00e0 cette m\u00e9daille&nbsp;: tout tient de ma seule <em>en vie<\/em> de d\u00e9couvrir cette autre voie.<\/p>\n\n\n\n<p class=\"wp-block-paragraph\">Si je ne donne pas l\u2019impulsion constante, volontaire, r\u00e9guli\u00e8re, r\u00e9p\u00e9titive pour acc\u00e9der \u00e0 ce monde subtil, je peux passer toute ma vie sans conscience, dans une ombre sans lumi\u00e8re.<\/p>\n\n\n\n<p class=\"wp-block-paragraph\">Il me faut un effort de volont\u00e9 pour d\u00e9couvrir l\u2019autre face du miroir.<\/p>\n\n\n\n<p class=\"wp-block-paragraph\">Mais combien cet effort est r\u00e9compens\u00e9&nbsp;!<\/p>\n\n\n\n<p class=\"wp-block-paragraph\">A l\u2019exp\u00e9rimentation de tant de merveilles, gare \u00e0 ne pas d\u00e9crocher pour \u00ab&nbsp;l\u2019autre pied&nbsp;\u00bb&nbsp;; l\u2019\u00e9quilibre participe des deux.<\/p>\n\n\n\n<p class=\"wp-block-paragraph\">Pratiquer cette marche sur les deux pieds solidement pos\u00e9s conduit \u00e0 un \u00e9tat supr\u00eame&nbsp;: <strong>la joie&nbsp;!<\/strong><\/p>\n\n\n\n<p class=\"wp-block-paragraph\"><em>N<\/em><em>amast\u00e9<\/em><em><\/em><\/p>\n\n\n\n<p class=\"wp-block-paragraph\">Claudine<\/p>\n\n\n\n<p class=\"wp-block-paragraph\"><\/p>\n","protected":false},"excerpt":{"rendered":"<p>Tout est binaire, tout est duel. Le noir et le blanc, le jour et la nuit, le masculin et le f\u00e9minin, le langage informatique&#8230; Il y a un chemin visible, palpable, quantifiable&nbsp;: notre r\u00e9alit\u00e9 mat\u00e9rielle que nos cinq sens per\u00e7oivent comme \u00ab&nbsp;vraie&nbsp;\u00bb parce que d\u00e9montrable scientifiquement par des preuves, des math\u00e9matiques ou simplement des \u00e9vidences. [&hellip;]<\/p>\n","protected":false},"author":3,"featured_media":0,"comment_status":"open","ping_status":"closed","sticky":false,"template":"","format":"standard","meta":{"footnotes":""},"categories":[1],"tags":[],"class_list":["post-765","post","type-post","status-publish","format-standard","hentry","category-non-classe"],"views":584,"_links":{"self":[{"href":"https:\/\/www.centchemins.fr\/index.php?rest_route=\/wp\/v2\/posts\/765","targetHints":{"allow":["GET"]}}],"collection":[{"href":"https:\/\/www.centchemins.fr\/index.php?rest_route=\/wp\/v2\/posts"}],"about":[{"href":"https:\/\/www.centchemins.fr\/index.php?rest_route=\/wp\/v2\/types\/post"}],"author":[{"embeddable":true,"href":"https:\/\/www.centchemins.fr\/index.php?rest_route=\/wp\/v2\/users\/3"}],"replies":[{"embeddable":true,"href":"https:\/\/www.centchemins.fr\/index.php?rest_route=%2Fwp%2Fv2%2Fcomments&post=765"}],"version-history":[{"count":2,"href":"https:\/\/www.centchemins.fr\/index.php?rest_route=\/wp\/v2\/posts\/765\/revisions"}],"predecessor-version":[{"id":767,"href":"https:\/\/www.centchemins.fr\/index.php?rest_route=\/wp\/v2\/posts\/765\/revisions\/767"}],"wp:attachment":[{"href":"https:\/\/www.centchemins.fr\/index.php?rest_route=%2Fwp%2Fv2%2Fmedia&parent=765"}],"wp:term":[{"taxonomy":"category","embeddable":true,"href":"https:\/\/www.centchemins.fr\/index.php?rest_route=%2Fwp%2Fv2%2Fcategories&post=765"},{"taxonomy":"post_tag","embeddable":true,"href":"https:\/\/www.centchemins.fr\/index.php?rest_route=%2Fwp%2Fv2%2Ftags&post=765"}],"curies":[{"name":"wp","href":"https:\/\/api.w.org\/{rel}","templated":true}]}}