{"id":777,"date":"2021-03-08T16:36:49","date_gmt":"2021-03-08T15:36:49","guid":{"rendered":"http:\/\/www.centchemins.fr\/?p=777"},"modified":"2021-03-08T16:36:52","modified_gmt":"2021-03-08T15:36:52","slug":"illusion","status":"publish","type":"post","link":"https:\/\/www.centchemins.fr\/?p=777","title":{"rendered":"Illusion"},"content":{"rendered":"\n<p align=\"justify\"><span style=\"color: #000000;\"><span style=\"font-family: Times New Roman, serif;\"><span style=\"font-size: medium;\">En m\u00e9ditation, je quitte la volont\u00e9 de mon mental pour rejoindre la matrice, le un, le champ vibratoire du grand tout.<\/span><\/span><\/span><\/p>\n<p align=\"justify\"><span style=\"color: #000000;\"><span style=\"font-family: Times New Roman, serif;\"><span style=\"font-size: medium;\">Je ne me soumets plus \u00e0 la dictature de mes cellules, de mon moi incarn\u00e9 dans la mati\u00e8re. La racine du mot \u00ab\u00a0incarn\u00e9\u00a0\u00bb vient du mot \u00ab\u00a0chair\u00a0\u00bb, \u00ab\u00a0caro, carnis\u00a0\u00bb en latin.<\/span><\/span><\/span><\/p>\n<p align=\"justify\"><span style=\"color: #000000;\"><span style=\"font-family: Times New Roman, serif;\"><span style=\"font-size: medium;\">Je sors du fini et me reconnecte \u00e0 l\u2019infini. Je quitte l\u2019espace temps cr\u00e9ateur de ma r\u00e9alit\u00e9.<\/span><\/span><\/span><\/p>\n<p align=\"justify\"><span style=\"color: #000000;\"><span style=\"font-family: Times New Roman, serif;\"><span style=\"font-size: medium;\">Les cellules des astronautes vieillissent moins vite lors de leur voyage spatial.\u00a0!!! C\u2019est scientifiquement prouv\u00e9. Arrach\u00e9s \u00e0 la gravit\u00e9* terrestre, leurs corps physiques ne subissent plus la constante du temps. <i>*<\/i><i>(Gravit\u00e9 dans le sens attraction terrestre\u00a0 <\/i><span style=\"font-family: Wingdings;\">\uf04a<\/span><i>)<\/i><\/span><\/span><\/span><\/p>\n<p align=\"justify\"><span style=\"color: #000000;\"><span style=\"font-family: Times New Roman, serif;\"><span style=\"font-size: medium;\">Nous sommes un interm\u00e9diaire sur le chemin de la densit\u00e9 terrestre, de passage en quelque sorte.<\/span><\/span><\/span><\/p>\n<p align=\"justify\"><span style=\"color: #000000;\"><span style=\"font-family: Times New Roman, serif;\"><span style=\"font-size: medium;\">Nous naissons du monde vibratoire \u00e9lev\u00e9. Plus nos vibrations baissent, descendent, plus nous sommes ancr\u00e9s dans la mati\u00e8re.<\/span><\/span><\/span><\/p>\n<p align=\"justify\"><span style=\"color: #000000;\"><span style=\"font-family: Times New Roman, serif;\"><span style=\"font-size: medium;\">Nos cellules n\u2019existent que par cette baisse vibratoire qui nous conduit \u00e0 la mort physique, in\u00e9vitable sur ce chemin de densit\u00e9. L\u2019impermanence\u00a0: rien ne dure, tout dispara\u00eet. Sauf que &#8230;<\/span><\/span><\/span><\/p>\n<p align=\"justify\"><span style=\"color: #000000;\"><span style=\"font-family: Times New Roman, serif;\"><span style=\"font-size: medium;\">C\u2019est la lemniscate, symbole de l\u2019infini. De l\u2019expansion, nous rejoignons la compression.<\/span><\/span><\/span><\/p>\n<p align=\"justify\"><span style=\"color: #000000;\"><span style=\"font-family: Times New Roman, serif;\"><span style=\"font-size: medium;\">Redevenus poussi\u00e8re, pour employer le terme consacr\u00e9, nous r\u00e9int\u00e9grons le champ vibratoire \u00e9lev\u00e9 dans le mouvement inverse. Extension, compression, contraction, extension, puis retour \u00e0 l\u2019expansion &#8230; etc., \u00e0 l\u2019infini\u00a0?<\/span><\/span><\/span><\/p>\n<p align=\"justify\"><span style=\"color: #000000;\"><span style=\"font-family: Times New Roman, serif;\"><span style=\"font-size: medium;\">Les indiens d\u2019Am\u00e9rique ont cette sagesse inn\u00e9e et merveilleuse : tout ce qui vit est rond. La ronde des plan\u00e8tes autour du soleil, la ronde de la Terre sur elle-m\u00eame, de la lune autour de la Terre, le cycle de l\u2019eau, solide, liquide, gazeux, qui redevient liquide, puis solide sous la forme de neige, de glace et ainsi de suite, la ronde des saisons et mille autres exemples.<\/span><\/span><\/span><\/p>\n<p align=\"justify\"><span style=\"color: #000000;\"><span style=\"font-family: Times New Roman, serif;\"><span style=\"font-size: medium;\">Le corps des hommes est rond comme le tronc des arbres ou la g\u00e9om\u00e9trie parfaite des fleurs. Du compost rena\u00eet le Jardin l\u2019Eden.<\/span><\/span><\/span><\/p>\n<p align=\"justify\"><span style=\"color: #000000;\"><span style=\"font-family: Times New Roman, serif;\"><span style=\"font-size: medium;\">Tout nous invite \u00e0 cette r\u00e9flexion qui \u00e9chappe \u00e0 notre bon sens.<\/span><\/span><\/span><\/p>\n<p align=\"justify\"><span style=\"color: #000000;\"><span style=\"font-family: Times New Roman, serif;\"><span style=\"font-size: medium;\">Cette ronde infinie ne s\u2019arr\u00eate jamais, car le champ vibratoire n\u2019a ni d\u00e9but ni fin.<\/span><\/span><\/span><\/p>\n<p align=\"justify\"><span style=\"color: #000000;\"><span style=\"font-family: Times New Roman, serif;\"><span style=\"font-size: medium;\">La vie est illusion disent les bouddhistes. Illusion que notre propre mental cr\u00e9e, dissoci\u00e9 du grand Tout et s\u00fbr de sa supr\u00e9matie individuelle.<\/span><\/span><\/span><\/p>\n<p align=\"justify\"><span style=\"color: #000000;\"><span style=\"font-family: Times New Roman, serif;\"><span style=\"font-size: medium;\">Quand nous arrivons \u00e0 faire taire notre mental, par le non faire et le non \u00eatre, nous touchons quelques fragments de seconde ce ressenti d\u2019immat\u00e9rialit\u00e9.<\/span><\/span><\/span><\/p>\n<p align=\"justify\"><span style=\"color: #000000;\"><span style=\"font-family: Times New Roman, serif;\"><span style=\"font-size: medium;\">Il y a des moyens \u00ab m\u00e9caniques \u00bb pour rejoindre cet \u00e9tat : ayahuasca, peyotl, drogues diverses l\u00e9gales et ill\u00e9gales, et plus communs et tr\u00e8s pervers sous leurs airs bon enfant : alcool et cigarettes.<\/span><\/span><\/span><\/p>\n<p align=\"justify\"><span style=\"color: #000000;\"><span style=\"font-family: Times New Roman, serif;\"><span style=\"font-size: medium;\">Ces micro-fuites de la r\u00e9alit\u00e9 non reconnues, tr\u00e8s momentan\u00e9es, apportent instantan\u00e9ment une d\u00e9pendance d\u00e9vastatrice, car le mental que nous croyons apais\u00e9 trouve-l\u00e0 un chemin royal pour nous soumettre sa dictature.<\/span><\/span><\/span><\/p>\n<p align=\"justify\"><span style=\"color: #000000;\"><span style=\"font-family: Times New Roman, serif;\"><span style=\"font-size: medium;\">Par ma seule pr\u00e9sence, moi face \u00e0 moi, je peux tout en douceur reprendre le contr\u00f4le sur cette course folle descendante.<\/span><\/span><\/span><\/p>\n<p align=\"justify\"><span style=\"color: #000000;\"><span style=\"font-family: Times New Roman, serif;\"><span style=\"font-size: medium;\">En ne donnant plus aucune importance \u00e0 l\u2019ext\u00e9rieur quel qu\u2019il soit, en me concentrant, c\u2019est-\u00e0-dire en revenant \u00e0 mon centre, au point minuscule du croisement de la lemniscate, je peux toucher le non-\u00eatre, le non-temps, le non-mati\u00e8re et peut-\u00eatre entre-apercevoir l\u2019autre face du miroir o\u00f9 il n\u2019y a aucune s\u00e9paration, aucune dualit\u00e9&#8230;<\/span><\/span><\/span><\/p>\n<p align=\"justify\"><span style=\"font-family: Times New Roman, serif;\"><span style=\"font-size: medium;\"><span style=\"color: #000000;\">&#8230; avec un peu de chance et d\u2019assiduit\u00e9.<\/span><\/span><\/span><\/p>\n<p align=\"justify\"><span style=\"font-family: Times New Roman, serif;\"><span style=\"font-size: medium;\"><i>N<\/i><i>amast\u00e9<\/i><i> <\/i><\/span><\/span><\/p>\n<p align=\"left\"><span style=\"font-family: Times New Roman, serif;\"><span style=\"font-size: medium;\">Claudine<i> <\/i><\/span><\/span><\/p>\n<p align=\"left\"><span style=\"font-family: Times New Roman, serif;\"><span style=\"font-size: medium;\">\u00a0<\/span><\/span><\/p>\n<p align=\"left\"><span style=\"font-family: Cambria, serif;\"><span style=\"font-size: small;\"><span style=\"font-family: Times New Roman, serif;\"><span style=\"font-size: medium;\">\u00a0<\/span><\/span><\/span><\/span><\/p>\n","protected":false},"excerpt":{"rendered":"<p>En m\u00e9ditation, je quitte la volont\u00e9 de mon mental pour rejoindre la matrice, le un, le champ vibratoire du grand tout. Je ne me soumets plus \u00e0 la dictature de mes cellules, de mon moi incarn\u00e9 dans la mati\u00e8re. La racine du mot \u00ab\u00a0incarn\u00e9\u00a0\u00bb vient du mot \u00ab\u00a0chair\u00a0\u00bb, \u00ab\u00a0caro, carnis\u00a0\u00bb en latin. Je sors du [&hellip;]<\/p>\n","protected":false},"author":3,"featured_media":0,"comment_status":"open","ping_status":"closed","sticky":false,"template":"","format":"standard","meta":{"footnotes":""},"categories":[1],"tags":[],"class_list":["post-777","post","type-post","status-publish","format-standard","hentry","category-non-classe"],"views":687,"_links":{"self":[{"href":"https:\/\/www.centchemins.fr\/index.php?rest_route=\/wp\/v2\/posts\/777","targetHints":{"allow":["GET"]}}],"collection":[{"href":"https:\/\/www.centchemins.fr\/index.php?rest_route=\/wp\/v2\/posts"}],"about":[{"href":"https:\/\/www.centchemins.fr\/index.php?rest_route=\/wp\/v2\/types\/post"}],"author":[{"embeddable":true,"href":"https:\/\/www.centchemins.fr\/index.php?rest_route=\/wp\/v2\/users\/3"}],"replies":[{"embeddable":true,"href":"https:\/\/www.centchemins.fr\/index.php?rest_route=%2Fwp%2Fv2%2Fcomments&post=777"}],"version-history":[{"count":1,"href":"https:\/\/www.centchemins.fr\/index.php?rest_route=\/wp\/v2\/posts\/777\/revisions"}],"predecessor-version":[{"id":778,"href":"https:\/\/www.centchemins.fr\/index.php?rest_route=\/wp\/v2\/posts\/777\/revisions\/778"}],"wp:attachment":[{"href":"https:\/\/www.centchemins.fr\/index.php?rest_route=%2Fwp%2Fv2%2Fmedia&parent=777"}],"wp:term":[{"taxonomy":"category","embeddable":true,"href":"https:\/\/www.centchemins.fr\/index.php?rest_route=%2Fwp%2Fv2%2Fcategories&post=777"},{"taxonomy":"post_tag","embeddable":true,"href":"https:\/\/www.centchemins.fr\/index.php?rest_route=%2Fwp%2Fv2%2Ftags&post=777"}],"curies":[{"name":"wp","href":"https:\/\/api.w.org\/{rel}","templated":true}]}}