{"id":784,"date":"2021-04-15T20:02:22","date_gmt":"2021-04-15T19:02:22","guid":{"rendered":"http:\/\/www.centchemins.fr\/?p=784"},"modified":"2021-04-15T20:09:13","modified_gmt":"2021-04-15T19:09:13","slug":"la-transmission","status":"publish","type":"post","link":"https:\/\/www.centchemins.fr\/?p=784","title":{"rendered":"La transmission"},"content":{"rendered":"\n<p align=\"justify\"><span style=\"color: #000000;\"><span style=\"font-family: Times New Roman, serif;\"><span style=\"font-size: medium;\">Il y a deux buts \u00e0 la vie, deux chemins principaux.<\/span><\/span><\/span><\/p>\n<p align=\"justify\"><span style=\"color: #000000;\"><span style=\"font-family: Times New Roman, serif;\"><span style=\"font-size: medium;\">Un premier individuel, un autre collectif.<\/span><\/span><\/span><\/p>\n<p align=\"justify\"><span style=\"color: #000000;\"><span style=\"font-family: Times New Roman, serif;\"><span style=\"font-size: medium;\">Le premier est l\u2019accomplissement personnel&nbsp;; trouver ce qui nous est propre, ce qui nous met en joie, nous apporte calme et s\u00e9r\u00e9nit\u00e9, et le but ultime&nbsp;: <i>en toutes circonstances.<\/i><\/span><\/span><\/span><\/p>\n<p align=\"justify\"><span style=\"color: #000000;\"><span style=\"font-family: Times New Roman, serif;\"><span style=\"font-size: medium;\">Conna\u00eetre son propre point d\u2019\u00e9quilibre entre le trop et le trop peu, tant au niveau du physique, du mental que du plan \u00e9nerg\u00e9tique dont tr\u00e8s peu d\u2019entre nous avons conscience.<\/span><\/span><\/span><\/p>\n<p align=\"justify\"><span style=\"color: #000000;\"><span style=\"font-family: Times New Roman, serif;\"><span style=\"font-size: medium;\">Avoir une alimentation \u00e9quilibr\u00e9e (et intuitive) contribue au bien-\u00eatre de notre corps est relativement facile. Il suffit d\u2019\u00eatre attentif-ve \u00e0 notre digestion, aux manifestations \u00e0 court ou long terme de notre r\u00e9action corporelle face \u00e0 l\u2019ingestion d\u2019un multiple choix solide ou liquide. Et, surtout, faire le lien, m\u00eame tardif, entre une pathologie et une habitude alimentaire induite qui para\u00eet saine&nbsp;: manger cinq produits laitiers par jour alors qu\u2019on a une intol\u00e9rance inconnue au lactose am\u00e8ne \u00e0 un gros dysfonctionnement de notre organisme par exemple.<\/span><\/span><\/span><\/p>\n<p align=\"justify\"><span style=\"color: #000000;\"><span style=\"font-family: Times New Roman, serif;\"><span style=\"font-size: medium;\">Idem pour le sucre, les glutens, les graisses satur\u00e9es, etc.<\/span><\/span><\/span><\/p>\n<p align=\"justify\"><span style=\"color: #000000;\"><span style=\"font-family: Times New Roman, serif;\"><span style=\"font-size: medium;\">Prendre conscience de ses pens\u00e9es, faire le tri entre ce qui nous est propre, sugg\u00e9r\u00e9, induit, conditionn\u00e9, \u00e9gotique&#8230; est un jeu de piste passionnant, un labyrinthe o\u00f9 chaque petite victoire am\u00e8ne \u00e0 un labyrinthe plus vaste. La cl\u00e9 de sortie ouvre sur la d\u00e9couverte d\u2019un tr\u00e9sor&nbsp;: la joie toute simple d\u2019\u00eatre.<\/span><\/span><\/span><\/p>\n<p align=\"justify\"><span style=\"color: #000000;\"><span style=\"font-family: Times New Roman, serif;\"><span style=\"font-size: medium;\">Quant \u00e0 tout ce qui nourrit ou perturbe notre \u00e9nergie, bien peu autour de moi entrent dans l\u2019\u00e9change. Peut-\u00eatre faut-il toucher du doigt la dimension quantique, s\u2019y int\u00e9resser et souhaiter d\u00e9couvrir son monde merveilleux&nbsp;?!<\/span><\/span><\/span><\/p>\n<p align=\"justify\"><span style=\"color: #000000;\"><span style=\"font-family: Times New Roman, serif;\"><span style=\"font-size: medium;\">La vigilance est encore plus subtile qu\u2019avec nos pens\u00e9es : \u00e0 chaque seconde, l\u2019\u00e9nergie change. La qualit\u00e9 de l\u2019air, l\u2019intensit\u00e9 de la lumi\u00e8re, chaque rencontre, chaque geste, chaque id\u00e9e changent notre champ vibratoire ! A\u00efe ! Tout un programme.<\/span><\/span><\/span><\/p>\n<p align=\"justify\"><span style=\"color: #000000;\"><span style=\"font-family: Times New Roman, serif;\"><span style=\"font-size: medium;\">Mais si je vous dis que mon champ vibratoire participe \u00e0 l\u2019\u00e9quilibre du champ vibratoire d\u2019absolument tout l\u2019univers, donc de votre propre \u00e9quilibre, cela vous conduit \u00e0 quelle r\u00e9flexion&nbsp;?<\/span><\/span><\/span><\/p>\n<p align=\"justify\"><span style=\"color: #000000;\"><span style=\"font-family: Times New Roman, serif;\"><span style=\"font-size: medium;\">Voil\u00e0, tout cela est bien beau. Je vous ai fait une tr\u00e8s courte synth\u00e8se de quelques points essentiels avant d\u2019arriver au sujet principal&nbsp;: le but soci\u00e9tal.<\/span><\/span><\/span><\/p>\n<p align=\"justify\"><span style=\"color: #000000;\"><span style=\"font-family: Times New Roman, serif;\"><span style=\"font-size: medium;\">Nous sommes diff\u00e9renci\u00e9s ET li\u00e9s.<\/span><\/span><\/span><\/p>\n<p align=\"justify\"><span style=\"color: #000000;\"><span style=\"font-family: Times New Roman, serif;\"><span style=\"font-size: medium;\">Si \u00e0 l\u2019\u00e8re du feu, l\u2019homme qui a provoqu\u00e9 un incendie en frottant deux bouts de bois l\u2019un contre l\u2019autre avait cach\u00e9 sa d\u00e9couverte et \u00e9tait mort sans la transmettre, qui serions-nous aujourd\u2019hui sans la ma\u00eetrise de cet \u00e9l\u00e9ment vital&nbsp;? D\u2019ailleurs \u00e0 quelle fin a-t-il fait cela et d\u2019o\u00f9 lui est venue l\u2019intuition ?<\/span><\/span><\/span><\/p>\n<p align=\"justify\"><span style=\"color: #000000;\"><span style=\"font-family: Times New Roman, serif;\"><span style=\"font-size: medium;\">Dans tous les r\u00e8gnes, la transmission existe sous une forme ou une autre.<\/span><\/span><\/span><\/p>\n<p align=\"justify\"><span style=\"color: #000000;\"><span style=\"font-family: Times New Roman, serif;\"><span style=\"font-size: medium;\">Nous (re)d\u00e9couvrons* seulement maintenant qu\u2019il y a m\u00eame une communication v\u00e9g\u00e9tale&nbsp;: les arbres se comprennent&nbsp;! N\u2019est-ce pas merveilleux&nbsp;?!<\/span><\/span><\/span><\/p>\n<p align=\"justify\"><span style=\"color: #000000;\"><span style=\"font-family: Times New Roman, serif;\"><span style=\"font-size: medium;\">Cela veut dire que les brins d\u2019herbe \u00ab&nbsp;parlent&nbsp;\u00bb entre eux&nbsp;! Moi je regarde maintenant ma pelouse avec tendresse <span style=\"font-family: Wingdings;\">\uf04a<\/span>.<\/span><\/span><\/span><\/p>\n<p align=\"justify\"><span style=\"color: #000000;\"><span style=\"font-family: Times New Roman, serif;\"><span style=\"font-size: medium;\">Tout est transmission, \u00e9volution. Il n\u2019y a pas d\u2019\u00e9volution possible sans transmission. Chacun \u00e0 son niveau, chacun \u00e0 son rythme, chacun \u00e0 son envie.<\/span><\/span><\/span><\/p>\n<p align=\"justify\"><span style=\"color: #000000;\"><span style=\"font-family: Times New Roman, serif;\"><span style=\"font-size: medium;\">Bien que, m\u00eame une vie sans transmission n\u2019est pas vaine : en expirant des millions de fois au cours de ma vie, j\u2019ai \u00e9mis du pr\u00e9cieux gaz carbonique dont les v\u00e9g\u00e9taux se nourrissent. En mourant, j\u2019augmenterai les sept m\u00e8tres de couche terrestre compos\u00e9e de mes anc\u00eatres. N\u2019est-ce pas extraordinaire qu\u2019il y ait eu des scientifiques pour faire ce calcul ? &#8230; et nous le transmettre ?! <span style=\"font-family: Wingdings;\">\uf04a<\/span><\/span><\/span><\/span><\/p>\n<p align=\"justify\"><span style=\"font-family: Times New Roman, serif;\"><span style=\"font-size: medium;\"><i>N<\/i><i>amast\u00e9<\/i><i> <\/i><\/span><\/span><\/p>\n<p align=\"left\"><span style=\"font-family: Times New Roman, serif;\"><span style=\"font-size: medium;\">Claudine<i> <\/i><\/span><\/span><\/p>\n<p align=\"left\"><span style=\"font-family: Cambria, serif;\"><span style=\"font-size: small;\"><span style=\"font-family: Times New Roman, serif;\"><span style=\"font-size: medium;\">* <\/span><\/span><span style=\"font-family: Times New Roman, serif;\"><span style=\"font-size: medium;\">Je reste persuad\u00e9e que les peuples premiers connaissent cela, nous les <\/span><\/span><\/span><\/span><span style=\"font-family: Cambria, serif;\"><span style=\"font-size: small;\"><span style=\"font-family: Times New Roman, serif;\"><span style=\"font-size: medium;\">avons tout simplement snob\u00e9s.<\/span><\/span><\/span><\/span><\/p>\n","protected":false},"excerpt":{"rendered":"<p>Il y a deux buts \u00e0 la vie, deux chemins principaux. Un premier individuel, un autre collectif. Le premier est l\u2019accomplissement personnel&nbsp;; trouver ce qui nous est propre, ce qui nous met en joie, nous apporte calme et s\u00e9r\u00e9nit\u00e9, et le but ultime&nbsp;: en toutes circonstances. Conna\u00eetre son propre point d\u2019\u00e9quilibre entre le trop et [&hellip;]<\/p>\n","protected":false},"author":3,"featured_media":0,"comment_status":"open","ping_status":"closed","sticky":false,"template":"","format":"standard","meta":{"footnotes":""},"categories":[1],"tags":[],"class_list":["post-784","post","type-post","status-publish","format-standard","hentry","category-non-classe"],"views":720,"_links":{"self":[{"href":"https:\/\/www.centchemins.fr\/index.php?rest_route=\/wp\/v2\/posts\/784","targetHints":{"allow":["GET"]}}],"collection":[{"href":"https:\/\/www.centchemins.fr\/index.php?rest_route=\/wp\/v2\/posts"}],"about":[{"href":"https:\/\/www.centchemins.fr\/index.php?rest_route=\/wp\/v2\/types\/post"}],"author":[{"embeddable":true,"href":"https:\/\/www.centchemins.fr\/index.php?rest_route=\/wp\/v2\/users\/3"}],"replies":[{"embeddable":true,"href":"https:\/\/www.centchemins.fr\/index.php?rest_route=%2Fwp%2Fv2%2Fcomments&post=784"}],"version-history":[{"count":4,"href":"https:\/\/www.centchemins.fr\/index.php?rest_route=\/wp\/v2\/posts\/784\/revisions"}],"predecessor-version":[{"id":788,"href":"https:\/\/www.centchemins.fr\/index.php?rest_route=\/wp\/v2\/posts\/784\/revisions\/788"}],"wp:attachment":[{"href":"https:\/\/www.centchemins.fr\/index.php?rest_route=%2Fwp%2Fv2%2Fmedia&parent=784"}],"wp:term":[{"taxonomy":"category","embeddable":true,"href":"https:\/\/www.centchemins.fr\/index.php?rest_route=%2Fwp%2Fv2%2Fcategories&post=784"},{"taxonomy":"post_tag","embeddable":true,"href":"https:\/\/www.centchemins.fr\/index.php?rest_route=%2Fwp%2Fv2%2Ftags&post=784"}],"curies":[{"name":"wp","href":"https:\/\/api.w.org\/{rel}","templated":true}]}}