{"id":818,"date":"2023-01-20T17:52:32","date_gmt":"2023-01-20T16:52:32","guid":{"rendered":"http:\/\/www.centchemins.fr\/?p=818"},"modified":"2023-01-23T17:56:25","modified_gmt":"2023-01-23T16:56:25","slug":"lauthenticite","status":"publish","type":"post","link":"https:\/\/www.centchemins.fr\/?p=818","title":{"rendered":"L&rsquo;authenticit\u00e9"},"content":{"rendered":"\n<p align=\"justify\"><span style=\"color: #000000;\"><span style=\"font-family: Times New Roman, serif;\"><span style=\"font-size: small;\">Le p\u00e8re de mon jeune ami camerounais vint en Europe il y a une trentaine d\u2019ann\u00e9es, je pense.<\/span><\/span><\/span><\/p>\n<p align=\"justify\"><span style=\"color: #000000;\"><span style=\"font-family: Times New Roman, serif;\"><span style=\"font-size: small;\">La datation a de l\u2019importance, vous allez le constater, car alors le brassage des cultures \u00e9tait moins important qu\u2019aujourd\u2019hui.<\/span><\/span><\/span><\/p>\n<p align=\"justify\"><span style=\"color: #000000;\"><span style=\"font-family: Times New Roman, serif;\"><span style=\"font-size: small;\">Il r\u00e9pondit \u00e0 mon \u00e9tonnement de savoir pourquoi son papa n\u2019\u00e9tait pas rest\u00e9, alors que tous les autres membres de sa famille oui&nbsp;:<\/span><\/span><\/span><\/p>\n<p align=\"justify\"><span style=\"color: #000000;\"><span style=\"font-family: Times New Roman, serif;\"><span style=\"font-size: small;\">&#8211; parce qu\u2019avant de venir en Europe, il ne savait pas qu\u2019il \u00e9tait noir.<\/span><\/span><\/span><\/p>\n<p align=\"justify\"><span style=\"color: #000000;\"><span style=\"font-family: Times New Roman, serif;\"><span style=\"font-size: small;\">Une main de fer de tristesse \u00e9treignit mon c\u0153ur. Je lui demandais de pr\u00e9ciser sa pens\u00e9e pour \u00eatre bien certaine de ma compr\u00e9hension.<\/span><\/span><\/span><\/p>\n<p align=\"justify\"><span style=\"color: #000000;\"><span style=\"font-family: Times New Roman, serif;\"><span style=\"font-size: small;\">Cette remarque me rappela celle de mon mari aux jours de notre rencontre, il y a vingt ans. La premi\u00e8re fois qu\u2019il vint me trouver en Suisse \u00e0 Renens, depuis une petite ville provinciale de France, il s\u2019exclama&nbsp;: <\/span><\/span><\/span><\/p>\n<p align=\"justify\"><span style=\"color: #000000;\"><span style=\"font-family: Times New Roman, serif;\"><span style=\"font-size: small;\">&#8211; waouh&nbsp;! Tous ces sarrasins&nbsp;!<\/span><\/span><\/span><\/p>\n<p align=\"justify\"><span style=\"color: #000000;\"><span style=\"font-family: Times New Roman, serif;\"><span style=\"font-size: small;\">J\u2019avais beaucoup ri de sa remarque dite sans m\u00e9chancet\u00e9 aucune, car il n\u2019a pas de pr\u00e9jug\u00e9s. Il disait la m\u00eame chose d\u2019un autre point de vue que de celui du papa de F\u00e9licien&nbsp;:<\/span><\/span><\/span><\/p>\n<p align=\"justify\"><span style=\"color: #000000;\"><span style=\"font-family: Times New Roman, serif;\"><span style=\"font-size: small;\">&#8211; si eux sont des sarrasins, c\u2019est que, par comparaison, moi je suis europ\u00e9en.<\/span><\/span><\/span><\/p>\n<p align=\"justify\"><span style=\"color: #000000;\"><span style=\"font-family: Times New Roman, serif;\"><span style=\"font-size: small;\">Je racontais ces faits \u00e0 un autre ami congolais, un peu plus \u00e2g\u00e9 et d\u2019une grande sagesse.<\/span><\/span><\/span><\/p>\n<p align=\"justify\"><span style=\"color: #000000;\"><span style=\"font-family: Times New Roman, serif;\"><span style=\"font-size: small;\">Il m\u2019apprit qu\u2019\u00e0 l\u2019\u00e9cole, le ma\u00eetre commen\u00e7ait l\u2019enseignement par ceci&nbsp;:<\/span><\/span><\/span><\/p>\n<p align=\"justify\"><span style=\"color: #000000;\"><span style=\"font-family: Times New Roman, serif;\"><span style=\"font-size: small;\">&#8211; Soyez toujours fiers de qui vous \u00eates&nbsp;! Soyez fiers de votre authenticit\u00e9&nbsp;! Nous voulons \u00eatre libres et non pas ce que les autres voudraient que nous soyons.<\/span><\/span><\/span><\/p>\n<p align=\"justify\"><span style=\"color: #000000;\"><span style=\"font-family: Times New Roman, serif;\"><span style=\"font-size: small;\">Cette maxime est aussi une philosophie politique africaine.<\/span><\/span><\/span><\/p>\n<p align=\"justify\"><span style=\"color: #000000;\"><span style=\"font-family: Times New Roman, serif;\"><span style=\"font-size: small;\">Cela fit \u00e9cho \u00e0 une \u00e9mission de t\u00e9l\u00e9vision que je venais de voir trois jours plus t\u00f4t sur la fr\u00e9n\u00e9sie actuelle pour la chirurgie esth\u00e9tique chez les tr\u00e8s jeunes gens, hommes et femmes confondus. Une \u00e9norme envie de conformit\u00e9 \u00e0 des codes st\u00e9r\u00e9otyp\u00e9s&nbsp;: des grosses l\u00e8vres pour les jeunes femmes et des corps de guerriers Massa\u00ef pour les jeunes hommes.<\/span><\/span><\/span><\/p>\n<p align=\"justify\"><span style=\"color: #000000;\"><span style=\"font-family: Times New Roman, serif;\"><span style=\"font-size: small;\">Si mon avis personnel ne me faisait pas trouver cela path\u00e9tique, je pourrais rire de ces jeunes personnes qui veulent bien du type africain, mais sans la couleur (quoique la tendance s\u2019inverse en \u00e9t\u00e9).<\/span><\/span><\/span><\/p>\n<p align=\"justify\"><span style=\"color: #000000;\"><span style=\"font-family: Times New Roman, serif;\"><span style=\"font-size: small;\">Ind\u00e9pendamment de l\u2019aspect superficiel de la chirurgie esth\u00e9tique, cela renvoie \u00e0 un questionnement bien plus profond&nbsp;:<\/span><\/span><\/span><\/p>\n<p align=\"justify\"><span style=\"color: #000000;\"><span style=\"font-family: Times New Roman, serif;\"><span style=\"font-size: small;\">&#8211; A quel moment avons-nous perdu notre authenticit\u00e9, compl\u00e8tement antinomique avec les pr\u00e9jug\u00e9s racistes&nbsp;?<\/span><\/span><\/span><\/p>\n<p align=\"justify\"><span style=\"color: #000000;\"><span style=\"font-family: Times New Roman, serif;\"><span style=\"font-size: small;\">&#8230; ou peut-\u00eatre pas tant que cela&nbsp;!<\/span><\/span><\/span><\/p>\n<p align=\"justify\"><span style=\"color: #000000;\"><span style=\"font-family: Times New Roman, serif;\"><span style=\"font-size: small;\">&#8211; Je ne supporte pas tes diff\u00e9rences&nbsp;!<\/span><\/span><\/span><\/p>\n<p align=\"justify\"><span style=\"color: #000000;\"><span style=\"font-family: Times New Roman, serif;\"><span style=\"font-size: small;\">&#8211; Mais je ne supporte pas mes diff\u00e9rences non plus&nbsp;!<\/span><\/span><\/span><\/p>\n<p align=\"justify\"><span style=\"color: #000000;\"><span style=\"font-family: Times New Roman, serif;\"><span style=\"font-size: small;\">Pourquoi voulons-nous ressembler \u00e0 un petit biscuit industriel&nbsp;?&nbsp;: m\u00eame couleur, m\u00eame saveur insipide, m\u00eame taille au milligramme pr\u00e8s&nbsp;! En un mot&nbsp;: sans \u00e2me.<\/span><\/span><\/span><\/p>\n<p align=\"justify\"><span style=\"color: #000000;\"><span style=\"font-family: Times New Roman, serif;\"><span style=\"font-size: small;\">Car plus personne ne nous enseigne la richesse et la merveille de notre authenticit\u00e9.<\/span><\/span><\/span><\/p>\n<p align=\"justify\"><span style=\"color: #000000;\"><span style=\"font-family: Times New Roman, serif;\"><span style=\"font-size: small;\">Une phrase du professeur Albert Jacquard m\u2019avait touch\u00e9e profond\u00e9ment lors d\u2019une de ses conf\u00e9rences&nbsp;:<\/span><\/span><\/span><\/p>\n<p align=\"justify\"><span style=\"color: #000000;\"><span style=\"font-family: Times New Roman, serif;\"><span style=\"font-size: small;\">&#8211; nous sommes sept milliards de prototypes&nbsp;!<\/span><\/span><\/span><\/p>\n<p align=\"justify\"><span style=\"color: #000000;\"><span style=\"font-family: Times New Roman, serif;\"><span style=\"font-size: small;\">G\u00e9n\u00e9tiquement, dans notre microcosme, <i>personne<\/i> ne nous ressemble. <\/span><\/span><\/span><\/p>\n<p align=\"justify\"><span style=\"color: #000000;\"><span style=\"font-family: Times New Roman, serif;\"><span style=\"font-size: small;\">Nous sommes uniques dans notre incarnation (au sens double du terme \u00ab&nbsp;carnation&nbsp;\u00bb) mais \u00e9galement absolument uniques dans nos raisonnements et nos formes pens\u00e9es.<\/span><\/span><\/span><\/p>\n<p align=\"justify\"><span style=\"color: #000000;\"><span style=\"font-family: Times New Roman, serif;\"><span style=\"font-size: small;\">Pourquoi ne pouvons-nous pas ou plus \u00eatre fiers de <i>Qui<\/i> nous sommes vraiment&nbsp;?<\/span><\/span><\/span><\/p>\n<p align=\"justify\"><span style=\"color: #000000;\"><span style=\"font-family: Times New Roman, serif;\"><span style=\"font-size: small;\">Fi\u00e8re de la personne authentique que j\u2019\u00e9tais avant mon \u00ab&nbsp;remplissage conceptuel&nbsp;\u00bb&nbsp;?<\/span><\/span><\/span><\/p>\n<p align=\"justify\"><span style=\"color: #000000;\"><span style=\"font-family: Times New Roman, serif;\"><span style=\"font-size: small;\">Fier et heureux comme le b\u00e9b\u00e9 qui gazouille, innocent et convaincu de ne faire qu\u2019un avec sa m\u00e8re, toute ethnie confondue&nbsp;?<\/span><\/span><\/span><\/p>\n<p align=\"justify\"><span style=\"color: #000000;\"><span style=\"font-family: Times New Roman, serif;\"><span style=\"font-size: small;\">Ce b\u00e9b\u00e9 que nous avons tous \u00e9t\u00e9 \u00e9tait compl\u00e8tement en phase avec ses ressentis seulement, nos conceptions neuronales incompl\u00e8tes ne permettant pas \u00e0 notre mental (ou notre \u00e9go) d\u2019analyser les miroirs aux alouettes que nous nous sommes cr\u00e9\u00e9s, pas \u00e0 pas.<\/span><\/span><\/span><\/p>\n<p align=\"justify\"><span style=\"color: #000000;\"><span style=\"font-family: Times New Roman, serif;\"><span style=\"font-size: small;\">Comment revenir \u00e0 nous, au questionnement, alors que la volont\u00e9 soci\u00e9tale nous pousse \u00e0 chercher bonheur et plaisir \u00e0 l\u2019ext\u00e9rieur&nbsp;?<\/span><\/span><\/span><\/p>\n<p align=\"justify\"><span style=\"color: #000000;\"><span style=\"font-family: Times New Roman, serif;\"><span style=\"font-size: small;\">\u00catre ou ne pas \u00eatre (qui ou quoi?)<\/span><\/span><\/span><\/p>\n<p align=\"justify\"><span style=\"color: #000000;\"><span style=\"font-family: Times New Roman, serif;\"><span style=\"font-size: small;\">Telle est la question&nbsp;! <\/span><\/span><\/span><\/p>\n<p align=\"justify\"><span style=\"color: #000000;\"><span style=\"font-family: Times New Roman, serif;\"><span style=\"font-size: small;\">Question qui se pose encore quatre-cent-vingt ans apr\u00e8s.<\/span><\/span><\/span><\/p>\n<p align=\"justify\"><span style=\"color: #000000;\"><span style=\"font-family: Times New Roman, serif;\"><span style=\"font-size: small;\">A chacun son Chemin. Il y en a tant&nbsp;: bient\u00f4t neuf milliards.<\/span><\/span><\/span><\/p>\n<p align=\"justify\"><span style=\"font-family: Times New Roman, serif;\"><span style=\"font-size: small;\"><i>N<\/i><i>amast\u00e9<\/i><i> <\/i><\/span><\/span><\/p>\n<p align=\"left\"><span style=\"font-family: Times New Roman, serif;\"><span style=\"font-size: small;\">Claudine<i> <\/i><\/span><\/span><\/p>\n","protected":false},"excerpt":{"rendered":"<p>Le p\u00e8re de mon jeune ami camerounais vint en Europe il y a une trentaine d\u2019ann\u00e9es, je pense. La datation a de l\u2019importance, vous allez le constater, car alors le brassage des cultures \u00e9tait moins important qu\u2019aujourd\u2019hui. Il r\u00e9pondit \u00e0 mon \u00e9tonnement de savoir pourquoi son papa n\u2019\u00e9tait pas rest\u00e9, alors que tous les autres [&hellip;]<\/p>\n","protected":false},"author":3,"featured_media":0,"comment_status":"open","ping_status":"closed","sticky":false,"template":"","format":"standard","meta":{"footnotes":""},"categories":[1],"tags":[],"class_list":["post-818","post","type-post","status-publish","format-standard","hentry","category-non-classe"],"views":472,"_links":{"self":[{"href":"https:\/\/www.centchemins.fr\/index.php?rest_route=\/wp\/v2\/posts\/818","targetHints":{"allow":["GET"]}}],"collection":[{"href":"https:\/\/www.centchemins.fr\/index.php?rest_route=\/wp\/v2\/posts"}],"about":[{"href":"https:\/\/www.centchemins.fr\/index.php?rest_route=\/wp\/v2\/types\/post"}],"author":[{"embeddable":true,"href":"https:\/\/www.centchemins.fr\/index.php?rest_route=\/wp\/v2\/users\/3"}],"replies":[{"embeddable":true,"href":"https:\/\/www.centchemins.fr\/index.php?rest_route=%2Fwp%2Fv2%2Fcomments&post=818"}],"version-history":[{"count":2,"href":"https:\/\/www.centchemins.fr\/index.php?rest_route=\/wp\/v2\/posts\/818\/revisions"}],"predecessor-version":[{"id":820,"href":"https:\/\/www.centchemins.fr\/index.php?rest_route=\/wp\/v2\/posts\/818\/revisions\/820"}],"wp:attachment":[{"href":"https:\/\/www.centchemins.fr\/index.php?rest_route=%2Fwp%2Fv2%2Fmedia&parent=818"}],"wp:term":[{"taxonomy":"category","embeddable":true,"href":"https:\/\/www.centchemins.fr\/index.php?rest_route=%2Fwp%2Fv2%2Fcategories&post=818"},{"taxonomy":"post_tag","embeddable":true,"href":"https:\/\/www.centchemins.fr\/index.php?rest_route=%2Fwp%2Fv2%2Ftags&post=818"}],"curies":[{"name":"wp","href":"https:\/\/api.w.org\/{rel}","templated":true}]}}