{"id":825,"date":"2023-03-13T10:05:00","date_gmt":"2023-03-13T09:05:00","guid":{"rendered":"http:\/\/www.centchemins.fr\/?p=825"},"modified":"2023-03-14T10:09:43","modified_gmt":"2023-03-14T09:09:43","slug":"mon-chemin-ma-guerison","status":"publish","type":"post","link":"https:\/\/www.centchemins.fr\/?p=825","title":{"rendered":"Mon chemin &#8211; ma gu\u00e9rison"},"content":{"rendered":"\n<p align=\"justify\"><span style=\"color: #000000;\"><span style=\"font-family: Times New Roman, serif;\"><span style=\"font-size: small;\">En 1977, mon corps s\u2019est torsad\u00e9 suite \u00e0 un gros choc \u00e9motionnel, provoquant petit \u00e0 petit de multiples douleurs, jusqu\u2019\u00e0 ce que mon corps entier se cristallise de souffrance.<\/span><\/span><\/span><\/p>\n<p align=\"justify\"><span style=\"color: #000000;\"><span style=\"font-family: Times New Roman, serif;\"><span style=\"font-size: small;\">Dans la continuit\u00e9, mon mental est parti en vrille en 1985 pour un long \u00e9pisode d\u00e9pressif intense de trois ans, m\u2019obligeant \u00e0 une recherche spirituelle.<\/span><\/span><\/span><\/p>\n<p align=\"justify\"><span style=\"color: #000000;\"><span style=\"font-family: Times New Roman, serif;\"><span style=\"font-size: small;\">Un troisi\u00e8me sursaut de survie m\u2019a sortie de cet \u00e9tat d\u00e9pressif en 1996. <\/span><\/span><\/span><\/p>\n<p align=\"justify\"><span style=\"color: #000000;\"><span style=\"font-family: Times New Roman, serif;\"><span style=\"font-size: small;\">J\u2019\u00e9tais jusque l\u00e0 comme une coquille de noix vide chahut\u00e9e sur l\u2019oc\u00e9an temp\u00e9tueux de mes convictions et pr\u00e9jug\u00e9s.<\/span><\/span><\/span><\/p>\n<p align=\"justify\"><span style=\"color: #000000;\"><span style=\"font-family: Times New Roman, serif;\"><span style=\"font-size: small;\">En 2000, la vie m\u2019a oblig\u00e9e \u00e0 faire des choix professionnels pour aider papa qui s\u2019\u00e9tait fractur\u00e9 le sternum dans un accident de voiture.<\/span><\/span><\/span><\/p>\n<p align=\"justify\"><span style=\"color: #000000;\"><span style=\"font-family: Times New Roman, serif;\"><span style=\"font-size: small;\">Un an apr\u00e8s, il m\u2019a pass\u00e9 le relais pour maintenir \u00e0 flot son empire, avec sa mort soudaine et pr\u00e9matur\u00e9e qu\u2019il avait pressentie, me donnant toutes les consignes pour le cas o\u00f9&nbsp;?!<\/span><\/span><\/span><\/p>\n<p align=\"justify\"><span style=\"color: #000000;\"><span style=\"font-family: Times New Roman, serif;\"><span style=\"font-size: small;\">Oblig\u00e9e de venir \u00e0 la barre&nbsp;! De tenir le devant de la sc\u00e8ne, de devenir ma\u00eetre de mon destin, capitaine de mon \u00e2me. <i>(Invictus \u2013 W.E. Henley 1849-1903)<\/i><\/span><\/span><\/span><\/p>\n<p align=\"justify\"><span style=\"color: #000000;\"><span style=\"font-family: Times New Roman, serif;\"><span style=\"font-size: small;\">La motivation supr\u00eame est arriv\u00e9e comme un cadeau en 2003, par l\u2019amour inconditionnel qui porte au-del\u00e0 de nos propres limites.<\/span><\/span><\/span><\/p>\n<p align=\"justify\"><span style=\"color: #000000;\"><span style=\"font-family: Times New Roman, serif;\"><span style=\"font-size: small;\">J\u2019ai tout quitt\u00e9 en 2004 pour un nouveau chemin de vie, en gardant mes pr\u00e9cieux liens familiaux et amicaux, les seules attaches qui \u00e9l\u00e8vent.<\/span><\/span><\/span><\/p>\n<p align=\"justify\"><span style=\"color: #000000;\"><span style=\"font-family: Times New Roman, serif;\"><span style=\"font-size: small;\">En 2005, la r\u00e9compense ultime m\u2019a \u00e9t\u00e9 offerte par les mains de Marc, fasciath\u00e9rapeute&nbsp;: mon corps s\u2019est lib\u00e9r\u00e9 de sa gangue de souffrance et douleurs multiples, progressivement, sur plusieurs mois.<\/span><\/span><\/span><\/p>\n<p align=\"justify\"><span style=\"color: #000000;\"><span style=\"font-family: Times New Roman, serif;\"><span style=\"font-size: small;\">Fin 2006, j\u2019ai d\u00fb passer le relais qui m\u2019avait \u00e9t\u00e9 divinement offert pour me sortir de ma carapace de tortue afin de devenir papillon&nbsp;: j\u2019ai aid\u00e9 \u00e0 mon tour. Une multitude de personnes de tout \u00e2ge ont pu b\u00e9n\u00e9ficier des soins de Marc.<\/span><\/span><\/span><\/p>\n<p align=\"justify\"><span style=\"color: #000000;\"><span style=\"font-family: Times New Roman, serif;\"><span style=\"font-size: small;\">Ce n\u2019\u00e9tait pas seulement Marc que j\u2019aidais, c\u2019\u00e9tait mon corps que je me r\u00e9appropriais, Dieu que je remerciais.<\/span><\/span><\/span><\/p>\n<p align=\"justify\"><span style=\"color: #000000;\"><span style=\"font-family: Times New Roman, serif;\"><span style=\"font-size: small;\">Parall\u00e8lement, j\u2019ai aid\u00e9 et pouss\u00e9 en avant plusieurs personnes (de fa\u00e7on spontan\u00e9e, sans attente, guid\u00e9e par mon seul ressenti)&nbsp;: Alexandre, Alexandra, Emmanuelle, R\u00e9gine, Ang\u00e9lique et peut-\u00eatre, voire s\u00fbrement, d\u2019autres dont je n\u2019ai pas conscience.<\/span><\/span><\/span><\/p>\n<p align=\"justify\"><span style=\"color: #000000;\"><span style=\"font-family: Times New Roman, serif;\"><span style=\"font-size: small;\">En 2011 \u00e0 Zarzis, en vacances dans le sud tunisien, j\u2019ai v\u00e9cu un grand moment d\u2019extase&nbsp;: une semaine en transe, sans comprendre ce qu\u2019il m\u2019arrivait, sous le regard bienveillant de la com\u00e8te de Hartley.<\/span><\/span><\/span><\/p>\n<p align=\"justify\"><span style=\"color: #000000;\"><span style=\"font-family: Times New Roman, serif;\"><span style=\"font-size: small;\">Au printemps 2018, Dieu m\u2019a parl\u00e9 par l\u2019interm\u00e9diaire de Jean-Joseph, rencontr\u00e9 dans un avion en partance pour la Martinique. Homme tr\u00e8s pieux et tr\u00e8s sage, il a ouvert la derni\u00e8re porte de ma r\u00e9sistance \u00e0 la religion&nbsp;: sept heures pour mon r\u00e9veil spirituel, suivi plus tard par une incroyable rencontre avec Marie, en pr\u00e9sence de ma douce belle-fille Isabelle.<\/span><\/span><\/span><\/p>\n<p align=\"justify\"><span style=\"color: #000000;\"><span style=\"font-family: Times New Roman, serif;\"><span style=\"font-size: small;\">Pour bien entendre Ma Source, je me suis retrouv\u00e9e \u00e0 plat de lit pendant trois semaines en juillet, terrass\u00e9e par un virus qui me laissait br\u00fblante de fi\u00e8vre toutes les nuits et compl\u00e8tement apathique la journ\u00e9e.<\/span><\/span><\/span><\/p>\n<p align=\"justify\"><span style=\"color: #000000;\"><span style=\"font-family: Times New Roman, serif;\"><span style=\"font-size: small;\">Une seule capacit\u00e9, une seule r\u00e9ponse dans ce questionnement du \u00ab&nbsp;que m\u2019arrive-t-il&nbsp;? cet \u00e9tat va-t-il durer&nbsp;?&nbsp;\u00bb&nbsp;: \u00e9couter les pri\u00e8res et les chants religieux que Jean-Joseph m\u2019envoyait. Je touchais \u00e0 nouveau l\u2019extase, tout en \u00e9tant parfaitement consciente cette fois-ci de ce qui se jouait&nbsp;: enfin je t\u2019entends Seigneur&nbsp;! Il y a tant de joie dans la foi martiniquaise que j\u2019imagine que personne ne peut y rester insensible. Mon c\u0153ur tressautait d\u2019all\u00e9gresse dans mon lit alors que je ne pouvais que fixer le ciel, incapable de lever ne serait-ce que le petit doigt.<\/span><\/span><\/span><\/p>\n<p align=\"justify\"><span style=\"color: #000000;\"><span style=\"font-family: Times New Roman, serif;\"><span style=\"font-size: small;\">J\u2019ai r\u00e9pondu au puissant appel de la Ville Sainte, J\u00e9rusalem, en 2019.<\/span><\/span><\/span><\/p>\n<p align=\"justify\"><span style=\"color: #000000;\"><span style=\"font-family: Times New Roman, serif;\"><span style=\"font-size: small;\">En touchant de mes deux mains le tombeau de Marie, j\u2019ai re\u00e7u dans chacune de mes cellules toute la douleur faite aux femmes de toute \u00e9ternit\u00e9, tout en effleurant \u00e0 la fois L\u2019extr\u00eame Douceur et L\u2019Abn\u00e9gation de Notre M\u00e8re divine. L\u2019ombre la plus noire et la Lumi\u00e8re la plus irradiante dans une seule seconde de ressenti. Je me suis \u00e9croul\u00e9e en larmes pour ne plus jamais oublier cet instant.<\/span><\/span><\/span><\/p>\n<p align=\"justify\"><span style=\"color: #000000;\"><span style=\"font-family: Times New Roman, serif;\"><span style=\"font-size: small;\">Le 16 mars 2020, Dieu m\u2019a soulag\u00e9e de ma promesse faite \u00e0 papa&nbsp;: je n\u2019avais plus \u00e0 porter \u00ab&nbsp;Le Coffea&nbsp;\u00bb, notre restaurant, cr\u00e9\u00e9 quinze ans plus t\u00f4t.<\/span><\/span><\/span><\/p>\n<p align=\"justify\"><span style=\"color: #000000;\"><span style=\"font-family: Times New Roman, serif;\"><span style=\"font-size: small;\">Le 27 juillet 2020, Aim\u00e9 est entr\u00e9 dans ma vie avec les messages on ne peut plus clairs et directs de Dieu, en accompagnant de sa douce vocation de pr\u00eatre ma maman de l\u2019Autre C\u00f4t\u00e9, pr\u00e8s de papa.<\/span><\/span><\/span><\/p>\n<p align=\"justify\"><span style=\"color: #000000;\"><span style=\"font-family: Times New Roman, serif;\"><span style=\"font-size: small;\">J\u2019ai vainement essay\u00e9 de remonter Le Coffea jusqu\u2019en mai 2021.<\/span><\/span><\/span><\/p>\n<p align=\"justify\"><span style=\"color: #000000;\"><span style=\"font-family: Times New Roman, serif;\"><span style=\"font-size: small;\">Le 30 mai de cette m\u00eame ann\u00e9e, je d\u00e9cide de le fermer d\u00e9finitivement, sans pr\u00e9avis, toujours mue par ce puissant ressenti ind\u00e9finissable. Ce m\u00eame jour du 30 mai 2021, Denis, mon mari, trouve dans les bois une m\u00e9daille de Marie qu\u2019il m\u2019offre en cadeau d\u2019anniversaire.<\/span><\/span><\/span><\/p>\n<p align=\"justify\"><span style=\"color: #000000;\"><span style=\"font-family: Times New Roman, serif;\"><span style=\"font-size: small;\">Par le d\u00e9part de maman, je me trouve lib\u00e9r\u00e9e de porter la maison de famille, gr\u00e2ce \u00e0 la volont\u00e9 et l\u2019enthousiasme d\u2019Isabelle, qui a soutenu et encourag\u00e9 mon fils \u00e0 garder notre bien familial. <\/span><\/span><\/span><\/p>\n<p align=\"justify\"><span style=\"color: #000000;\"><span style=\"font-family: Times New Roman, serif;\"><span style=\"font-size: small;\">Ma maman&nbsp;!&nbsp;: Paulette, Aim\u00e9e, F\u00e9licie.<\/span><\/span><\/span><\/p>\n<p align=\"justify\"><span style=\"color: #000000;\"><span style=\"font-family: Times New Roman, serif;\"><span style=\"font-size: small;\">Aim\u00e9<\/span><\/span><\/span><\/p>\n<p align=\"justify\"><span style=\"color: #000000;\"><span style=\"font-family: Times New Roman, serif;\"><span style=\"font-size: small;\">F\u00e9licien<\/span><\/span><\/span><\/p>\n<p align=\"justify\"><span style=\"color: #000000;\"><span style=\"font-family: Times New Roman, serif;\"><span style=\"font-size: small;\">Aim\u00e9, qui croit tellement en moi, qu\u2019il me nomme pr\u00e9sidente de son association congolaise.<\/span><\/span><\/span><\/p>\n<p align=\"justify\"><span style=\"color: #000000;\"><span style=\"font-family: Times New Roman, serif;\"><span style=\"font-size: small;\">F\u00e9licien, qui croit tellement en moi, qu\u2019il \u00e9dite mes textes.<\/span><\/span><\/span><\/p>\n<p align=\"justify\"><span style=\"color: #000000;\"><span style=\"font-family: Times New Roman, serif;\"><span style=\"font-size: small;\">Merci maman. Tu m\u2019as port\u00e9e dans ta chair. Toi aussi tu m\u2019\u00e9l\u00e8ves l\u00e0 o\u00f9 je ne saurais aller seule.<\/span><\/span><\/span><\/p>\n<p align=\"justify\"><span style=\"color: #000000;\"><span style=\"font-family: Times New Roman, serif;\"><span style=\"font-size: small;\">Marc revient dans ma vie alors que je l\u2019en croyais d\u00e9finitivement sorti par sa propre volont\u00e9. Dieu le rappelle au don qu\u2019il a re\u00e7u.<\/span><\/span><\/span><\/p>\n<p align=\"justify\"><span style=\"color: #000000;\"><span style=\"font-family: Times New Roman, serif;\"><span style=\"font-size: small;\">Rien ni personne ne peut m\u2019emp\u00eacher de t\u2019entendre Seigneur et de suivre le Chemin sur lequel Tu m\u2019appelles.<\/span><\/span><\/span><\/p>\n<p align=\"justify\"><span style=\"color: #000000;\"><span style=\"font-family: Times New Roman, serif;\"><span style=\"font-size: small;\">France, Afrique, Suisse, qu\u2019importe l\u2019endroit. Mon c\u0153ur sait T\u2019entendre maintenant.<\/span><\/span><\/span><\/p>\n<p align=\"justify\"><span style=\"color: #000000;\"><span style=\"font-family: Times New Roman, serif;\"><span style=\"font-size: small;\">Que me vaut ma vie si je trouve le bonheur pour moi seule&nbsp;?! Merci C\u00e9cile, mon Ma\u00eetre si humble.<\/span><\/span><\/span><\/p>\n<p align=\"justify\"><span style=\"color: #000000;\"><span style=\"font-family: Times New Roman, serif;\"><span style=\"font-size: small;\">Tu m\u2019as gu\u00e9rie Seigneur, tu m\u2019as sauv\u00e9e des t\u00e9n\u00e8bres. Je veux \u00eatre Ta Main, Ta bouche qui dit l\u2019Amour, Tes bras qui enlacent, aident et prot\u00e8gent, Tes Paroles qui transmettent.<\/span><\/span><\/span><\/p>\n<p align=\"justify\"><span style=\"font-family: Times New Roman, serif;\"><span style=\"font-size: small;\"><i>Amen<\/i><i> <\/i><\/span><\/span><\/p>\n<p align=\"left\"><span style=\"font-family: Times New Roman, serif;\"><span style=\"font-size: small;\">Namast\u00e9<\/span><\/span><\/p>\n\n\n","protected":false},"excerpt":{"rendered":"<p>En 1977, mon corps s\u2019est torsad\u00e9 suite \u00e0 un gros choc \u00e9motionnel, provoquant petit \u00e0 petit de multiples douleurs, jusqu\u2019\u00e0 ce que mon corps entier se cristallise de souffrance. Dans la continuit\u00e9, mon mental est parti en vrille en 1985 pour un long \u00e9pisode d\u00e9pressif intense de trois ans, m\u2019obligeant \u00e0 une recherche spirituelle. Un [&hellip;]<\/p>\n","protected":false},"author":3,"featured_media":0,"comment_status":"open","ping_status":"closed","sticky":false,"template":"","format":"standard","meta":{"footnotes":""},"categories":[1],"tags":[],"class_list":["post-825","post","type-post","status-publish","format-standard","hentry","category-non-classe"],"views":577,"_links":{"self":[{"href":"https:\/\/www.centchemins.fr\/index.php?rest_route=\/wp\/v2\/posts\/825","targetHints":{"allow":["GET"]}}],"collection":[{"href":"https:\/\/www.centchemins.fr\/index.php?rest_route=\/wp\/v2\/posts"}],"about":[{"href":"https:\/\/www.centchemins.fr\/index.php?rest_route=\/wp\/v2\/types\/post"}],"author":[{"embeddable":true,"href":"https:\/\/www.centchemins.fr\/index.php?rest_route=\/wp\/v2\/users\/3"}],"replies":[{"embeddable":true,"href":"https:\/\/www.centchemins.fr\/index.php?rest_route=%2Fwp%2Fv2%2Fcomments&post=825"}],"version-history":[{"count":2,"href":"https:\/\/www.centchemins.fr\/index.php?rest_route=\/wp\/v2\/posts\/825\/revisions"}],"predecessor-version":[{"id":827,"href":"https:\/\/www.centchemins.fr\/index.php?rest_route=\/wp\/v2\/posts\/825\/revisions\/827"}],"wp:attachment":[{"href":"https:\/\/www.centchemins.fr\/index.php?rest_route=%2Fwp%2Fv2%2Fmedia&parent=825"}],"wp:term":[{"taxonomy":"category","embeddable":true,"href":"https:\/\/www.centchemins.fr\/index.php?rest_route=%2Fwp%2Fv2%2Fcategories&post=825"},{"taxonomy":"post_tag","embeddable":true,"href":"https:\/\/www.centchemins.fr\/index.php?rest_route=%2Fwp%2Fv2%2Ftags&post=825"}],"curies":[{"name":"wp","href":"https:\/\/api.w.org\/{rel}","templated":true}]}}