{"id":84,"date":"2012-03-03T07:07:05","date_gmt":"2012-03-03T06:07:05","guid":{"rendered":"http:\/\/www.centchemins.fr\/?p=84"},"modified":"2014-09-13T14:19:29","modified_gmt":"2014-09-13T13:19:29","slug":"tout-est-un","status":"publish","type":"post","link":"https:\/\/www.centchemins.fr\/?p=84","title":{"rendered":"Tout est Un"},"content":{"rendered":"<blockquote>\n<p align=\"center\">Mais sans dualit\u00e9, la vie n&rsquo;est pas possible<\/p>\n<\/blockquote>\n<p align=\"justify\">Pour que la graine germe, il lui faut la terre et la lumi\u00e8re, l&rsquo;eau et le soleil. Pour que la chlorophylle se synth\u00e9tise, il lui faut le jour et la nuit.<\/p>\n<p align=\"justify\">M\u00e2le ET femelle : deux cellules ! Chacune issue de l&rsquo;un et de l&rsquo;autre, unie dans un \u00ab\u00a0tube\u00a0\u00bb de vie : v\u00e9g\u00e9tal, animal, humain, pour que, dans une union sacr\u00e9e, l&rsquo;\u00e9nergie de vie puisse avancer.<\/p>\n<p align=\"justify\">Je suis nourriture terrestre et nourriture c\u00e9leste. J&rsquo;ai besoin d&rsquo;un peu de terre et d&rsquo;un peu d&rsquo;air, tout comme la salade, ma s\u0153ur.<\/p>\n<p align=\"justify\">J&rsquo;ai l&rsquo;illusion de diriger ma vie. Mais n&rsquo;est-ce pas mes poumons qui absorbent l&rsquo;air, mon c\u0153ur qui pulse mon sang, qui me portent, me poussent et m&rsquo;obligent vaille que vaille !?<\/p>\n<p align=\"justify\">Mes fonctions cognitives, issues de l&rsquo;\u00e9nergie ancestrale, immortelles, portent ma vie. Tant bien que mal, je tiens le gouvernail, sur cet immense oc\u00e9an en mouvance perp\u00e9tuelle. Que je coule, que je nage ou que je fende l&rsquo;eau comme une fr\u00e9gate, toutes voiles dehors, est sans importance : l&rsquo;oc\u00e9an demeure.<\/p>\n<p align=\"justify\">Un choix m&rsquo;incombe : dessous ou dessus !<\/p>\n<p align=\"justify\">Dualit\u00e9 : \u00e0 vouloir TOUT diriger, l&rsquo;humain cr\u00e9e le monde dit \u00ab\u00a0civilis\u00e9\u00a0\u00bb. Il m\u00e9prise l&rsquo;oc\u00e9an qui le porte. Il ne voit pas qu&rsquo;\u00e0 pourfendre les flots sans conscience, il \u00e9rige des murs qui menacent de l&rsquo;absorber.<\/p>\n<p align=\"justify\">Heureusement, il existe une cat\u00e9gorie d&rsquo;humains dits \u00ab\u00a0primitifs\u00a0\u00bb (j&rsquo;appartiens au monde), gardiens de ce savoir ancestral issu lui aussi de la nuit des temps.<\/p>\n<p align=\"justify\">Ils se fondent dans un total respect de l&rsquo;\u00e9nergie de vie : ils mangent les fruits de l&rsquo;arbre et quand les feuilles tombent, ils savent que celles-ci prot\u00e9geront les racines du gel.<\/p>\n<p align=\"justify\">Leur confiance na\u00efve et toute puissante rejaillit dans la puret\u00e9 de nos enfants, avant que nos peurs et nos conditionnements ne les b\u00e2illonnent !<\/p>\n<p align=\"justify\">Voir grandir le monde revient \u00e0 observer ces peuples \u00e0 la sagesse inn\u00e9e, ou, beaucoup plus simple, boire \u00e0 la source qui nous est offerte : \u00e9couter nos enfants, reconna\u00eetre en eux le ma\u00eetre que nous avons \u00e9touff\u00e9 en nous.<\/p>\n<p align=\"justify\">Pour retrouver la grandeur du monde, oublier la supr\u00e9matie arrogante de l&rsquo;homme (le monde m&rsquo;appartient) et accepter de faire un bin\u00f4me avec la Nature.<\/p>\n","protected":false},"excerpt":{"rendered":"<p>Mais sans dualit\u00e9, la vie n&rsquo;est pas possible Pour que la graine germe, il lui faut la terre et la lumi\u00e8re, l&rsquo;eau et le soleil. Pour que la chlorophylle se synth\u00e9tise, il lui faut le jour et la nuit. M\u00e2le ET femelle : deux cellules ! Chacune issue de l&rsquo;un et de l&rsquo;autre, unie dans [&hellip;]<\/p>\n","protected":false},"author":1,"featured_media":0,"comment_status":"open","ping_status":"closed","sticky":false,"template":"","format":"standard","meta":{"footnotes":""},"categories":[1],"tags":[],"class_list":["post-84","post","type-post","status-publish","format-standard","hentry","category-non-classe"],"views":829,"_links":{"self":[{"href":"https:\/\/www.centchemins.fr\/index.php?rest_route=\/wp\/v2\/posts\/84","targetHints":{"allow":["GET"]}}],"collection":[{"href":"https:\/\/www.centchemins.fr\/index.php?rest_route=\/wp\/v2\/posts"}],"about":[{"href":"https:\/\/www.centchemins.fr\/index.php?rest_route=\/wp\/v2\/types\/post"}],"author":[{"embeddable":true,"href":"https:\/\/www.centchemins.fr\/index.php?rest_route=\/wp\/v2\/users\/1"}],"replies":[{"embeddable":true,"href":"https:\/\/www.centchemins.fr\/index.php?rest_route=%2Fwp%2Fv2%2Fcomments&post=84"}],"version-history":[{"count":2,"href":"https:\/\/www.centchemins.fr\/index.php?rest_route=\/wp\/v2\/posts\/84\/revisions"}],"predecessor-version":[{"id":90,"href":"https:\/\/www.centchemins.fr\/index.php?rest_route=\/wp\/v2\/posts\/84\/revisions\/90"}],"wp:attachment":[{"href":"https:\/\/www.centchemins.fr\/index.php?rest_route=%2Fwp%2Fv2%2Fmedia&parent=84"}],"wp:term":[{"taxonomy":"category","embeddable":true,"href":"https:\/\/www.centchemins.fr\/index.php?rest_route=%2Fwp%2Fv2%2Fcategories&post=84"},{"taxonomy":"post_tag","embeddable":true,"href":"https:\/\/www.centchemins.fr\/index.php?rest_route=%2Fwp%2Fv2%2Ftags&post=84"}],"curies":[{"name":"wp","href":"https:\/\/api.w.org\/{rel}","templated":true}]}}