{"id":849,"date":"2023-08-30T15:54:36","date_gmt":"2023-08-30T14:54:36","guid":{"rendered":"https:\/\/centchemins.fr\/?p=849"},"modified":"2023-09-01T15:55:27","modified_gmt":"2023-09-01T14:55:27","slug":"la-claire-lumiere","status":"publish","type":"post","link":"https:\/\/www.centchemins.fr\/?p=849","title":{"rendered":"La Claire-Lumi\u00e8re"},"content":{"rendered":"\n<p align=\"center\"><span style=\"color: #000000;\"><span style=\"font-family: Times New Roman, serif;\"><span style=\"font-size: medium;\"><b>La Claire-Lumi\u00e8re<\/b><\/span><\/span><\/span><\/p>\n<p align=\"justify\"><span style=\"color: #000000;\"><span style=\"font-family: Times New Roman, serif;\"><span style=\"font-size: medium;\">La Claire-Lumi\u00e8re est.<\/span><\/span><\/span><\/p>\n<p align=\"justify\"><span style=\"color: #000000;\"><span style=\"font-family: Times New Roman, serif;\"><span style=\"font-size: medium;\">Elle est espace. De cet espace nous sommes.<\/span><\/span><\/span><\/p>\n<p align=\"justify\"><span style=\"color: #000000;\"><span style=\"font-family: Times New Roman, serif;\"><span style=\"font-size: medium;\">La Claire-Lumi\u00e8re est en nous cach\u00e9e par les voiles de l\u2019ignorance.<\/span><\/span><\/span><\/p>\n<p align=\"justify\"><span style=\"color: #000000;\"><span style=\"font-family: Times New Roman, serif;\"><span style=\"font-size: medium;\">Dans son mouvement rotatif, la Terre s\u2019incline devant le Soleil. Penser que le soleil monte est un leurre de notre mental.<\/span><\/span><\/span><\/p>\n<p align=\"justify\"><span style=\"color: #000000;\"><span style=\"font-family: Times New Roman, serif;\"><span style=\"font-size: medium;\">Nous avons \u00e0 parcourir le chemin de la Claire Lumi\u00e8re qui est en nous.<\/span><\/span><\/span><\/p>\n<p align=\"justify\"><span style=\"color: #000000;\"><span style=\"font-family: Times New Roman, serif;\"><span style=\"font-size: medium;\">Loin de nous incliner devant elle, nous avons \u00e0 \u00e9lever notre mental jusqu\u2019\u00e0 elle, en nous all\u00e9geant du fardeau de nos empreintes.<\/span><\/span><\/span><\/p>\n<p align=\"justify\"><span style=\"color: #000000;\"><span style=\"font-family: Times New Roman, serif;\"><span style=\"font-size: medium;\">Patiemment, avec constance et douceur envers notre propre rythme, les voiles se d\u00e9litent et glissent comme les nuages dans le ciel.<\/span><\/span><\/span><\/p>\n<p align=\"justify\"><span style=\"color: #000000;\"><span style=\"font-family: Times New Roman, serif;\"><span style=\"font-size: medium;\">Le diamant de la sagesse brille dans notre poitrine, voil\u00e9 par nos projections mentales.<\/span><\/span><\/span><\/p>\n<p align=\"justify\"><span style=\"color: #000000;\"><span style=\"font-family: Times New Roman, serif;\"><span style=\"font-size: medium;\">Par le souffle pos\u00e9 dans le vase de la r\u00e9tention, nous touchons l\u2019espace qui nous contient et que nous contenons.<\/span><\/span><\/span><\/p>\n<p align=\"justify\"><span style=\"color: #000000;\"><span style=\"font-family: Times New Roman, serif;\"><span style=\"font-size: medium;\">Cet espace s\u2019expand au fur et \u00e0 mesure de la pratique, dans ce m\u00eame mouvement souple et sans heurt de la danse immuable des plan\u00e8tes.<\/span><\/span><\/span><\/p>\n<p align=\"justify\"><span style=\"color: #000000;\"><span style=\"font-family: Times New Roman, serif;\"><span style=\"font-size: medium;\">Les instants furtifs de calme dans notre mental sont autant de petits coins de ciel bleu.<\/span><\/span><\/span><\/p>\n<p align=\"justify\"><span style=\"color: #000000;\"><span style=\"font-family: Times New Roman, serif;\"><span style=\"font-size: medium;\">Les voiles de l\u2019ignorance sont partie int\u00e8gre de l\u2019espace, de nous, comme la Claire-Lumi\u00e8re.<\/span><\/span><\/span><\/p>\n<p align=\"justify\"><span style=\"color: #000000;\"><span style=\"font-family: Times New Roman, serif;\"><span style=\"font-size: medium;\">Comme cet \u00e9quilibre parfait qui r\u00e9git l\u2019univers, la pratique nous conduit \u00e0 ce point d\u2019\u00e9quilibre en nous.<\/span><\/span><\/span><\/p>\n<p align=\"justify\"><span style=\"color: #000000;\"><span style=\"font-family: Times New Roman, serif;\"><span style=\"font-size: medium;\">Il n\u2019y a rien \u00e0 rejeter, rien \u00e0 s\u2019attacher.<\/span><\/span><\/span><\/p>\n<p align=\"justify\"><span style=\"color: #000000;\"><span style=\"font-family: Times New Roman, serif;\"><span style=\"font-size: medium;\">Tout est.<\/span><\/span><\/span><\/p>\n<p align=\"justify\"><span style=\"color: #000000;\"><span style=\"font-family: Times New Roman, serif;\"><span style=\"font-size: medium;\">Pour le bien de tous les \u00eatres, apaiser mon mental \u00e9quivaut \u00e0 cet instant o\u00f9 apr\u00e8s un orage, le ciel redevient calme, les nuages s\u2019\u00e9loignent, l\u2019air est tr\u00e8s pur, les couleurs sont magnifi\u00e9es.<\/span><\/span><\/span><\/p>\n<p align=\"justify\"><span style=\"color: #000000;\"><span style=\"font-family: Times New Roman, serif;\"><span style=\"font-size: medium;\">De moments fugaces tout d\u2019abord, la pratique de la m\u00e9ditation nous convie \u00e0 ancrer en nous la pl\u00e9nitude de la Claire-Lumi\u00e8re, de la sagesse inn\u00e9e et peu \u00e0 peu retrouv\u00e9e.<\/span><\/span><\/span><\/p>\n<p align=\"justify\"><span style=\"color: #000000;\"><span style=\"font-family: Times New Roman, serif;\"><span style=\"font-size: medium;\">Je ne vais pas vers, je ram\u00e8ne mon esprit \u00e0.<\/span><\/span><\/span><\/p>\n<p align=\"justify\"><span style=\"color: #000000;\"><span style=\"font-family: Times New Roman, serif;\"><span style=\"font-size: medium;\">Dans cet espace dont je suis et qui contient tout.<\/span><\/span><\/span><\/p>\n<p align=\"left\"><span style=\"font-family: Times New Roman, serif;\"><span style=\"font-size: medium;\">Namast\u00e9<\/span><\/span><\/p>\n<p align=\"left\"><span style=\"font-family: Times New Roman, serif;\"><span style=\"font-size: medium;\">Claudine<\/span><\/span><\/p>\n<p align=\"left\"><em><span style=\"font-family: Times New Roman, serif;\"><span style=\"font-size: medium;\">En communion de coeur avec \u00ab\u00a0After-Shave\u00a0\u00bb<\/span><\/span><\/em><\/p>\n<p align=\"left\">\u00a0<\/p>\n","protected":false},"excerpt":{"rendered":"<p>La Claire-Lumi\u00e8re La Claire-Lumi\u00e8re est. Elle est espace. De cet espace nous sommes. La Claire-Lumi\u00e8re est en nous cach\u00e9e par les voiles de l\u2019ignorance. Dans son mouvement rotatif, la Terre s\u2019incline devant le Soleil. Penser que le soleil monte est un leurre de notre mental. Nous avons \u00e0 parcourir le chemin de la Claire Lumi\u00e8re [&hellip;]<\/p>\n","protected":false},"author":3,"featured_media":0,"comment_status":"open","ping_status":"closed","sticky":false,"template":"","format":"standard","meta":{"footnotes":""},"categories":[1],"tags":[],"class_list":["post-849","post","type-post","status-publish","format-standard","hentry","category-non-classe"],"views":419,"_links":{"self":[{"href":"https:\/\/www.centchemins.fr\/index.php?rest_route=\/wp\/v2\/posts\/849","targetHints":{"allow":["GET"]}}],"collection":[{"href":"https:\/\/www.centchemins.fr\/index.php?rest_route=\/wp\/v2\/posts"}],"about":[{"href":"https:\/\/www.centchemins.fr\/index.php?rest_route=\/wp\/v2\/types\/post"}],"author":[{"embeddable":true,"href":"https:\/\/www.centchemins.fr\/index.php?rest_route=\/wp\/v2\/users\/3"}],"replies":[{"embeddable":true,"href":"https:\/\/www.centchemins.fr\/index.php?rest_route=%2Fwp%2Fv2%2Fcomments&post=849"}],"version-history":[{"count":1,"href":"https:\/\/www.centchemins.fr\/index.php?rest_route=\/wp\/v2\/posts\/849\/revisions"}],"predecessor-version":[{"id":850,"href":"https:\/\/www.centchemins.fr\/index.php?rest_route=\/wp\/v2\/posts\/849\/revisions\/850"}],"wp:attachment":[{"href":"https:\/\/www.centchemins.fr\/index.php?rest_route=%2Fwp%2Fv2%2Fmedia&parent=849"}],"wp:term":[{"taxonomy":"category","embeddable":true,"href":"https:\/\/www.centchemins.fr\/index.php?rest_route=%2Fwp%2Fv2%2Fcategories&post=849"},{"taxonomy":"post_tag","embeddable":true,"href":"https:\/\/www.centchemins.fr\/index.php?rest_route=%2Fwp%2Fv2%2Ftags&post=849"}],"curies":[{"name":"wp","href":"https:\/\/api.w.org\/{rel}","templated":true}]}}