{"id":866,"date":"2024-02-15T22:33:44","date_gmt":"2024-02-15T21:33:44","guid":{"rendered":"https:\/\/centchemins.fr\/?p=866"},"modified":"2024-02-16T12:04:20","modified_gmt":"2024-02-16T11:04:20","slug":"marie","status":"publish","type":"post","link":"https:\/\/www.centchemins.fr\/?p=866","title":{"rendered":"Marie"},"content":{"rendered":"\n<p align=\"justify\"><span style=\"color: #000000;\"><span style=\"font-family: Times New Roman, serif;\"><span style=\"font-size: medium;\">Hier \u00e9tait le mercredi des Cendres, je commence mon car\u00eame.<\/span><\/span><\/span><\/p>\n<p align=\"justify\"><span style=\"color: #000000;\"><span style=\"font-family: Times New Roman, serif;\"><span style=\"font-size: medium;\">A l\u2019\u00e9glise du Bon Pasteur, je suis all\u00e9e pr\u00e8s de Marie apr\u00e8s le magnifique office donn\u00e9 par P\u00e8re Aim\u00e9.<\/span><\/span><\/span><\/p>\n<p align=\"justify\"><span style=\"color: #000000;\"><span style=\"font-family: Times New Roman, serif;\"><span style=\"font-size: medium;\">Il est parti pr\u00e9cipitamment, et presque tous les fid\u00e8les \u00e9galement, avant que la chanson de Marie ne commence. Je me suis retrouv\u00e9e seule \u00e0 chanter devant Marie <i>\u00ab<\/i><i>\u00d4 <\/i><i>M<\/i><i>erci J\u00e9sus de nous donner ta M\u00e8re pour Maman\u00a0\u00bb (Jean-Paul Artaud).<br \/><\/i><\/span><\/span><\/span><\/p>\n<p align=\"justify\"><span style=\"color: #000000;\"><span style=\"font-family: Times New Roman, serif;\"><span style=\"font-size: medium;\">Mon c\u0153ur a vibr\u00e9 de foi et de reconnaissance.<\/span><\/span><\/span><\/p>\n<p align=\"justify\"><span style=\"color: #000000;\"><span style=\"font-family: Times New Roman, serif;\"><span style=\"font-size: medium;\">Chez Nicole il y a un mois, mon regard s\u2019est pos\u00e9 sur deux livres dans son entr\u00e9e. Ils semblaient <i>\u00abbrillants\u00bb<\/i> et m\u2019appeler. Elle m\u2019a propos\u00e9 de me les pr\u00eater. J\u2019ai lu \u00abKilom\u00e8tre z\u00e9ro\u00bb, ensuite le second \u00abRespire\u00bb que je n\u2019ai pas encore termin\u00e9. J\u2019en ai lu deux pages hier, en attendant mon fils. Ce paragraphe m\u2019a beaucoup interpell\u00e9e :<\/span><\/span><\/span><\/p>\n<p align=\"justify\"><span style=\"color: #000000;\"><span style=\"font-family: Times New Roman, serif;\"><span style=\"font-size: medium;\"><i>\u00abTu ne vois que ce que tu crois. L\u2019outil mental fonctionne avec la m\u00e9moire. Au moment o\u00f9 tu per\u00e7ois une chose, un \u00e9v\u00e9nement, il est d\u00e9j\u00e0 pass\u00e9. En fait, il y a quelque chose en amont de notre perception dont nous ne sommes pas conscients et qui est pour beaucoup dans notre exp\u00e9rience\u00bb.<sup>1)<\/sup><\/i><\/span><\/span><\/span><\/p>\n<p align=\"justify\"><span style=\"color: #000000;\"><span style=\"font-family: Times New Roman, serif;\"><span style=\"font-size: medium;\"><i>\u00abAccepte qu\u2019il puisse y avoir quelque chose plus vaste que tes habitudes.<\/i><\/span><\/span><\/span><\/p>\n<p align=\"justify\"><span style=\"color: #000000;\"><span style=\"font-family: Times New Roman, serif;\"><span style=\"font-size: medium;\"><i>Mes mots r\u00e9sultent d\u2019une pens\u00e9e en amont\u00a0; lorsque je les prononce, ils sont d\u00e9j\u00e0 pass\u00e9s. Notre compr\u00e9hension vient apr\u00e8s la situation r\u00e9elle. C\u2019est pourquoi ce que je per\u00e7ois, je dois d\u2019abord y croire. Il y a quelque chose avant, quelque chose en amont de ce que je crois\u00bb.<\/i><\/span><\/span><\/span><\/p>\n<p align=\"justify\"><span style=\"color: #000000;\"><span style=\"font-family: Times New Roman, serif;\"><span style=\"font-size: medium;\"><i>\u00abTu es la cause de la fa\u00e7on dont tu regardes le monde et donc, en te racontant ta propre histoire, tu cr\u00e9es ton personnage de victime. Si tu changes ta perception, alors tu pourras vivre la r\u00e9alit\u00e9.<\/i><\/span><\/span><\/span><\/p>\n<p align=\"justify\"><span style=\"color: #000000;\"><span style=\"font-family: Times New Roman, serif;\"><span style=\"font-size: medium;\"><i>Lorsque tu comprends que toute perception est en toi, tu n\u2019es plus jamais leurr\u00e9 par l\u2019id\u00e9e de s\u00e9paration\u00bb.<sup>2)<\/sup><\/i><\/span><\/span><\/span><\/p>\n<p align=\"justify\"><span style=\"color: #000000;\"><span style=\"font-family: Times New Roman, serif;\"><span style=\"font-size: medium;\">Quand un \u00e9v\u00e9nement survient, il est <i>la fin<\/i> d\u2019une r\u00e9alit\u00e9 inscrite dans l\u2019univers de toute \u00e9ternit\u00e9. Ce que nous croyons \u00eatre la r\u00e9alit\u00e9 n\u2019est qu\u2019une cons\u00e9quence d\u2019une Conscience inscrite depuis la nuit des temps.<\/span><\/span><\/span><\/p>\n<p align=\"justify\"><span style=\"color: #000000;\"><span style=\"font-family: Times New Roman, serif;\"><span style=\"font-size: medium;\">Quand nous disons un mot, il est <i>la fin<\/i> de notre construction mentale dudit mot et cesse d\u2019\u00eatre une fois prononc\u00e9. Nos pens\u00e9es ont construit ce mot comme il a construit notre perception de notre r\u00e9alit\u00e9 dans l\u2019instant T qui n\u2019est <i>que<\/i> la cons\u00e9quence de la <i>v\u00e9ritable<\/i> r\u00e9alit\u00e9 qui existe dans les trois dimensions\u00a0: pass\u00e9, pr\u00e9sent, futur. Cette r\u00e9alit\u00e9 est hors du temps terrestre qui n\u2019existe <i>que<\/i> dans nos perceptions d\u2019\u00eatre de chair incarn\u00e9e, de la mati\u00e8re s<\/span><\/span><\/span><span style=\"color: #000000;\"><span style=\"font-family: Times New Roman, serif;\"><span style=\"font-size: medium;\">olide de notre corps m\u00fb par nos sens et nos organes. Ce que nous croyons \u00eatre notre r\u00e9alit\u00e9 ressentie du moment pr\u00e9sent n\u2019est qu\u2019une finalit\u00e9, l\u2019\u00e9quation d\u2019une multitude de constructions atomiques multi-dimentionnelles.<\/span><\/span><\/span><\/p>\n<p align=\"justify\"><span style=\"color: #000000;\"><span style=\"font-family: Times New Roman, serif;\"><span style=\"font-size: medium;\">Je vais essayer de synth\u00e9tiser ma compr\u00e9hension par un exemple\u00a0:<\/span><\/span><\/span><\/p>\n<p align=\"justify\"><span style=\"color: #000000;\"><span style=\"font-family: Times New Roman, serif;\"><span style=\"font-size: medium;\">Il y a plusieurs mois, Christine m\u2019a conseill\u00e9 de lire la saga \u00abLes sept s\u0153urs\u00bb. J\u2019ai achet\u00e9 les sept premiers tomes que j\u2019ai lus avec plaisir. Elle m\u2019a pr\u00eat\u00e9 le huiti\u00e8me tome, que je lis actuellement en parall\u00e8le du livre de Nicole \u00abRespire\u00bb.<\/span><\/span><\/span><\/p>\n<p align=\"justify\"><span style=\"color: #000000;\"><span style=\"font-family: Times New Roman, serif;\"><span style=\"font-size: medium;\">A six heures ce matin, ne pouvant dormir, je prends ce huiti\u00e8me livre qui m\u2019est arriv\u00e9 retard\u00e9 d\u2019une semaine \u00ab\u00e0 cause\u00bb d\u2019un petit oubli.<\/span><\/span><\/span><\/p>\n<p align=\"justify\"><span style=\"color: #000000;\"><span style=\"font-family: Times New Roman, serif;\"><span style=\"font-size: medium;\">La page que je lis \u00e0 l\u2019instant dit exactement la m\u00eame chose que la page de \u00abRespire\u00bb que j\u2019ai lue hier.<\/span><\/span><\/span><\/p>\n<p align=\"justify\"><span style=\"color: #000000;\"><span style=\"font-family: Times New Roman, serif;\"><span style=\"font-size: medium;\"><i>\u00abVous ne voyez pas le projet dans son int\u00e9gralit\u00e9. Ce qui vous appara\u00eet comme une s\u00e9rie de co\u00efncidences \u00e9tait en fait inscrit dans les \u00e9toiles bien avant votre naissance, ou la mienne. Ce n\u2019est pas un hasard si vous \u00eates revenu ici. Vous \u00eates revenu parce que c\u2019\u00e9tait le moment\u00bb.<sup>3)<\/sup><\/i><\/span><\/span><\/span><\/p>\n<p align=\"justify\"><span style=\"color: #000000;\"><span style=\"font-family: Times New Roman, serif;\"><span style=\"font-size: medium;\">Plus loin, Angelina dit\u00a0: <\/span><\/span><\/span><\/p>\n<p align=\"justify\"><span style=\"color: #000000;\"><span style=\"font-family: Times New Roman, serif;\"><span style=\"font-size: medium;\"><i>\u00abToute ta vie, tu as parl\u00e9 aux \u00e9toiles. Maintenant elles te r\u00e9pondent\u00bb. <\/i><\/span><\/span><\/span><\/p>\n<p align=\"justify\"><span style=\"color: #000000;\"><span style=\"font-family: Times New Roman, serif;\"><span style=\"font-size: medium;\"><i>\u00abVous parlez comme si j\u2019\u00e9tais la premi\u00e8re \u00e0 mentionner les pouvoirs de l\u2019univers. Mais nous savons tous les deux que ce n\u2019est pas le cas. Petit gar\u00e7on, vous regardiez les \u00e9toiles. Elles vous ont prot\u00e9g\u00e9 et guid\u00e9 au cours de votre impossible voyage.\u00bb <\/i><sup><i>4)<\/i><\/sup><\/span><\/span><\/span><\/p>\n<p align=\"justify\"><span style=\"color: #000000;\"><span style=\"font-family: Times New Roman, serif;\"><span style=\"font-size: medium;\">Toute ma vie,<i> j\u2019ai<\/i> parl\u00e9 \u00e0 Marie. Maintenant Elle me r\u00e9pond.<\/span><\/span><\/span><\/p>\n<p align=\"justify\"><span style=\"color: #000000;\"><span style=\"font-family: Times New Roman, serif;\"><span style=\"font-size: medium;\">Petite fille, je me blottissais dans les bras de Marie et observais le monde. Elle m\u2019a prot\u00e9g\u00e9e et guid\u00e9e au cours de mon merveilleux chemin jusqu\u2019\u00e0 ce jour de R\u00e9veil\u00a0! Merci, merci, merci.<\/span><\/span><\/span><\/p>\n<p align=\"justify\"><span style=\"color: #000000;\"><span style=\"font-family: Times New Roman, serif;\"><span style=\"font-size: medium;\">Le 23 f\u00e9vrier, dans huit jours, je m\u2019envole pour Fatima. Carla a choisi cette date et je l\u2019ai suivie sans h\u00e9sitation, \u00abpouss\u00e9e par le vent\u00bb dirait C\u00e9cile. J\u2019ai m\u00eame r\u00e9serv\u00e9 un h\u00f4tel du merveilleux nom de \u00abAleluia\u00bb en face du sanctuaire de Fatima.<\/span><\/span><\/span><\/p>\n<p align=\"justify\"><span style=\"color: #000000;\"><span style=\"font-family: Times New Roman, serif;\"><span style=\"font-size: medium;\"><i>Hier<\/i> est arriv\u00e9 sur mon lieu de travail, Laurence, Petite S\u0153ur de J\u00e9sus. (Nous sommes entr\u00e9es dans une douce amiti\u00e9 en septembre 2021, lors d\u2019un je\u00fbne que je pratiquais <i>au Bon Pasteur<\/i>). Le c\u0153ur en liesse, je lui ai annonc\u00e9 que j\u2019allais \u00e0 Fatima. <\/span><\/span><\/span><\/p>\n<p align=\"justify\"><span style=\"color: #000000;\"><span style=\"font-family: Times New Roman, serif;\"><span style=\"font-size: medium;\">Elle s\u2019exclame alors\u00a0: \u00abJ\u2019ai v\u00e9cu \u00e0 Fatima\u00a0! Derri\u00e8re le sanctuaire\u00bb. Elle me dessine ensuite le plan pour que j\u2019aille rencontrer ses Petites S\u0153urs de la congr\u00e9gation.<\/span><\/span><\/span><\/p>\n<p align=\"justify\"><span style=\"color: #000000;\"><span style=\"font-family: Times New Roman, serif;\"><span style=\"font-size: medium;\">Marie\u00a0! Ma Maman du Ciel\u00a0! Tu me parles\u00a0! Je t\u2019entends Sainte Vierge Marie, enfin. Je viens \u00e0 Toi \u00e0 Fatima le c\u0153ur confiant et sans attente.<\/span><\/span><\/span><\/p>\n<p align=\"justify\"><span style=\"color: #000000;\"><span style=\"font-family: Times New Roman, serif;\"><span style=\"font-size: medium;\">Quoi que je vive, je sais que Tu l\u2019as voulu. Je viens \u00e0 notre Rendez-vous. All\u00e9luia\u00a0! all\u00e9luia\u00a0! all\u00e9luia\u00a0! <\/span><\/span><\/span><\/p>\n<p align=\"justify\"><span style=\"color: #000000;\"> <span style=\"font-family: Times New Roman, serif;\"><span style=\"font-size: medium;\">Claudine<\/span><\/span><\/span><\/p>\n<p align=\"justify\"><span style=\"color: #000000;\"><span style=\"font-family: Times New Roman, serif;\"><span style=\"font-size: medium;\"><i><sup>1) <\/sup>\u00abRespire\u00bb, Maud Ankaoua, p. 245<\/i><\/span><\/span><\/span><\/p>\n<p align=\"justify\"><span style=\"color: #000000;\"><span style=\"font-family: Times New Roman, serif;\"><span style=\"font-size: medium;\"><i><sup>2<\/sup><sup>) <\/sup>\u00abRespire\u00bb, Maud Ankaoua, p. 246, p. 247.<\/i><\/span><\/span><\/span><\/p>\n<p align=\"justify\"><span style=\"color: #000000;\"><span style=\"font-family: Times New Roman, serif;\"><span style=\"font-size: medium;\"><i><sup>3<\/sup><sup>) <\/sup>\u00abAtlas\u00bb, Lucinda Riley, Harry Whittaker, \u00abLes sept s\u0153urs\u00bb, p. 585<\/i><\/span><\/span><\/span><\/p>\n<p align=\"justify\"><span style=\"color: #000000;\"><span style=\"font-family: Times New Roman, serif;\"><span style=\"font-size: medium;\"><i><sup>4<\/sup><sup>) <\/sup>\u00abAtlas\u00bb, Lucinda Riley, Harry Whittaker, \u00abLes sept s\u0153urs\u00bb, p. 598<\/i><\/span><\/span><\/span><\/p>\n<p align=\"justify\"><span style=\"color: #000000;\"><span style=\"font-family: Times New Roman, serif;\"><span style=\"font-size: medium;\">PS\u00a0: Ce voile de ma compr\u00e9hension qui se d\u00e9chire ce matin est incroyable. Il est la cons\u00e9quence de deux mots prononc\u00e9s dimanche pass\u00e9 par C\u00e9cile\u00a0: Art Sacr\u00e9.<\/span><\/span><\/span><\/p>\n<p align=\"justify\"><span style=\"color: #000000;\"><span style=\"font-family: Times New Roman, serif;\"><span style=\"font-size: medium;\">Ces textes qui fusent de ma main depuis plus de dix ans sont-ils de l\u2019Art Sacr\u00e9\u00a0?<\/span><\/span><\/span><\/p>\n<p align=\"justify\"><span style=\"color: #000000;\"><span style=\"font-family: Times New Roman, serif;\"><span style=\"font-size: medium;\">A ces deux mots, une succession d\u2019\u00e9v\u00e9nements extraordinaires, que j\u2019ai v\u00e9cus tout au long de ma vie sans les comprendre, sont remont\u00e9s \u00e0 mon souvenir dans un embouteillage de ressentis. Juste \u00e0 chaque fois \u00e9tonn\u00e9e et impr\u00e9gn\u00e9e d\u00e9finitivement.<\/span><\/span><\/span><\/p>\n<p align=\"justify\"><span style=\"color: #000000;\"><span style=\"font-family: Times New Roman, serif;\"><span style=\"font-size: medium;\">Pour n\u2019en citer qu\u2019un\u00a0: <\/span><\/span><\/span><\/p>\n<p align=\"justify\"><span style=\"color: #000000;\"><span style=\"font-family: Times New Roman, serif;\"><span style=\"font-size: medium;\">Hier matin, lors de ma douche chez Nicole, un souvenir a jailli\u00a0! inattendu, puissant, prenant tout l\u2019espace : j\u2019avais quatorze ans, je marchais dans le parc de Mon-Repos \u00e0 Lausanne, seule, sous la pluie, merveilleusement bien apr\u00e8s quelques travers\u00e9es de la piscine du m\u00eame nom.<\/span><\/span><\/span><\/p>\n<p align=\"justify\"><span style=\"color: #000000;\"><span style=\"font-size: medium;\"><span style=\"font-family: Times New Roman, serif;\">J\u2019ai stopp\u00e9 <\/span><span style=\"font-family: Times New Roman, serif;\">alors<\/span><span style=\"font-family: Times New Roman, serif;\"> ma petite ballade brutalement, saisie par je ne sais quoi d<\/span><span style=\"font-family: Times New Roman, serif;\">e hors normalit\u00e9<\/span><span style=\"font-family: Times New Roman, serif;\">\u00a0: le temps s\u2019est arr\u00eat\u00e9, mes sens ont tout capt\u00e9 dans cette ouverture temporelle, la moiteur, les sons, mes yeux se rappellent encore le chemin bord\u00e9 de pelouse et d\u2019arbres. Mais surtout l\u2019odeur de pluie, <\/span><span style=\"font-family: Times New Roman, serif;\"><i>l\u2019odeur<\/i><\/span><span style=\"font-family: Times New Roman, serif;\"> de ce moment magique entre tous. <\/span><i> <\/i><i> <\/i><i> <\/i><i> <\/i><\/span><\/span><\/p>\n<p align=\"justify\"><span style=\"color: #000000;\"><span style=\"font-family: Times New Roman, serif;\"><span style=\"font-size: medium;\">Cette m\u00eame <i>odeur<\/i> a saut\u00e9 dans <i>ma r\u00e9alit\u00e9 <\/i><i>suggestive<\/i> de cet instant de douche b\u00e9nie hier chez Nicole.<\/span><\/span><\/span><\/p>\n<p align=\"justify\"><span style=\"color: #000000;\"><span style=\"font-family: Times New Roman, serif;\"><span style=\"font-size: medium;\">Je sais maintenant que l\u2019Univers me parle.<\/span><\/span><\/span><\/p>\n<p align=\"justify\"><span style=\"color: #000000;\"><span style=\"font-family: Times New Roman, serif;\"><span style=\"font-size: medium;\">Pour poursuivre les synchronicit\u00e9s, mon amie <i>Maria<\/i> m\u2019envoie dans l\u2019apr\u00e8s-midi une chanson du groupe Les Padr\u00e9s : \u00abRegarde l\u2019\u00e9toile, appelle <i>Marie<\/i>\u00bb.<\/span><\/span><\/span><\/p>\n<p align=\"justify\"><span style=\"color: #000000;\"><span style=\"font-family: Times New Roman, serif;\"><span style=\"font-size: medium;\">&#8230;<\/span><\/span><\/span><\/p>\n<p align=\"justify\"><span style=\"color: #000000;\"><span style=\"font-family: Times New Roman, serif;\"><span style=\"font-size: medium;\">Seigneur\u00a0! Aide-moi \u00e0 Te comprendre. <\/span><\/span><\/span><\/p>\n<p align=\"justify\"><span style=\"color: #000000;\"><span style=\"font-family: Times New Roman, serif;\"><span style=\"font-size: medium;\">Amen.<\/span><\/span><\/span><\/p>\n<p align=\"justify\"><span style=\"font-size: medium;\"><span style=\"font-family: Times New Roman, serif;\"><br \/><\/span><i> <\/i><i> <\/i><\/span><\/p>\n<p align=\"justify\"><span style=\"font-size: medium;\"><br \/><i> <\/i><i> <\/i><i> <\/i><\/span><\/p>\n","protected":false},"excerpt":{"rendered":"<p>Hier \u00e9tait le mercredi des Cendres, je commence mon car\u00eame. A l\u2019\u00e9glise du Bon Pasteur, je suis all\u00e9e pr\u00e8s de Marie apr\u00e8s le magnifique office donn\u00e9 par P\u00e8re Aim\u00e9. Il est parti pr\u00e9cipitamment, et presque tous les fid\u00e8les \u00e9galement, avant que la chanson de Marie ne commence. Je me suis retrouv\u00e9e seule \u00e0 chanter devant [&hellip;]<\/p>\n","protected":false},"author":3,"featured_media":0,"comment_status":"open","ping_status":"closed","sticky":false,"template":"","format":"standard","meta":{"footnotes":""},"categories":[1],"tags":[],"class_list":["post-866","post","type-post","status-publish","format-standard","hentry","category-non-classe"],"views":629,"_links":{"self":[{"href":"https:\/\/www.centchemins.fr\/index.php?rest_route=\/wp\/v2\/posts\/866","targetHints":{"allow":["GET"]}}],"collection":[{"href":"https:\/\/www.centchemins.fr\/index.php?rest_route=\/wp\/v2\/posts"}],"about":[{"href":"https:\/\/www.centchemins.fr\/index.php?rest_route=\/wp\/v2\/types\/post"}],"author":[{"embeddable":true,"href":"https:\/\/www.centchemins.fr\/index.php?rest_route=\/wp\/v2\/users\/3"}],"replies":[{"embeddable":true,"href":"https:\/\/www.centchemins.fr\/index.php?rest_route=%2Fwp%2Fv2%2Fcomments&post=866"}],"version-history":[{"count":4,"href":"https:\/\/www.centchemins.fr\/index.php?rest_route=\/wp\/v2\/posts\/866\/revisions"}],"predecessor-version":[{"id":870,"href":"https:\/\/www.centchemins.fr\/index.php?rest_route=\/wp\/v2\/posts\/866\/revisions\/870"}],"wp:attachment":[{"href":"https:\/\/www.centchemins.fr\/index.php?rest_route=%2Fwp%2Fv2%2Fmedia&parent=866"}],"wp:term":[{"taxonomy":"category","embeddable":true,"href":"https:\/\/www.centchemins.fr\/index.php?rest_route=%2Fwp%2Fv2%2Fcategories&post=866"},{"taxonomy":"post_tag","embeddable":true,"href":"https:\/\/www.centchemins.fr\/index.php?rest_route=%2Fwp%2Fv2%2Ftags&post=866"}],"curies":[{"name":"wp","href":"https:\/\/api.w.org\/{rel}","templated":true}]}}