{"id":875,"date":"2024-03-28T17:31:09","date_gmt":"2024-03-28T16:31:09","guid":{"rendered":"https:\/\/centchemins.fr\/?p=875"},"modified":"2024-04-04T17:32:35","modified_gmt":"2024-04-04T16:32:35","slug":"la-main","status":"publish","type":"post","link":"https:\/\/www.centchemins.fr\/?p=875","title":{"rendered":"La Main"},"content":{"rendered":"\n<p align=\"justify\"><span style=\"color: #000000;\"><span style=\"font-family: Times New Roman, serif;\"><span style=\"font-size: medium;\">Envie de mourir pour me fondre en Dieu.<\/span><\/span><\/span><\/p>\n<p align=\"justify\"><span style=\"color: #000000;\"><span style=\"font-family: Times New Roman, serif;\"><span style=\"font-size: medium;\">Quel doux et \u00e9trange ressenti pendant un moment extatique de pri\u00e8re-connexion.<\/span><\/span><\/span><\/p>\n<p align=\"justify\"><span style=\"color: #000000;\"><span style=\"font-family: Times New Roman, serif;\"><span style=\"font-size: medium;\">Comme si mon corps \u00e9tait une barri\u00e8re, un contenant, qui m\u2019emp\u00eachaient d\u2019\u00eatre \u00abUn\u00bb.<\/span><\/span><\/span><\/p>\n<p align=\"justify\"><span style=\"color: #000000;\"><span style=\"font-family: Times New Roman, serif;\"><span style=\"font-size: medium;\">La mort, si mal per\u00e7ue, parce qu\u2019elle nous arrache les uns aux autres, croit-on, alors qu\u2019en fait elle nous unifie.<\/span><\/span><\/span><\/p>\n<p align=\"justify\"><span style=\"color: #000000;\"><span style=\"font-family: Times New Roman, serif;\"><span style=\"font-size: medium;\">Ma naissance m\u2019appara\u00eet comme un modelage dans la mati\u00e8re, comme une vessie incongrue sur un ballon. <\/span><\/span><\/span><\/p>\n<p align=\"justify\"><span style=\"color: #000000;\"><span style=\"font-family: Times New Roman, serif;\"><span style=\"font-size: medium;\">Comme ce petit bonhomme tr\u00e8s v\u00e9n\u00e8re, personnage d\u2019un dessin anim\u00e9 italien des ann\u00e9es 70\u00a0: la Linea (Osvaldo Cavandoli, 1971).<\/span><\/span><\/span><\/p>\n<p align=\"justify\"><span style=\"color: #000000;\"><span style=\"font-family: Times New Roman, serif;\"><span style=\"font-size: medium;\">Ce petit homme s\u2019adresse avec rage \u00e0 la main du dessinateur tr\u00e8s peu visible, exige de rallonger le trait, de lui faire prendre la forme souhait\u00e9e, de faire na\u00eetre la situation d\u00e9sir\u00e9e, souvent catastrophique.<\/span><\/span><\/span><\/p>\n<p align=\"justify\"><span style=\"color: #000000;\"><span style=\"font-family: Times New Roman, serif;\"><span style=\"font-size: medium;\">On devine une douceur, une r\u00e9signation amoureuse, de la part de cette main cr\u00e9atrice.<\/span><\/span><\/span><\/p>\n<p align=\"justify\"><span style=\"color: #000000;\"><span style=\"font-family: Times New Roman, serif;\"><span style=\"font-size: medium;\">Il m\u2019appara\u00eet dans cet instant de communion intense que la ligne droite deviendrait qui\u00e9tude. Pas de ligne du tout serait la vraie vie, unifi\u00e9e, paisible, lib\u00e9r\u00e9e de tout heurt, de tout conflit, de toute souffrance.<\/span><\/span><\/span><\/p>\n<p align=\"justify\"><span style=\"color: #000000;\"><span style=\"font-family: Times New Roman, serif;\"><span style=\"font-size: medium;\">Etrange et merveilleux ressenti de la douceur de la mort. <\/span><\/span><\/span><\/p>\n<p align=\"justify\"><span style=\"color: #000000;\"><span style=\"font-family: Times New Roman, serif;\"><span style=\"font-size: medium;\">Non pas d\u2019une envie suicidaire.<\/span><\/span><\/span><\/p>\n<p align=\"justify\"><span style=\"color: #000000;\"><span style=\"font-family: Times New Roman, serif;\"><span style=\"font-size: medium;\">Juste une envie d\u2019\u00eatre lib\u00e9r\u00e9e des fronti\u00e8res de mon corps pour exp\u00e9rimenter l\u2019unit\u00e9, la pl\u00e9nitude, l\u2019omnipr\u00e9sence, l\u2019omnipotence, l\u2019omniscience. Trois mots si lourds pour exprimer un \u00e9clatement de ma personne physique qui pour moi est tout contenu dans ce mot si attrayant\u00a0: extase.<\/span><\/span><\/span><\/p>\n<p align=\"justify\"><span style=\"color: #000000;\"><span style=\"font-family: Times New Roman, serif;\"><span style=\"font-size: medium;\">Les mots limitent ma pens\u00e9e comme mes sens limitent ma communion.<\/span><\/span><\/span><\/p>\n<p align=\"justify\"><span style=\"color: #000000;\"><span style=\"font-family: Times New Roman, serif;\"><span style=\"font-size: medium;\">Au-del\u00e0, au-del\u00e0, au-del\u00e0 de la ligne horizontale, au-del\u00e0 de la surface.<\/span><\/span><\/span><\/p>\n<p align=\"justify\"><span style=\"color: #000000;\"><span style=\"font-family: Times New Roman, serif;\"><span style=\"font-size: medium;\">Rejoindre le Cr\u00e9ateur si doux qui autorise toutes mes vell\u00e9it\u00e9s, toutes mes b\u00eatises, tous mes manquements, avec une patience et une compassion infinies pour toutes ses cr\u00e9ations, dont je suis, si inconscientes de sa douce volont\u00e9 de ne pas nuire \u00e0 ma libert\u00e9, \u00e0 notre libert\u00e9.<\/span><\/span><\/span><\/p>\n<p align=\"justify\"><span style=\"color: #000000;\"><span style=\"font-family: Times New Roman, serif;\"><span style=\"font-size: medium;\">M\u00eame si ma volont\u00e9, mon aveuglement me pr\u00e9cipitent contre le mur du r\u00e9veil.<\/span><\/span><\/span><\/p>\n<p align=\"justify\"><span style=\"color: #000000;\"><span style=\"font-family: Times New Roman, serif;\"><span style=\"font-size: medium;\">Ou de l\u2019an\u00e9antissement. <\/span><\/span><\/span><\/p>\n<p align=\"justify\"><span style=\"color: #000000;\"><span style=\"font-family: Times New Roman, serif;\"><span style=\"font-size: medium;\">Toujours, je peux me relever avec la rage du pourquoi\u00a0? Pourquoi moi\u00a0? Pourquoi j\u2019ai mal\u00a0?<\/span><\/span><\/span><\/p>\n<p align=\"justify\"><span style=\"color: #000000;\"><span style=\"font-family: Times New Roman, serif;\"><span style=\"font-size: medium;\">Alors qu\u2019il fallait juste faire confiance \u00e0 la Main\u00a0!<\/span><\/span><\/span><\/p>\n<p align=\"justify\"><span style=\"font-size: medium;\"><span style=\"font-family: Times New Roman, serif;\">Namast\u00e9<\/span><i> <\/i><\/span><\/p>\n<p align=\"justify\"><span style=\"font-size: medium;\">Claudine<i> <\/i><\/span><\/p>\n\n\n","protected":false},"excerpt":{"rendered":"<p>Envie de mourir pour me fondre en Dieu. Quel doux et \u00e9trange ressenti pendant un moment extatique de pri\u00e8re-connexion. Comme si mon corps \u00e9tait une barri\u00e8re, un contenant, qui m\u2019emp\u00eachaient d\u2019\u00eatre \u00abUn\u00bb. La mort, si mal per\u00e7ue, parce qu\u2019elle nous arrache les uns aux autres, croit-on, alors qu\u2019en fait elle nous unifie. Ma naissance m\u2019appara\u00eet [&hellip;]<\/p>\n","protected":false},"author":3,"featured_media":0,"comment_status":"open","ping_status":"closed","sticky":false,"template":"","format":"standard","meta":{"footnotes":""},"categories":[1],"tags":[],"class_list":["post-875","post","type-post","status-publish","format-standard","hentry","category-non-classe"],"views":311,"_links":{"self":[{"href":"https:\/\/www.centchemins.fr\/index.php?rest_route=\/wp\/v2\/posts\/875","targetHints":{"allow":["GET"]}}],"collection":[{"href":"https:\/\/www.centchemins.fr\/index.php?rest_route=\/wp\/v2\/posts"}],"about":[{"href":"https:\/\/www.centchemins.fr\/index.php?rest_route=\/wp\/v2\/types\/post"}],"author":[{"embeddable":true,"href":"https:\/\/www.centchemins.fr\/index.php?rest_route=\/wp\/v2\/users\/3"}],"replies":[{"embeddable":true,"href":"https:\/\/www.centchemins.fr\/index.php?rest_route=%2Fwp%2Fv2%2Fcomments&post=875"}],"version-history":[{"count":1,"href":"https:\/\/www.centchemins.fr\/index.php?rest_route=\/wp\/v2\/posts\/875\/revisions"}],"predecessor-version":[{"id":876,"href":"https:\/\/www.centchemins.fr\/index.php?rest_route=\/wp\/v2\/posts\/875\/revisions\/876"}],"wp:attachment":[{"href":"https:\/\/www.centchemins.fr\/index.php?rest_route=%2Fwp%2Fv2%2Fmedia&parent=875"}],"wp:term":[{"taxonomy":"category","embeddable":true,"href":"https:\/\/www.centchemins.fr\/index.php?rest_route=%2Fwp%2Fv2%2Fcategories&post=875"},{"taxonomy":"post_tag","embeddable":true,"href":"https:\/\/www.centchemins.fr\/index.php?rest_route=%2Fwp%2Fv2%2Ftags&post=875"}],"curies":[{"name":"wp","href":"https:\/\/api.w.org\/{rel}","templated":true}]}}