{"id":877,"date":"2024-04-04T13:58:29","date_gmt":"2024-04-04T12:58:29","guid":{"rendered":"https:\/\/centchemins.fr\/?p=877"},"modified":"2024-04-05T14:02:47","modified_gmt":"2024-04-05T13:02:47","slug":"adaptabilite","status":"publish","type":"post","link":"https:\/\/www.centchemins.fr\/?p=877","title":{"rendered":"Adaptabilit\u00e9"},"content":{"rendered":"\n<p align=\"center\"><br \/><br \/><\/p>\n<p align=\"center\"><span style=\"color: #000000;\"><span style=\"font-family: Times New Roman, serif;\"><span style=\"font-size: medium;\"><b>Adaptabilit\u00e9<\/b><\/span><\/span><\/span><\/p>\n<p align=\"justify\"><span style=\"color: #000000;\"><span style=\"font-family: Times New Roman, serif;\"><span style=\"font-size: medium;\">S\u2019adapter, c\u2019est se perdre.<\/span><\/span><\/span><\/p>\n<p align=\"justify\"><span style=\"color: #000000;\"><span style=\"font-family: Times New Roman, serif;\"><span style=\"font-size: medium;\">L\u2019ami avec qui j\u2019\u00e9change me traduit cette pens\u00e9e\u00a0: quand l\u2019enfant s\u2019adapte \u00e0 un traumatisme, il perd un peu de qui il est vraiment. Il perd une facette du prisme de sa personnalit\u00e9.<\/span><\/span><\/span><\/p>\n<p align=\"justify\"><span style=\"color: #000000;\"><span style=\"font-family: Times New Roman, serif;\"><span style=\"font-size: medium;\">Ma r\u00e9flexion me pousse au-del\u00e0.<\/span><\/span><\/span><\/p>\n<p align=\"justify\"><span style=\"color: #000000;\"><span style=\"font-family: Times New Roman, serif;\"><span style=\"font-size: medium;\">Et si le traumatisme \u00e9tait une porte fractur\u00e9e pour que je devienne qui je suis vraiment\u00a0?<\/span><\/span><\/span><\/p>\n<p align=\"justify\"><span style=\"color: #000000;\"><span style=\"font-family: Times New Roman, serif;\"><span style=\"font-size: medium;\">Qui traverse la vie sans traumatisme, quel que soit l\u2019\u00e2ge\u00a0?<\/span><\/span><\/span><\/p>\n<p align=\"justify\"><span style=\"color: #000000;\"><span style=\"font-family: Times New Roman, serif;\"><span style=\"font-size: medium;\">Pourquoi devons-nous exp\u00e9rimenter la souffrance\u00a0?<\/span><\/span><\/span><\/p>\n<p align=\"justify\"><span style=\"color: #000000;\"><span style=\"font-family: Times New Roman, serif;\"><span style=\"font-size: medium;\">N\u2019a-t-elle pour seul but que la m\u00e9chancet\u00e9 pure de faire mal\u00a0? Comme la vie serait alors cruelle et inutile\u00a0! Un combat de boxe o\u00f9 il n\u2019y aurait que des perdants.<\/span><\/span><\/span><\/p>\n<p align=\"justify\"><span style=\"color: #000000;\"><span style=\"font-family: Times New Roman, serif;\"><span style=\"font-size: medium;\">Et si ces traumatismes qui nous touchent tous \u00e9taient tout l\u2019inverse\u00a0? Une invitation \u00e0 grandir\u00a0? \u00c0 l\u00e2cher qui nous <i>croyons<\/i> \u00eatre\u00a0? A sortir du r\u00f4le que nous nous imposons, seuls\u00a0?<\/span><\/span><\/span><\/p>\n<p align=\"justify\"><span style=\"color: #000000;\"><span style=\"font-family: Times New Roman, serif;\"><span style=\"font-size: medium;\">Quand arrive notre premi\u00e8re pens\u00e9e consciente de qui je suis\u00a0? Apr\u00e8s combien de respirations\u00a0? Combien de t\u00e9t\u00e9es\u00a0? Combien de chutes qui nous apprennent la verticalit\u00e9\u00a0?<\/span><\/span><\/span><\/p>\n<p align=\"justify\"><span style=\"color: #000000;\"><span style=\"font-family: Times New Roman, serif;\"><span style=\"font-size: medium;\">Ma personnalit\u00e9 s\u2019est-elle d\u00e9j\u00e0 construite dans la vie intra-ut\u00e9rine ? A-t-elle choisi ma m\u00e8re, ma famille, ma condition sociale, le sceau de la communaut\u00e9 qui voudra bien me d\u00e9livrer mon passeport ?<\/span><\/span><\/span><\/p>\n<p align=\"justify\"><span style=\"color: #000000;\"><span style=\"font-family: Times New Roman, serif;\"><span style=\"font-size: medium;\">Toute une vie pour m\u2019identifier. Pour m\u2019agripper \u00e0 Cela. Toute une liste de r\u00e9f\u00e9rences entre couleur de peau, langage, caract\u00e9ristiques physiques, sociales, familiales \u2026 acquises ou inn\u00e9es.<\/span><\/span><\/span><\/p>\n<p align=\"justify\"><span style=\"color: #000000;\"><span style=\"font-family: Times New Roman, serif;\"><span style=\"font-size: medium;\">Et si le trauma voulait juste me faire ouvrir la main\u00a0? M\u2019apprenait \u00e0 l\u00e2cher\u00a0? A l\u00e2cher mes constructions mentales \u00e9labor\u00e9es au prix fort de Qui je me crois \u00eatre en fonction de la trame.<\/span><\/span><\/span><\/p>\n<p align=\"justify\"><span style=\"color: #000000;\"><span style=\"font-family: Times New Roman, serif;\"><span style=\"font-size: medium;\">Au-del\u00e0. Au-del\u00e0 de mon apparence. Au-del\u00e0 de ce petit moi qui ne veut pas comprendre, qui ne veut pas me l\u00e2cher\u00a0: h\u00e9\u00a0! Attends\u00a0! Regarde tout ce que j\u2019ai mis en place pour que tu sois toi\u00a0! Tu ne peux pas me tourner le dos maintenant, apr\u00e8s tout ce que nous avons construit ensemble\u00a0?!<\/span><\/span><\/span><\/p>\n<p align=\"justify\"><span style=\"color: #000000;\"><span style=\"font-family: Times New Roman, serif;\"><span style=\"font-size: medium;\">Et si\u00a0?!<\/span><\/span><\/span><\/p>\n<p align=\"justify\"><span style=\"color: #000000;\"><span style=\"font-family: Times New Roman, serif;\"><span style=\"font-size: medium;\">Et si j\u2019\u00e9tais bien plus que cela\u00a0?!<\/span><\/span><\/span><\/p>\n<p align=\"justify\"><span style=\"color: #000000;\"><span style=\"font-family: Times New Roman, serif;\"><span style=\"font-size: medium;\">Et si, au-del\u00e0 de tous les concepts qui m\u2019ariment, j\u2019\u00e9tais juste \u00abla vie\u00bb. <\/span><\/span><\/span><\/p>\n<p align=\"justify\"><span style=\"color: #000000;\"><span style=\"font-family: Times New Roman, serif;\"><span style=\"font-size: medium;\">La vie qui doucement, immuablement, m\u2019oblige \u00e0 respirer. La vie qui pulse \u00e0 chaque battement de mon coeur avec la seule volont\u00e9 de me ramener \u00e0 l\u2019amour inconditionnel. L\u2019amour qui se donne, comme la Terre donne son souffle l\u2019air, son sang l\u2019eau, sa chair la mati\u00e8re solide et vivante qui me nourrit.<\/span><\/span><\/span><\/p>\n<p align=\"justify\"><span style=\"color: #000000;\"><span style=\"font-family: Times New Roman, serif;\"><span style=\"font-size: medium;\">Il y a trauma parce que je suis identifi\u00e9-e tr\u00e8s fortement \u00e0 l\u2019image que je me suis construite, avec vell\u00e9it\u00e9, avec une volont\u00e9 infaillible d\u2019\u00eatre <i>qui<\/i> je veux \u00eatre, <i>qui<\/i> je crois \u00eatre.<\/span><\/span><\/span><\/p>\n<p align=\"justify\"><span style=\"color: #000000;\"><span style=\"font-family: Times New Roman, serif;\"><span style=\"font-size: medium;\">J\u2019ai appris si tard que la blessure m\u2019apprenait \u00e0 l\u00e2cher. Que l\u2019Autre n\u2019\u00e9tait que le reflet de l\u2019image erron\u00e9e de moi-m\u00eame, b\u00e2tie pas-\u00e0-pas par ma pens\u00e9e consciente.<\/span><\/span><\/span><\/p>\n<p align=\"justify\"><span style=\"color: #000000;\"><span style=\"font-family: Times New Roman, serif;\"><span style=\"font-size: medium;\">Au-del\u00e0 de cette image erron\u00e9e, du personnage jouant son r\u00f4le dans le film de la vie, il y a mon vrai moi, nu, d\u00e9construit, une pulsion, un souffle, une pichenette dans l\u2019\u00e9ternit\u00e9, qui ne saurait \u00eatre compl\u00e8te sans cette pichenette.<\/span><\/span><\/span><\/p>\n<p align=\"justify\"><span style=\"color: #000000;\"><span style=\"font-family: Times New Roman, serif;\"><span style=\"font-size: medium;\">Tout le reste n\u2019est que fantasmagorie.<\/span><\/span><\/span><\/p>\n<p align=\"justify\"><span style=\"color: #000000;\"><span style=\"font-family: Times New Roman, serif;\"><span style=\"font-size: medium;\">Viens \u00e0 moi, parle-moi, agite-toi. Donne-moi tes jugements, tes avis, tes mises en garde, tes tourbillons fous d\u2019une temp\u00eate qui ne m\u2019atteint plus.<\/span><\/span><\/span><\/p>\n<p align=\"justify\"><span style=\"color: #000000;\"><span style=\"font-family: Times New Roman, serif;\"><span style=\"font-size: medium;\">L\u00e0. <\/span><\/span><\/span><\/p>\n<p align=\"justify\"><span style=\"color: #000000;\"> <span style=\"font-family: Times New Roman, serif;\"><span style=\"font-size: medium;\">Je suis.<\/span><\/span><\/span><\/p>\n<p align=\"justify\"><span style=\"color: #000000;\"><span style=\"font-family: Times New Roman, serif;\"><span style=\"font-size: medium;\">De toute \u00e9ternit\u00e9.<\/span><\/span><\/span><\/p>\n<p align=\"justify\"><span style=\"font-size: medium;\"><span style=\"font-family: Times New Roman, serif;\">Namast\u00e9<\/span><\/span><\/p>\n<p align=\"justify\"><span style=\"font-size: medium;\"><i> <\/i><i> <\/i>Claudine<i> <\/i><\/span><\/p>\n<p align=\"left\"><br \/><br \/><\/p>\n<p align=\"left\"><br \/><br \/><\/p>\n","protected":false},"excerpt":{"rendered":"<p>Adaptabilit\u00e9 S\u2019adapter, c\u2019est se perdre. L\u2019ami avec qui j\u2019\u00e9change me traduit cette pens\u00e9e\u00a0: quand l\u2019enfant s\u2019adapte \u00e0 un traumatisme, il perd un peu de qui il est vraiment. Il perd une facette du prisme de sa personnalit\u00e9. Ma r\u00e9flexion me pousse au-del\u00e0. Et si le traumatisme \u00e9tait une porte fractur\u00e9e pour que je devienne qui [&hellip;]<\/p>\n","protected":false},"author":3,"featured_media":0,"comment_status":"open","ping_status":"closed","sticky":false,"template":"","format":"standard","meta":{"footnotes":""},"categories":[1],"tags":[],"class_list":["post-877","post","type-post","status-publish","format-standard","hentry","category-non-classe"],"views":328,"_links":{"self":[{"href":"https:\/\/www.centchemins.fr\/index.php?rest_route=\/wp\/v2\/posts\/877","targetHints":{"allow":["GET"]}}],"collection":[{"href":"https:\/\/www.centchemins.fr\/index.php?rest_route=\/wp\/v2\/posts"}],"about":[{"href":"https:\/\/www.centchemins.fr\/index.php?rest_route=\/wp\/v2\/types\/post"}],"author":[{"embeddable":true,"href":"https:\/\/www.centchemins.fr\/index.php?rest_route=\/wp\/v2\/users\/3"}],"replies":[{"embeddable":true,"href":"https:\/\/www.centchemins.fr\/index.php?rest_route=%2Fwp%2Fv2%2Fcomments&post=877"}],"version-history":[{"count":1,"href":"https:\/\/www.centchemins.fr\/index.php?rest_route=\/wp\/v2\/posts\/877\/revisions"}],"predecessor-version":[{"id":878,"href":"https:\/\/www.centchemins.fr\/index.php?rest_route=\/wp\/v2\/posts\/877\/revisions\/878"}],"wp:attachment":[{"href":"https:\/\/www.centchemins.fr\/index.php?rest_route=%2Fwp%2Fv2%2Fmedia&parent=877"}],"wp:term":[{"taxonomy":"category","embeddable":true,"href":"https:\/\/www.centchemins.fr\/index.php?rest_route=%2Fwp%2Fv2%2Fcategories&post=877"},{"taxonomy":"post_tag","embeddable":true,"href":"https:\/\/www.centchemins.fr\/index.php?rest_route=%2Fwp%2Fv2%2Ftags&post=877"}],"curies":[{"name":"wp","href":"https:\/\/api.w.org\/{rel}","templated":true}]}}