{"id":887,"date":"2024-06-24T21:42:54","date_gmt":"2024-06-24T20:42:54","guid":{"rendered":"https:\/\/centchemins.fr\/?p=887"},"modified":"2024-06-24T21:42:56","modified_gmt":"2024-06-24T20:42:56","slug":"labondance","status":"publish","type":"post","link":"https:\/\/www.centchemins.fr\/?p=887","title":{"rendered":"L&rsquo;abondance"},"content":{"rendered":"\n\n\n<p align=\"justify\"><span style=\"color: #000000;\"><span style=\"font-family: Times New Roman, serif;\"><span style=\"font-size: medium;\">Il \u00e9tait une fois un petit enfant noir que je rencontrais dans le grand d\u00e9sert d\u2019une ville europ\u00e9enne, \u00e0 mille lieues de mon lieu d\u2019habitation.<\/span><\/span><\/span><\/p>\n<p align=\"justify\"><span style=\"color: #000000;\"><span style=\"font-family: Times New Roman, serif;\"><span style=\"font-size: medium;\">Il avait bien grandi, beau et grand jeune homme \u00e0 l\u2019\u00e9nergie tr\u00e8s solaire, \u00e0 l\u2019\u00e2ge mythique de trente-trois ans. Je l\u2019appellerai B\u00e9atitude pour l\u2019histoire.<\/span><\/span><\/span><\/p>\n<p align=\"justify\"><span style=\"color: #000000;\"><span style=\"font-family: Times New Roman, serif;\"><span style=\"font-size: medium;\">L\u00e0-bas, dans sa tribu africaine, les pr\u00e9noms de chaque enfant ont un sens.<\/span><\/span><\/span><\/p>\n<p align=\"justify\"><span style=\"color: #000000;\"><span style=\"font-family: Times New Roman, serif;\"><span style=\"font-size: medium;\">&#8211; Mon papa \u00e9tait un roi me dit-il ! avec des \u00e9toiles dans les yeux.<\/span><\/span><\/span><\/p>\n<p align=\"justify\"><span style=\"color: #000000;\"><span style=\"font-family: Times New Roman, serif;\"><span style=\"font-size: medium;\">Ce roi avait cinq enfants avec la maman de B\u00e9at, mais \u00abmon papa avait sept femmes\u00bb dit un jour B\u00e9at d\u2019un air provoquant et taquin \u00e0 mon amie fran\u00e7aise offusqu\u00e9e.<\/span><\/span><\/span><\/p>\n<p align=\"justify\"><span style=\"color: #000000;\"><span style=\"font-family: Times New Roman, serif;\"><span style=\"font-size: medium;\">Il avait \u00e9t\u00e9 con\u00e7u \u00e0 Paris para\u00eet-il, par quel hasard ses parents s\u2019y \u00e9taient retrouv\u00e9s\u00a0? Je ne m\u2019en rappelle plus.<\/span><\/span><\/span><\/p>\n<p align=\"justify\"><span style=\"color: #000000;\"><span style=\"font-family: Times New Roman, serif;\"><span style=\"font-size: medium;\">Le papa avait voulu tr\u00e8s vite rentrer dans sa ch\u00e8re Afrique, fuyant ce constat terrible, lui, le noble roi v\u00e9n\u00e9r\u00e9 sur sa terre, avec ces mots terribles\u00a0:<\/span><\/span><\/span><\/p>\n<p align=\"justify\"><span style=\"color: #000000;\"><span style=\"font-family: Times New Roman, serif;\"><span style=\"font-size: medium;\">&#8211; Je ne savais pas que j\u2019\u00e9tais noir\u00a0!<\/span><\/span><\/span><\/p>\n<p align=\"justify\"><span style=\"color: #000000;\"><span style=\"font-family: Times New Roman, serif;\"><span style=\"font-size: medium;\">Ces propos de B\u00e9at m\u2019avaient d\u00e9chir\u00e9 le c\u0153ur en mille morceaux : ne sommes-nous pas au vingt-et-uni\u00e8me si\u00e8cle !?<\/span><\/span><\/span><\/p>\n<p align=\"justify\"><span style=\"color: #000000;\"><span style=\"font-family: Times New Roman, serif;\"><span style=\"font-size: medium;\">Donc B\u00e9at vit le jour sur la terre de ses anc\u00eatres. Il y grandit dans une communion totale avec la nature, ses multiples fr\u00e8res et s\u0153urs, tous les enfants du village, et ses multiples parents, tous les adultes du village.<\/span><\/span><\/span><\/p>\n<p align=\"justify\"><span style=\"color: #000000;\"><span style=\"font-family: Times New Roman, serif;\"><span style=\"font-size: medium;\">&#8211; Tu sais, pendant la saison des pluies, la pluie faisait un bruit du tonnerre sur les t\u00f4les ondul\u00e9es de la maison o\u00f9 je dormais, mais \u00e7a ne m\u2019emp\u00eachait pas de dormir.<\/span><\/span><\/span><\/p>\n<p align=\"justify\"><span style=\"color: #000000;\"><span style=\"font-family: Times New Roman, serif;\"><span style=\"font-size: medium;\">Allait-il \u00e0 l\u2019\u00e9cole l\u00e0-bas\u00a0? Je crois que oui. Mais il \u00e9tait aussi et surtout \u00e0 l\u2019\u00e9cole de la vie.<\/span><\/span><\/span><\/p>\n<p align=\"justify\"><span style=\"color: #000000;\"><span style=\"font-family: Times New Roman, serif;\"><span style=\"font-size: medium;\">&#8211; Tu sais, on \u00e9tait pauvres. Ma grand-m\u00e8re remplissait des bouteilles d\u2019eau en plastique qu\u2019elle congelait et j\u2019allais vendre les gla\u00e7ons au march\u00e9.<\/span><\/span><\/span><\/p>\n<p align=\"justify\"><span style=\"color: #000000;\"><span style=\"font-family: Times New Roman, serif;\"><span style=\"font-size: medium;\">Une autre fois, il me dit\u00a0:<\/span><\/span><\/span><\/p>\n<p align=\"justify\"><span style=\"color: #000000;\"><span style=\"font-family: Times New Roman, serif;\"><span style=\"font-size: medium;\">&#8211; On avait tr\u00e8s peu de viande \u00e0 manger. On avait un cube de rago\u00fbt de deux centim\u00e8tres chacun. On d\u00e9tachait les filaments un par un pour les savourer et qu\u2019ils durent plus longtemps.<\/span><\/span><\/span><\/p>\n<p align=\"justify\"><span style=\"color: #000000;\"><span style=\"font-family: Times New Roman, serif;\"><span style=\"font-size: medium;\">Mon Petit Prince.<\/span><\/span><\/span><\/p>\n<p align=\"justify\"><span style=\"color: #000000;\"><span style=\"font-family: Times New Roman, serif;\"><span style=\"font-size: medium;\">Il y avait tellement d\u2019enthousiasme en toi que tu illuminais mon coeur. J\u2019\u00e9tais toute \u00e0 la fois \u00e9merveill\u00e9e, fascin\u00e9e, attendrie\u00a0; parfois aussi, je frissonnais d\u2019inqui\u00e9tude malgr\u00e9 tes grands \u00e9clats de rire.<\/span><\/span><\/span><\/p>\n<p align=\"justify\"><span style=\"color: #000000;\"><span style=\"font-family: Times New Roman, serif;\"><span style=\"font-size: medium;\">Tu savais si bien m\u2019emmener dans ton univers si lumineux.<\/span><\/span><\/span><\/p>\n<p align=\"justify\"><span style=\"color: #000000;\"><span style=\"font-family: Times New Roman, serif;\"><span style=\"font-size: medium;\">Ta maman, ayant go\u00fbt\u00e9 au monde dit \u00abcivilis\u00e9\u00bb, prit un jour ses cinq enfants sous le bras et revint en Europe. Tu devais avoir quatorze ans je crois.<\/span><\/span><\/span><\/p>\n<p align=\"justify\"><span style=\"color: #000000;\"><span style=\"font-family: Times New Roman, serif;\"><span style=\"font-size: medium;\">Par je ne sais quel miracle (mais \u00e9tait-il bienveillant ce miracle\u00a0?) elle tomba sur un homme au grand coeur qui vous fit faire des \u00e9tudes.<\/span><\/span><\/span><\/p>\n<p align=\"justify\"><span style=\"color: #000000;\"><span style=\"font-family: Times New Roman, serif;\"><span style=\"font-size: medium;\">Et toi, le petit sauvageon qui courait aussi vite que le gu\u00e9pard, tu fis de brillantes \u00e9tudes, ainsi que tes fr\u00e8res et s\u0153urs.<\/span><\/span><\/span><\/p>\n<p align=\"justify\"><span style=\"color: #000000;\"><span style=\"font-family: Times New Roman, serif;\"><span style=\"font-size: medium;\">Apr\u00e8s l\u2019universit\u00e9, un cabinet d\u2019avocats renomm\u00e9 t\u2019embaucha. Tous les matins avant de te rendre au travail, habill\u00e9 comme le prince que tu \u00e9tais, tu allais \u00e0 la messe remercier Dieu. Dans tes r\u00eaves mirobolants, tu voulais changer l\u2019ordre du monde. Pour cela, tu avais ouvert une agence de journalisme et r\u00e9ussi \u00e0 t\u2019enfiler \u00e0 l\u2019ONU.<\/span><\/span><\/span><\/p>\n<p align=\"justify\"><span style=\"color: #000000;\"><span style=\"font-family: Times New Roman, serif;\"><span style=\"font-size: medium;\">&#8211; Tu vois l\u00e0 Claudine\u00a0!? C\u2019est moi l\u00e0, avec l\u2019ambassadeur\u00a0! Me dit-il en me montrant la photo sur son portable, tout fier d\u2019\u00eatre si pr\u00e8s du but.<\/span><\/span><\/span><\/p>\n<p align=\"justify\"><span style=\"color: #000000;\"><span style=\"font-family: Times New Roman, serif;\"><span style=\"font-size: medium;\">&#8211; Et j\u2019ai rendez-vous avec neuf autres pour des interviews. J\u2019ai vendu mon prochain reportage \u00e0 des cha\u00eenes de t\u00e9l\u00e9vision africaines.<\/span><\/span><\/span><\/p>\n<p align=\"justify\"><span style=\"color: #000000;\"><span style=\"font-family: Times New Roman, serif;\"><span style=\"font-size: medium;\">Ouh l\u00e0\u00a0! A ces mots, mon sang s\u2019est glac\u00e9\u00a0: on n\u2019envoie pas un boulet rouge dans la cour de r\u00e9cr\u00e9 des grands de ce monde sans repr\u00e9sailles.<\/span><\/span><\/span><\/p>\n<p align=\"justify\"><span style=\"color: #000000;\"><span style=\"font-family: Times New Roman, serif;\"><span style=\"font-size: medium;\">&#8211; Attention \u00e0 ta vie mon cher B\u00e9at\u00a0!<\/span><\/span><\/span><\/p>\n<p align=\"justify\"><span style=\"color: #000000;\"><span style=\"font-family: Times New Roman, serif;\"><span style=\"font-size: medium;\">Mais il n\u2019entendait pas mes mises en garde, tellement occup\u00e9 \u00e0 l\u2019\u00e9merveillement et \u00e0 vouloir sauver le monde.<br \/><\/span><\/span><\/span><\/p>\n<p align=\"justify\"><span style=\"color: #000000;\"><span style=\"font-family: Times New Roman, serif;\"><span style=\"font-size: medium;\">&#8211; Tu te rends compte Claudine\u00a0?! J\u2019appuie sur un bouton et toutes les voitures s\u2019arr\u00eatent, pour que moi, je traverse\u00a0!!!<\/span><\/span><\/span><\/p>\n<p align=\"justify\"><span style=\"color: #000000;\"><span style=\"font-family: Times New Roman, serif;\"><span style=\"font-size: medium;\">Non, moi je ne me rendais plus compte. Pour moi c\u2019\u00e9tait un geste banal, quotidien, insignifiant. Je dus r\u00e9fl\u00e9chir pour comprendre son cheminement.<\/span><\/span><\/span><\/p>\n<p align=\"justify\"><span style=\"color: #000000;\"><span style=\"font-family: Times New Roman, serif;\"><span style=\"font-size: medium;\">Pour lui, il <i>ordonnait<\/i> au monde de s\u2019arr\u00eater en appuyant sur le feu du passage pi\u00e9tons, et le monde <i>s\u2019arr\u00eatait<\/i> pour <i>le<\/i> laisser passer.<\/span><\/span><\/span><\/p>\n<p align=\"justify\"><span style=\"color: #000000;\"><span style=\"font-family: Times New Roman, serif;\"><span style=\"font-size: medium;\">Dans son immense g\u00e9n\u00e9rosit\u00e9, il prit au pied lev\u00e9 le r\u00f4le de papa d\u2019un adorable petit bonhomme \u00e0 na\u00eetre, \u00e0 qui il donna bient\u00f4t un petit fr\u00e8re.<\/span><\/span><\/span><\/p>\n<p align=\"justify\"><span style=\"color: #000000;\"><span style=\"font-family: Times New Roman, serif;\"><span style=\"font-size: medium;\">Il se battait comme un lion pour porter et nourrir sa petite famille. Il essaya de hisser la toute jeune maman \u00e0 sa compr\u00e9hension du monde, mais sans y parvenir. Je crois que cela lui brisa le coeur.<\/span><\/span><\/span><\/p>\n<p align=\"justify\"><span style=\"color: #000000;\"><span style=\"font-family: Times New Roman, serif;\"><span style=\"font-size: medium;\">Je l\u2019ai emmen\u00e9 dans mon univers, pensant que les miens s\u2019enthousiasmeraient tout comme moi de sa f\u00e9licit\u00e9. Nous nous f\u00eemes alors miroir.<\/span><\/span><\/span><\/p>\n<p align=\"justify\"><span style=\"color: #000000;\"><span style=\"font-family: Times New Roman, serif;\"><span style=\"font-size: medium;\">Cet \u00eatre solaire n\u2019illumina que mon petit-fils de sept ans.<\/span><\/span><\/span><\/p>\n<p align=\"justify\"><span style=\"color: #000000;\"><span style=\"font-family: Times New Roman, serif;\"><span style=\"font-size: medium;\">Mes \u00abgrands\u00bb, chers \u00e0 mon c\u0153ur, me regardaient avec un air bienveillant se voulant protecteur :<\/span><\/span><\/span><\/p>\n<p align=\"justify\"><span style=\"color: #000000;\"><span style=\"font-family: Times New Roman, serif;\"><span style=\"font-size: medium;\">&#8211; H\u00e9\u00a0! Redescendez de votre plan\u00e8te vous deux\u00a0!<\/span><\/span><\/span><\/p>\n<p align=\"justify\"><span style=\"color: #000000;\"><span style=\"font-family: Times New Roman, serif;\"><span style=\"font-size: medium;\">Je n\u2019en avais pas envie. Je voulais voir le monde avec ses yeux \u00e0 lui, m\u00eame si son regard n\u2019avait aucune complaisance contrairement au mien. Je voulais voir le monde avec ses yeux, car il avait le regard mirifique de mon enfance.<\/span><\/span><\/span><\/p>\n<p align=\"justify\"><span style=\"color: #000000;\"><span style=\"font-family: Times New Roman, serif;\"><span style=\"font-size: medium;\">Je pris \u00e0 bras-le-corps une \u0153uvre humanitaire, avec la certitude de son soutien et de pouvoir r\u00e9aliser son million de merveilleuses id\u00e9es.<\/span><\/span><\/span><\/p>\n<p align=\"justify\"><span style=\"color: #000000;\"><span style=\"font-family: Times New Roman, serif;\"><span style=\"font-size: medium;\">Je percevais aussi son mal-\u00eatre grandissant. Trop, tout \u00e9tait TROP\u00a0! Il \u00e9tait mont\u00e9 trop haut, il avait trop port\u00e9, subi trop de d\u00e9sillusions.<\/span><\/span><\/span><\/p>\n<p align=\"justify\"><span style=\"color: #000000;\"><span style=\"font-family: Times New Roman, serif;\"><span style=\"font-size: medium;\">Et brutalement, \u00e0 la veille de P\u00e2ques, il disparut de la surface de la terre.<\/span><\/span><\/span><\/p>\n<p align=\"justify\"><span style=\"color: #000000;\"><span style=\"font-family: Times New Roman, serif;\"><span style=\"font-size: medium;\">Une fois d\u00e9j\u00e0 auparavant, je l\u2019avais cherch\u00e9 en remuant ciel et terre, pour le hisser \u00e0 nouveau \u00e0 la lumi\u00e8re.<\/span><\/span><\/span><\/p>\n<p align=\"justify\"><span style=\"color: #000000;\"><span style=\"font-family: Times New Roman, serif;\"><span style=\"font-size: medium;\">Cette seconde fois, je compris que c\u2019\u00e9tait inutile. L\u2019abondance l\u2019avait vaincu.<\/span><\/span><\/span><\/p>\n<p align=\"justify\"><span style=\"color: #000000;\"><span style=\"font-family: Times New Roman, serif;\"><span style=\"font-size: medium;\">Mon Petit Prince, cher B\u00e9atitude\u00a0!<\/span><\/span><\/span><\/p>\n<p align=\"justify\"><span style=\"color: #000000;\"><span style=\"font-family: Times New Roman, serif;\"><span style=\"font-size: medium;\">Tu es all\u00e9 au-del\u00e0 du point d\u2019\u00e9quilibre et tu as bascul\u00e9 dans le vide.<\/span><\/span><\/span><\/p>\n<p align=\"justify\"><span style=\"color: #000000;\"><span style=\"font-family: Times New Roman, serif;\"><span style=\"font-size: medium;\">Je n\u2019ai pas su te retenir, moi l\u2019adulte, la m\u00e8re, la r\u00eaveuse, l\u2019aveugl\u00e9e par l\u2019abondance, la blas\u00e9e. Je n\u2019ai pas su pr\u00e9venir ta chute, te prot\u00e9ger de toi-m\u00eame.<\/span><\/span><\/span><\/p>\n<p align=\"justify\"><span style=\"color: #000000;\"><span style=\"font-family: Times New Roman, serif;\"><span style=\"font-size: medium;\">Pardonne-moi.<\/span><\/span><\/span><\/p>\n<p align=\"justify\"><span style=\"color: #000000;\"><span style=\"font-family: Times New Roman, serif;\"><span style=\"font-size: medium;\">Tu es et seras toujours <i>mon<\/i> Petit Prince, \u00e0 qui tu ressembles tellement.<\/span><\/span><\/span><\/p>\n<p align=\"justify\"><span style=\"color: #000000;\"><span style=\"font-family: Times New Roman, serif;\"><span style=\"font-size: medium;\">Je sais que tu es remont\u00e9 sur le fil de la vie. Je l\u2019esp\u00e8re plus stable cette fois.<\/span><\/span><\/span><\/p>\n<p align=\"justify\"><span style=\"font-family: Times New Roman, serif;\"><span style=\"font-size: medium;\">Namast\u00e9<\/span><\/span><i> <\/i><\/p>\n","protected":false},"excerpt":{"rendered":"<p>Il \u00e9tait une fois un petit enfant noir que je rencontrais dans le grand d\u00e9sert d\u2019une ville europ\u00e9enne, \u00e0 mille lieues de mon lieu d\u2019habitation. Il avait bien grandi, beau et grand jeune homme \u00e0 l\u2019\u00e9nergie tr\u00e8s solaire, \u00e0 l\u2019\u00e2ge mythique de trente-trois ans. Je l\u2019appellerai B\u00e9atitude pour l\u2019histoire. L\u00e0-bas, dans sa tribu africaine, les [&hellip;]<\/p>\n","protected":false},"author":3,"featured_media":0,"comment_status":"open","ping_status":"closed","sticky":false,"template":"","format":"standard","meta":{"footnotes":""},"categories":[1],"tags":[],"class_list":["post-887","post","type-post","status-publish","format-standard","hentry","category-non-classe"],"views":304,"_links":{"self":[{"href":"https:\/\/www.centchemins.fr\/index.php?rest_route=\/wp\/v2\/posts\/887","targetHints":{"allow":["GET"]}}],"collection":[{"href":"https:\/\/www.centchemins.fr\/index.php?rest_route=\/wp\/v2\/posts"}],"about":[{"href":"https:\/\/www.centchemins.fr\/index.php?rest_route=\/wp\/v2\/types\/post"}],"author":[{"embeddable":true,"href":"https:\/\/www.centchemins.fr\/index.php?rest_route=\/wp\/v2\/users\/3"}],"replies":[{"embeddable":true,"href":"https:\/\/www.centchemins.fr\/index.php?rest_route=%2Fwp%2Fv2%2Fcomments&post=887"}],"version-history":[{"count":1,"href":"https:\/\/www.centchemins.fr\/index.php?rest_route=\/wp\/v2\/posts\/887\/revisions"}],"predecessor-version":[{"id":888,"href":"https:\/\/www.centchemins.fr\/index.php?rest_route=\/wp\/v2\/posts\/887\/revisions\/888"}],"wp:attachment":[{"href":"https:\/\/www.centchemins.fr\/index.php?rest_route=%2Fwp%2Fv2%2Fmedia&parent=887"}],"wp:term":[{"taxonomy":"category","embeddable":true,"href":"https:\/\/www.centchemins.fr\/index.php?rest_route=%2Fwp%2Fv2%2Fcategories&post=887"},{"taxonomy":"post_tag","embeddable":true,"href":"https:\/\/www.centchemins.fr\/index.php?rest_route=%2Fwp%2Fv2%2Ftags&post=887"}],"curies":[{"name":"wp","href":"https:\/\/api.w.org\/{rel}","templated":true}]}}