{"id":897,"date":"2024-09-26T20:29:00","date_gmt":"2024-09-26T19:29:00","guid":{"rendered":"https:\/\/centchemins.fr\/?p=897"},"modified":"2024-09-29T20:49:20","modified_gmt":"2024-09-29T19:49:20","slug":"mon-apres-memoire-ud","status":"publish","type":"post","link":"https:\/\/www.centchemins.fr\/?p=897","title":{"rendered":"Mon \u00ab\u00a0apr\u00e8s m\u00e9moire\u00a0\u00bb UD"},"content":{"rendered":"\n<p align=\"justify\"><span style=\"color: #000000;\"><span style=\"font-family: Times New Roman, serif;\"><span style=\"font-size: medium;\">Je comprends initialement ce m\u00e9moire comme preuve de compr\u00e9hension et d\u2019acquisition de l\u2019enseignement de l\u2019Art de la Relation<\/span><\/span><\/span><span style=\"color: #000000;\"><span style=\"font-family: Times New Roman, serif;\"><span style=\"font-size: medium;\"><sup>\u00a9<\/sup><\/span><\/span><\/span><span style=\"color: #000000;\"><span style=\"font-family: Times New Roman, serif;\"><span style=\"font-size: medium;\">.<\/span><\/span><\/span><\/p>\n<p align=\"justify\"><span style=\"color: #000000;\"><span style=\"font-family: Times New Roman, serif;\"><span style=\"font-size: medium;\">Cela cr\u00e9e une dichotomie dans mon ressenti. Encore une fois, faut-il sortir du concept de la dualit\u00e9 par ce concept de ce que je con\u00e7ois comme un examen de plus\u00a0?<\/span><\/span><\/span><\/p>\n<p align=\"justify\"><span style=\"color: #000000;\"><span style=\"font-family: Times New Roman, serif;\"><span style=\"font-size: medium;\">Pouss\u00e9e par cette puissante envie de comprendre l\u2019incompr\u00e9hensible, je m\u2019attelle bon gr\u00e9, mal gr\u00e9, \u00e0 ce labeur.<\/span><\/span><\/span><\/p>\n<p align=\"justify\"><span style=\"color: #000000;\"><span style=\"font-family: Times New Roman, serif;\"><span style=\"font-size: medium;\">Je n\u2019y vais pas avec mon mental. Je m\u2019isole et plonge dans mon ressenti au point de faire abstraction du froid de la maison qui m\u2019accueille\u00a0: quinze degr\u00e9s nuit et jour. Trois pulls et un espace-temps plus tard, je ressors avec mes pages construites, sans grande conviction du m\u00e9moire accompli par un volume de mots jet\u00e9s sur mon ordinateur. Pourtant, je pr\u00e9f\u00e8re, et de loin, la griffure de l\u2019encre sur une feuille de papier, mais il m\u2019aurait fallu tripler mon temps d\u2019isolement.<\/span><\/span><\/span><\/p>\n<p align=\"justify\"><span style=\"color: #000000;\"><span style=\"font-family: Times New Roman, serif;\"><span style=\"font-size: medium;\">Cette exp\u00e9rience informatique me confirme un autre frein imaginaire. Tout va bien, tout coule sous mes doigts, quel que soit le fond, la forme est l\u00e0.<\/span><\/span><\/span><\/p>\n<p align=\"justify\"><span style=\"color: #000000;\"><span style=\"font-family: Times New Roman, serif;\"><span style=\"font-size: medium;\">Je suis port\u00e9e par une chanson r\u00e9cemment entendue\u00a0: \u00abShallow\u00bb, la surface. <i>Or do you need more\u00a0?!<\/i> Oui\u00a0! J\u2019ai besoin de plus, plus haut, plus loin, que cette apparente r\u00e9alit\u00e9 qui n\u2019a jamais, mais vraiment jamais correspondu \u00e0 mon \u00ab\u00eatre\u00bb, ce moi toujours d\u00e9cal\u00e9 au regard du poussin de six jours qui d\u00e9couvre un univers \u00e9trange.<\/span><\/span><\/span><\/p>\n<p align=\"justify\"><span style=\"color: #000000;\"><span style=\"font-family: Times New Roman, serif;\"><span style=\"font-size: medium;\">Cette \u00absurface\u00bb vibre tellement en moi\u00a0; ce voile \u00e9pais qui me cache les profondeurs et les hauteurs que C\u00e9cile nous explique avec patience, douceur et d\u00e9termination. <i>Je veux y aller, et tous les chemins me sont bons, m\u00eame ce m\u00e9moire arrach\u00e9 \u00e0 ma volont\u00e9.<\/i><\/span><\/span><\/span><\/p>\n<p align=\"justify\"><span style=\"color: #000000;\"><span style=\"font-family: Times New Roman, serif;\"><span style=\"font-size: medium;\">Le jour de la pr\u00e9sentation arrive. J\u2019ai pr\u00e9par\u00e9 une petite mise en sc\u00e8ne qui me repr\u00e9sente, plus que le m\u00e9moire lui-m\u00eame. Je n\u2019en mentionne que le titre, ou si peu de plus.<\/span><\/span><\/span><\/p>\n<p align=\"justify\"><span style=\"color: #000000;\"><span style=\"font-family: Times New Roman, serif;\"><span style=\"font-size: medium;\">Comme la main qui assurait l\u2019\u00e9quilibre de mon v\u00e9lo \u00e0 six ans, C\u00e9cile me guide\u00a0: roule Claudine, p\u00e9dale, je suis l\u00e0, oui vas-y, tu y es presque\u00a0!<\/span><\/span><\/span><\/p>\n<p align=\"justify\"><span style=\"color: #000000;\"><span style=\"font-family: Times New Roman, serif;\"><span style=\"font-size: medium;\">Elle me pousse avec bienveillance devant \u00abmon mur\u00bb, ma surface opaque\u00a0:<\/span><\/span><\/span><\/p>\n<p align=\"justify\"><span style=\"color: #000000;\"><span style=\"font-family: Times New Roman, serif;\"><span style=\"font-size: medium;\">&#8211; Tu re\u00e7ois tes textes Claudine\u00a0?<\/span><\/span><\/span><\/p>\n<p align=\"justify\"><span style=\"color: #000000;\"><span style=\"font-family: Times New Roman, serif;\"><span style=\"font-size: medium;\">&#8211; Oui\u00a0!<\/span><\/span><\/span><\/p>\n<p align=\"justify\"><span style=\"color: #000000;\"><span style=\"font-family: Times New Roman, serif;\"><span style=\"font-size: medium;\">&#8211; Tu re\u00e7ois tes textes\u00a0?<\/span><\/span><\/span><\/p>\n<p align=\"justify\"><span style=\"color: #000000;\"><span style=\"font-family: Times New Roman, serif;\"><span style=\"font-size: medium;\">&#8211; \u2026 hmm\u2026 oui \u2026<\/span><\/span><\/span><\/p>\n<p align=\"justify\"><span style=\"color: #000000;\"><span style=\"font-family: Times New Roman, serif;\"><span style=\"font-size: medium;\">&#8211; Tu les re\u00e7ois\u00a0!?<\/span><\/span><\/span><\/p>\n<p align=\"justify\"><span style=\"color: #000000;\"><span style=\"font-family: Times New Roman, serif;\"><span style=\"font-size: medium;\"><i>Une pens\u00e9e\u00a0: \u00e7<\/i><i>a ne doit pas \u00eatre ce \u00aboui\u00bb la bonne r\u00e9ponse.<\/i> Le mur explose\u00a0!<\/span><\/span><\/span><\/p>\n<p align=\"justify\"><span style=\"color: #000000;\"><span style=\"font-family: Times New Roman, serif;\"><span style=\"font-size: medium;\">&#8211; Je <i>suis<\/i> mes textes\u00a0!!!<\/span><\/span><\/span><\/p>\n<p align=\"justify\"><span style=\"color: #000000;\"><span style=\"font-family: Times New Roman, serif;\"><span style=\"font-size: medium;\">&#8211; Oui Claudine\u00a0! C\u2019est cela\u00a0! Tu <i>es<\/i> tes textes.<\/span><\/span><\/span><\/p>\n<p align=\"justify\"><span style=\"color: #000000;\"><span style=\"font-family: Times New Roman, serif;\"><span style=\"font-size: medium;\">Une grande joie m\u2019envahit, comme en ce jour de mes six ans o\u00f9 papa a cess\u00e9 de courir pour tenir mon v\u00e9lo en \u00e9quilibre sans que je ne m\u2019en aper\u00e7oive.<\/span><\/span><\/span><\/p>\n<p align=\"justify\"><span style=\"color: #000000;\"><span style=\"font-family: Times New Roman, serif;\"><span style=\"font-size: medium;\">Je p\u00e9dale et me tiens droite comme ce merveilleux i couronn\u00e9 d\u2019un point\u00a0!<\/span><\/span><\/span><\/p>\n<p align=\"justify\"><span style=\"color: #000000;\"><span style=\"font-family: Times New Roman, serif;\"><span style=\"font-size: medium;\">Je roule, je respire, je m\u2019expands. Je d\u00e9couvre une libert\u00e9 nouvelle qui fond la mati\u00e8re, mon environnement, mon moment pr\u00e9sent en millions de particules volatiles et insaisissables. Une nouvelle fois, ce ressenti de non-s\u00e9paration.<\/span><\/span><\/span><\/p>\n<p align=\"justify\"><span style=\"color: #000000;\"><span style=\"font-family: Times New Roman, serif;\"><span style=\"font-size: medium;\">Quelque chose de \u00abphysique\u00bb l\u00e2che en moi \u00e0 cet instant o\u00f9 j\u2019\u00e9nonce publiquement \u00abje <i>suis<\/i> mes textes\u00bb.<\/span><\/span><\/span><\/p>\n<p align=\"justify\"><span style=\"color: #000000;\"><span style=\"font-family: Times New Roman, serif;\"><span style=\"font-size: medium;\">La toux qui perturbait mes jours et mes nuits depuis tellement d\u2019ann\u00e9es cesse. Les allergies alimentaires se tiennent en sourdine malgr\u00e9 mes petits \u00e9carts. Mais le plus important\u00a0: mon regard a chang\u00e9, mon ressenti a chang\u00e9, mon \u00ab\u00eatre, je suis\u00bb a chang\u00e9, plus calme, plus pos\u00e9, comme grandi. <\/span><\/span><\/span><\/p>\n<p align=\"justify\"><span style=\"color: #000000;\"><span style=\"font-family: Times New Roman, serif;\"><span style=\"font-size: medium;\">Les lentilles d\u2019eau qui recouvraient <i>la surface<\/i> de la mare o\u00f9 je pataugeais ont disparu, faisant place au miroir pur de la surface d\u2019un lac de montagne o\u00f9 se refl\u00e8tent les sommets et les vols des oiseaux, d\u00e9voilant aussi les galets et les poissons dans son eau cristalline.<\/span><\/span><\/span><\/p>\n<p align=\"justify\"><span style=\"color: #000000;\"><span style=\"font-family: Times New Roman, serif;\"><span style=\"font-size: medium;\"><i>Ma vision<\/i> de la r\u00e9alit\u00e9 telle que pr\u00e9sent\u00e9e a pris d\u2019autres dimensions, d\u2019autres perspectives qui attendaient, latentes, au creux de mon coeur.<\/span><\/span><\/span><\/p>\n<p align=\"justify\"><span style=\"color: #000000;\"><span style=\"font-family: Times New Roman, serif;\"><span style=\"font-size: medium;\">Comme l\u2019instant T qui a conduit \u00e0 mon \u00e9quilibre en v\u00e9lo, il y a cet instant T qui a ouvert mon armure personnelle et conceptuelle qui m\u2019\u00e9touffait.<\/span><\/span><\/span><\/p>\n<p align=\"justify\"><span style=\"color: #000000;\"><span style=\"font-family: Times New Roman, serif;\"><span style=\"font-size: medium;\">Je ne suis qu\u2019au tout d\u00e9but de cet Autre Chemin.<\/span><\/span><\/span><\/p>\n<p align=\"justify\"><span style=\"font-family: Times New Roman, serif;\"><span style=\"font-size: medium;\">Namast\u00e9<\/span><\/span><\/p>\n<p align=\"justify\"><span style=\"font-size: medium;\">Claudine<\/span><i> <\/i><\/p>\n<p align=\"justify\"><span style=\"font-family: Cambria, serif;\"><span style=\"font-size: small;\"><span style=\"color: #000000;\"><span style=\"font-family: Times New Roman, serif;\"><span style=\"font-size: medium;\"><i>P<\/i><\/span><\/span><\/span><span style=\"color: #000000;\"><span style=\"font-family: Times New Roman, serif;\"><span style=\"font-size: medium;\"><i>S\u00a0: j\u2019ai pr\u00e9sent\u00e9 ce m\u00e9moire en d\u00e9cembre 2023. Petit \u00e0 petit, les transformations observables arrivent ind\u00e9pendamment de ma volont\u00e9 propre.<\/i><\/span><\/span><\/span><\/span><\/span><\/p>\n<p align=\"justify\"><span style=\"color: #000000;\"><span style=\"font-family: Cambria, serif;\"><span style=\"font-size: small;\"><i><span style=\"font-family: Times New Roman, serif;\"><span style=\"font-size: medium;\">PS bis\u00a0: Je comprends en \u00e9crivant ces mots l\u2019envie visc\u00e9rale qui m\u2019a pouss\u00e9e \u00e0 acheter un v\u00e9lo et \u00e0 en <\/span><\/span><span style=\"font-family: Times New Roman, serif;\"><span style=\"font-size: medium;\">pratiquer<\/span><\/span><span style=\"font-family: Times New Roman, serif;\"><span style=\"font-size: medium;\"> avec <\/span><\/span><span style=\"font-family: Times New Roman, serif;\"><span style=\"font-size: medium;\">une <\/span><\/span><span style=\"font-family: Times New Roman, serif;\"><span style=\"font-size: medium;\">joie <\/span><\/span><span style=\"font-family: Times New Roman, serif;\"><span style=\"font-size: medium;\">indicible<\/span><\/span><span style=\"font-family: Times New Roman, serif;\"><span style=\"font-size: medium;\">\u00a0!<\/span><\/span><\/i><\/span><\/span><\/span><\/p>\n","protected":false},"excerpt":{"rendered":"<p>Je comprends initialement ce m\u00e9moire comme preuve de compr\u00e9hension et d\u2019acquisition de l\u2019enseignement de l\u2019Art de la Relation\u00a9. Cela cr\u00e9e une dichotomie dans mon ressenti. Encore une fois, faut-il sortir du concept de la dualit\u00e9 par ce concept de ce que je con\u00e7ois comme un examen de plus\u00a0? Pouss\u00e9e par cette puissante envie de comprendre [&hellip;]<\/p>\n","protected":false},"author":3,"featured_media":0,"comment_status":"open","ping_status":"closed","sticky":false,"template":"","format":"standard","meta":{"footnotes":""},"categories":[1],"tags":[],"class_list":["post-897","post","type-post","status-publish","format-standard","hentry","category-non-classe"],"views":294,"_links":{"self":[{"href":"https:\/\/www.centchemins.fr\/index.php?rest_route=\/wp\/v2\/posts\/897","targetHints":{"allow":["GET"]}}],"collection":[{"href":"https:\/\/www.centchemins.fr\/index.php?rest_route=\/wp\/v2\/posts"}],"about":[{"href":"https:\/\/www.centchemins.fr\/index.php?rest_route=\/wp\/v2\/types\/post"}],"author":[{"embeddable":true,"href":"https:\/\/www.centchemins.fr\/index.php?rest_route=\/wp\/v2\/users\/3"}],"replies":[{"embeddable":true,"href":"https:\/\/www.centchemins.fr\/index.php?rest_route=%2Fwp%2Fv2%2Fcomments&post=897"}],"version-history":[{"count":2,"href":"https:\/\/www.centchemins.fr\/index.php?rest_route=\/wp\/v2\/posts\/897\/revisions"}],"predecessor-version":[{"id":900,"href":"https:\/\/www.centchemins.fr\/index.php?rest_route=\/wp\/v2\/posts\/897\/revisions\/900"}],"wp:attachment":[{"href":"https:\/\/www.centchemins.fr\/index.php?rest_route=%2Fwp%2Fv2%2Fmedia&parent=897"}],"wp:term":[{"taxonomy":"category","embeddable":true,"href":"https:\/\/www.centchemins.fr\/index.php?rest_route=%2Fwp%2Fv2%2Fcategories&post=897"},{"taxonomy":"post_tag","embeddable":true,"href":"https:\/\/www.centchemins.fr\/index.php?rest_route=%2Fwp%2Fv2%2Ftags&post=897"}],"curies":[{"name":"wp","href":"https:\/\/api.w.org\/{rel}","templated":true}]}}