{"id":901,"date":"2024-09-30T12:28:00","date_gmt":"2024-09-30T11:28:00","guid":{"rendered":"https:\/\/centchemins.fr\/?p=901"},"modified":"2024-10-01T12:34:01","modified_gmt":"2024-10-01T11:34:01","slug":"la-creation-divine","status":"publish","type":"post","link":"https:\/\/www.centchemins.fr\/?p=901","title":{"rendered":"La cr\u00e9ation divine"},"content":{"rendered":"\n\n\n<p align=\"center\"><span style=\"color: #000000;\"><span style=\"font-family: Times New Roman, serif;\"><span style=\"font-size: medium;\">La cr\u00e9ation divine<\/span><\/span><\/span><\/p>\n<p align=\"justify\"><span style=\"color: #000000;\"><span style=\"font-family: Times New Roman, serif;\"><span style=\"font-size: medium;\">La cr\u00e9ation divine\u00a0: la Terre, les oc\u00e9ans, le ciel, les \u00e9toiles, le soleil, l\u2019eau, l\u2019air, les poissons, les oiseaux, les animaux, les arbres, les prairies, les montagnes, les rivi\u00e8res, les lacs, les sources, les fruits, les l\u00e9gumes, l\u2019expansion, la multiplication, l\u2019amour inconditionnel\u2026 et les humains.<\/span><\/span><\/span><\/p>\n<p align=\"justify\"><span style=\"color: #000000;\"><span style=\"font-family: Times New Roman, serif;\"><span style=\"font-size: medium;\">La cr\u00e9ation humaine\u00a0: les voitures, les avions, les meubles, la nourriture transform\u00e9e, les routes, les buildings, les armes, la chimie, l\u2019enseignement conditionn\u00e9, les soins conditionnels, la torture, les concepts, les diff\u00e9rences, la jalousie, les d\u00e9r\u00e8glements climatiques, l\u2019exploitation, l\u2019inconscience\u2026 et le chocolat.<\/span><\/span><\/span><\/p>\n<p align=\"justify\"><span style=\"color: #000000;\"><span style=\"font-family: Times New Roman, serif;\"><span style=\"font-size: medium;\">J\u2019entre dans le silence de mon \u00e2me, au creux de mon corps, par l\u2019expression de mon ressenti.<\/span><\/span><\/span><\/p>\n<p align=\"justify\"><span style=\"color: #000000;\"><span style=\"font-family: Times New Roman, serif;\"><span style=\"font-size: medium;\">Quelle diff\u00e9rence entre les deux niveaux de cr\u00e9ation\u00a0: le voile de l\u2019oubli de Qui je suis.<\/span><\/span><\/span><\/p>\n<p align=\"justify\"><span style=\"color: #000000;\"><span style=\"font-family: Times New Roman, serif;\"><span style=\"font-size: medium;\">A quel moment ai-je permis \u00e0 mon \u00e2me de s\u2019exprimer en tant qu\u2019\u00e2me\u00a0?<\/span><\/span><\/span><\/p>\n<p align=\"justify\"><span style=\"color: #000000;\"><span style=\"font-family: Times New Roman, serif;\"><span style=\"font-size: medium;\">Elle n\u2019a d\u2019autre choix que de le faire \u00e0 travers moi, mais quand est-ce que je sors du pouvoir pour \u00eatre\u00a0?!<\/span><\/span><\/span><\/p>\n<p align=\"justify\"><span style=\"color: #000000;\"><span style=\"font-family: Times New Roman, serif;\"><span style=\"font-size: medium;\">Quand mes pens\u00e9es sont calmes, ma\u00eetris\u00e9es, que je ne leur laisse plus le devant de la sc\u00e8ne, mon \u00e2me peut s\u2019exprimer (le<i> \u00abJe suis mes <\/i><i>t<\/i><i>extes\u00bb <\/i>de C\u00e9cile).<\/span><\/span><\/span><\/p>\n<p align=\"justify\"><span style=\"color: #000000;\"><span style=\"font-family: Times New Roman, serif;\"><span style=\"font-size: medium;\">Quand je renie la Source en moi, je laisse la matrice me diriger. Elle m\u2019apprend ce que je ne suis pas en r\u00e9alit\u00e9, me pousse \u00e0 douter, \u00e0 chuter. Le tout petit enfant se sent ma\u00eetre du monde, jusqu\u2019\u00e0 ce qu\u2019on le conditionne.<\/span><\/span><\/span><\/p>\n<p align=\"justify\"><span style=\"color: #000000;\"><span style=\"font-family: Times New Roman, serif;\"><span style=\"font-size: medium;\">Je me sens grandie quand je comprends comment laisser mon \u00e2me s\u2019exprimer.<\/span><\/span><\/span><\/p>\n<p align=\"justify\"><span style=\"color: #000000;\"><span style=\"font-family: Times New Roman, serif;\"><span style=\"font-size: medium;\">Tout est vibration. La maladie est une vibration basse. Quand ma vibration est haute, la maladie ne peut pas m\u2019atteindre, ni les injonctions stupides qui pensent me soumettre.<\/span><\/span><\/span><\/p>\n<p align=\"justify\"><span style=\"color: #000000;\"><span style=\"font-family: Times New Roman, serif;\"><span style=\"font-size: medium;\">Quand mon cerveau prend le pouvoir sur mon coeur, ma r\u00e9flexion me coupe de mon intuition.<\/span><\/span><\/span><\/p>\n<p align=\"justify\"><span style=\"color: #000000;\"><span style=\"font-family: Times New Roman, serif;\"><span style=\"font-size: medium;\">Comment faire pour arr\u00eater de penser\u00a0?!<\/span><\/span><\/span><\/p>\n<p align=\"justify\"><span style=\"color: #000000;\"><span style=\"font-family: Times New Roman, serif;\"><span style=\"font-size: medium;\">Grande question primordiale\u00a0! La cl\u00e9 de l\u2019auto-lib\u00e9ration. Je ne peux arr\u00eater de penser, je peux juste prendre conscience de mes pens\u00e9es, les reconna\u00eetre\u00a0: celles qui \u00e9l\u00e8vent mes vibrations versus celles qui les abaissent.<\/span><\/span><\/span><\/p>\n<p align=\"justify\"><span style=\"color: #000000;\"><span style=\"font-family: Times New Roman, serif;\"><span style=\"font-size: medium;\">Mais comment proc\u00e9der\u00a0?!<\/span><\/span><\/span><\/p>\n<p align=\"justify\"><span style=\"color: #000000;\"><span style=\"font-family: Times New Roman, serif;\"><span style=\"font-size: medium;\">Commencer par un scan du corps\u00a0: est-ce que je ressens le tissu sur la peau de mon dos, de mes bras\u00a0? Mes pieds sont-ils \u00e0 l\u2019aise dans mes chaussures\u00a0? Sont-ils froids, ont-ils trop chaud\u00a0?\u00a0 Est-ce que la ceinture de mon pantalon entravent mes mouvements\u00a0? Mon oreiller est-il confortable\u00a0? L\u2019eau qui descend dans mon tube digestif est-elle froide ou ti\u00e8de\u00a0? Etc.<\/span><\/span><\/span><\/p>\n<p align=\"justify\"><span style=\"color: #000000;\"><span style=\"font-family: Times New Roman, serif;\"><span style=\"font-size: medium;\">Cet exercice m\u2019habitue \u00e0 l\u2019introspection. Je me fais observatrice de mes ressentis, de mes \u00e9motions, pour ensuite me faire observatrice de mes pens\u00e9es.<\/span><\/span><\/span><\/p>\n<p align=\"justify\"><span style=\"color: #000000;\"><span style=\"font-family: Times New Roman, serif;\"><span style=\"font-size: medium;\">A chaque instant dans un premier temps, j\u2019essaie d\u2019attraper la pens\u00e9e qui vient de passer et de m\u2019en souvenir. Il faut que j\u2019aille faire la lessive. Ok, celle-ci m\u2019est utile. C\u2019est de la faute de \u2026 si \u2026 . Pens\u00e9e st\u00e9rile qui n\u2019aide personne et abaisse mes vibrations. J\u2019ai soif. Ok, j\u2019\u00e9coute mon ressenti et vais me servir de l\u2019eau. C\u2019\u00e9tait chouette ce partage avec mes amis\u00a0: l\u2019\u00e9motion qui s\u2019y rattache revient instantan\u00e9ment et \u00e9l\u00e8ve mes vibrations. Je ne garde que ce qui se rapproche le plus de la joie pure et sans attente.<\/span><\/span><\/span><\/p>\n<p align=\"justify\"><span style=\"color: #000000;\"><span style=\"font-family: Times New Roman, serif;\"><span style=\"font-size: medium;\">Et ainsi de suite jusqu\u2019\u00e0 ce que ce scan devienne une habitude.<\/span><\/span><\/span><\/p>\n<p align=\"justify\"><span style=\"color: #000000;\"><span style=\"font-family: Times New Roman, serif;\"><span style=\"font-size: medium;\">Le mental qui a r\u00e9gn\u00e9 en ma\u00eetre jusqu\u2019\u00e0 ce jour se sent rapidement brim\u00e9 dans ses \u00e9lucubrations. Je ne veux plus m\u2019attarder sur cette pens\u00e9e sombre que je reconnais. Je vais dans ma banque de souvenirs chercher une pens\u00e9e sympa et la d\u00e9veloppe. Arrive un moment o\u00f9 cette banque de donn\u00e9es n\u2019est m\u00eame plus utile\u00a0: je suis l\u00e0, profond\u00e9ment ancr\u00e9e dans mon moment pr\u00e9sent, tr\u00e8s consciente de mon corps, en action ou non, de ma respiration, de la seconde qui se joue. Demain\u00a0?! C\u2019est un autre jour, inutile d\u2019\u00e9laborer des hypoth\u00e8ses. Hier\u00a0?! Je ne peux plus rien y changer, hier est tel qu\u2019il devait \u00eatre. Seul compte cette seconde que je <i>vis\u00a0<\/i>! A moi de la rendre le plus agr\u00e9able possible.<\/span><\/span><\/span><\/p>\n<p align=\"justify\"><span style=\"color: #000000;\"><span style=\"font-family: Times New Roman, serif;\"><span style=\"font-size: medium;\">Avec de la constance et l\u2019habitude, arrive un \u00e9tat d\u2019esprit paisible et serein. <\/span><\/span><\/span><\/p>\n<p align=\"justify\"><span style=\"color: #000000;\"><span style=\"font-family: Times New Roman, serif;\"><span style=\"font-size: medium;\">De cet endroit paisible, je peux encore prendre du recul, seulement <i>ressentir<\/i> l\u2019air qui p\u00e9n\u00e8tre dans mes cellules et m\u2019oxyg\u00e8ne. Tout est vie autour de moi, mes sens me le confirment. Je suis de cette vie qui pulse \u00e0 l\u2019int\u00e9rieur <i>et<\/i> \u00e0 l\u2019ext\u00e9rieur de moi, petite graine plant\u00e9e l\u00e0 pour une raison qui m\u2019\u00e9chappera toujours. Mais le monde ne serait pas ce m\u00eame monde sans <em>ma<\/em> pr\u00e9sence.<\/span><\/span><\/span><\/p>\n<p align=\"justify\"><span style=\"color: #000000;\"><span style=\"font-family: Times New Roman, serif;\"><span style=\"font-size: medium;\">De cet endroit, je deviens cr\u00e9ateur. Je suis.<\/span><\/span><\/span><\/p>\n<p align=\"justify\"><span style=\"font-family: Times New Roman, serif;\"><span style=\"font-size: medium;\">Namast\u00e9<\/span><\/span><\/p>\n<p align=\"justify\"><span style=\"font-size: medium;\">laudine<\/span><i> <\/i><\/p>\n<p align=\"left\">\u00a0<\/p>\n","protected":false},"excerpt":{"rendered":"<p>La cr\u00e9ation divine La cr\u00e9ation divine\u00a0: la Terre, les oc\u00e9ans, le ciel, les \u00e9toiles, le soleil, l\u2019eau, l\u2019air, les poissons, les oiseaux, les animaux, les arbres, les prairies, les montagnes, les rivi\u00e8res, les lacs, les sources, les fruits, les l\u00e9gumes, l\u2019expansion, la multiplication, l\u2019amour inconditionnel\u2026 et les humains. La cr\u00e9ation humaine\u00a0: les voitures, les avions, [&hellip;]<\/p>\n","protected":false},"author":3,"featured_media":0,"comment_status":"open","ping_status":"closed","sticky":false,"template":"","format":"standard","meta":{"footnotes":""},"categories":[1],"tags":[],"class_list":["post-901","post","type-post","status-publish","format-standard","hentry","category-non-classe"],"views":316,"_links":{"self":[{"href":"https:\/\/www.centchemins.fr\/index.php?rest_route=\/wp\/v2\/posts\/901","targetHints":{"allow":["GET"]}}],"collection":[{"href":"https:\/\/www.centchemins.fr\/index.php?rest_route=\/wp\/v2\/posts"}],"about":[{"href":"https:\/\/www.centchemins.fr\/index.php?rest_route=\/wp\/v2\/types\/post"}],"author":[{"embeddable":true,"href":"https:\/\/www.centchemins.fr\/index.php?rest_route=\/wp\/v2\/users\/3"}],"replies":[{"embeddable":true,"href":"https:\/\/www.centchemins.fr\/index.php?rest_route=%2Fwp%2Fv2%2Fcomments&post=901"}],"version-history":[{"count":1,"href":"https:\/\/www.centchemins.fr\/index.php?rest_route=\/wp\/v2\/posts\/901\/revisions"}],"predecessor-version":[{"id":902,"href":"https:\/\/www.centchemins.fr\/index.php?rest_route=\/wp\/v2\/posts\/901\/revisions\/902"}],"wp:attachment":[{"href":"https:\/\/www.centchemins.fr\/index.php?rest_route=%2Fwp%2Fv2%2Fmedia&parent=901"}],"wp:term":[{"taxonomy":"category","embeddable":true,"href":"https:\/\/www.centchemins.fr\/index.php?rest_route=%2Fwp%2Fv2%2Fcategories&post=901"},{"taxonomy":"post_tag","embeddable":true,"href":"https:\/\/www.centchemins.fr\/index.php?rest_route=%2Fwp%2Fv2%2Ftags&post=901"}],"curies":[{"name":"wp","href":"https:\/\/api.w.org\/{rel}","templated":true}]}}