{"id":921,"date":"2025-09-07T14:42:19","date_gmt":"2025-09-07T13:42:19","guid":{"rendered":"https:\/\/www.centchemins.fr\/?p=921"},"modified":"2025-09-13T14:59:08","modified_gmt":"2025-09-13T13:59:08","slug":"focus","status":"publish","type":"post","link":"https:\/\/www.centchemins.fr\/?p=921","title":{"rendered":"Focus"},"content":{"rendered":"\n<p class=\"wp-block-paragraph\"><strong>Vision est Esprit<\/strong><\/p>\n\n\n\n<p class=\"wp-block-paragraph\">L&rsquo;image que mon regard capte est g\u00e9n\u00e9r\u00e9e par mon cerveau. Mon champ de vision est limit\u00e9 dans les quatre points cardinaux par mes deux lobes c\u00e9r\u00e9braux, parfaitement invers\u00e9s : mon lobe droit g\u00e8re ma vision gauche et mon lobe gauche ma vision droite.<\/p>\n\n\n\n<p class=\"wp-block-paragraph\">L&rsquo;inversion se manifeste \u00e0 hauteur de mes globes oculaires, qui per\u00e7oivent l&rsquo;image comme l&rsquo;absolue r\u00e9alit\u00e9.<\/p>\n\n\n\n<p class=\"wp-block-paragraph\">Alors que l&rsquo;image dans mon esprit est le bas en haut et le haut en bas !<\/p>\n\n\n\n<p class=\"wp-block-paragraph\">Oula ! Est-ce que je marche sur la t\u00eate ?!&nbsp;<\/p>\n\n\n\n<p class=\"wp-block-paragraph\"><strong>Esprit est vide<\/strong><\/p>\n\n\n\n<p class=\"wp-block-paragraph\">Ce que mes yeux voient n&rsquo;est qu&rsquo;une toute petite parcelle de la r\u00e9alit\u00e9, enferm\u00e9e dans mes conditionnements inn\u00e9s et acquis.<\/p>\n\n\n\n<p class=\"wp-block-paragraph\">Il en va ainsi de tous mes sens : mon cerveau interpr\u00e8te tous les ph\u00e9nom\u00e8nes depuis SA grille de lecture.<\/p>\n\n\n\n<p class=\"wp-block-paragraph\"><strong>Vide est vacuit\u00e9&nbsp;<\/strong><\/p>\n\n\n\n<p class=\"wp-block-paragraph\">La r\u00e9alit\u00e9 contient TOUT.<\/p>\n\n\n\n<p class=\"wp-block-paragraph\">Au-del\u00e0 de mes sens, de mes ressentis corporels, de mes possibilit\u00e9s d&rsquo;\u00eatre incarn\u00e9 dans un corps, du microcosme au macrocosme, tout EST.<\/p>\n\n\n\n<p class=\"wp-block-paragraph\">Mes sens ne per\u00e7oivent qu&rsquo;une infime partie de ce \u00ab\u00a0grand bouillon de culture\u00a0\u00bb qui s&rsquo;expand avec ou sans mon accord.<\/p>\n\n\n\n<p class=\"wp-block-paragraph\"><strong>Vacuit\u00e9 est Claire <\/strong><strong>Lumi\u00e8re<\/strong><\/p>\n\n\n\n<p class=\"wp-block-paragraph\">La vacuit\u00e9 contient tous les possibles. Si je parviens \u00e0 ne serait-ce qu&rsquo;envisager toutes ces vertigineuses possibilit\u00e9s, je fais un premier pas en direction de la vacuit\u00e9.<\/p>\n\n\n\n<p align=\"justify\">Nous vivons parfois \u00ab\u00a0des synchronicit\u00e9s\u00a0\u00bb. Tout l&rsquo;univers est synchronicit\u00e9. Un quart de seconde de d\u00e9calage et la danse des plan\u00e8tes r\u00e9gie au centi\u00e8me de millim\u00e8tre devient chaos.<\/p>\n<p align=\"justify\">Une erreur de dix milli\u00e8me de millim\u00e8tre dans le nombre d&rsquo;or et la coquille d&rsquo;escargot ne peut \u00eatre.<\/p>\n<p align=\"justify\">Merveilleuse vacuit\u00e9 plus \u00e9norme que la plus \u00e9norme biblioth\u00e8que de connaissances.<\/p>\n<p align=\"justify\"><b>Vacuit\u00e9 est b\u00e9atitude\u00a0<\/b><\/p>\n<p align=\"justify\">Depuis ce minuscule tremplin que sont mes yeux et ma vision, je peux toucher du bout de l&rsquo;\u00e2me la B\u00e9atitude.<\/p>\n<p align=\"justify\">Plus facile \u00e0 dire qu&rsquo;\u00e0 faire certes !\u00a0<\/p>\n<p align=\"justify\">Calmer mon esprit est le premier et le plus grand d\u00e9fi.<\/p>\n<p align=\"justify\">Je suis ma respiration, pas mes pens\u00e9es.<\/p>\n<p align=\"justify\">Je pourrais percevoir d&rsquo;autres automatismes, comme les battements de mon c\u0153ur, ou la course immuable de mon sang ou de ma lymphe, beaucoup moins perceptibles. Le chemin le plus accessible reste l&rsquo;air dont mon corps se nourrit \u00e0 chaque seconde.<\/p>\n<p align=\"justify\">L\u00e0. Tout poser. Ne plus chercher la compr\u00e9hension. Juste ressentir. Me poser dans la seconde, encore, encore, encore&#8230;.<\/p>\n<p align=\"justify\">Ah ! je crois que j&rsquo;y suis !<\/p>\n<p>Trop tard \ud83d\ude09 j&rsquo;en suis sortie\u00a0<\/p>\n<p>Namast\u00e9<\/p>\n<p>Claudine<\/p>\n<p><em>Merci \u00e0 Madame C\u00e9cile Blanc pour son merveilleux enseignement \u00ab\u00a0Art de la Relation\u00a0\u00bb<\/em><\/p>\n\n\n","protected":false},"excerpt":{"rendered":"<p>Vision est Esprit L&rsquo;image que mon regard capte est g\u00e9n\u00e9r\u00e9e par mon cerveau. Mon champ de vision est limit\u00e9 dans les quatre points cardinaux par mes deux lobes c\u00e9r\u00e9braux, parfaitement invers\u00e9s : mon lobe droit g\u00e8re ma vision gauche et mon lobe gauche ma vision droite. L&rsquo;inversion se manifeste \u00e0 hauteur de mes globes oculaires, [&hellip;]<\/p>\n","protected":false},"author":2,"featured_media":0,"comment_status":"open","ping_status":"closed","sticky":false,"template":"","format":"standard","meta":{"footnotes":""},"categories":[1],"tags":[],"class_list":["post-921","post","type-post","status-publish","format-standard","hentry","category-non-classe"],"views":136,"_links":{"self":[{"href":"https:\/\/www.centchemins.fr\/index.php?rest_route=\/wp\/v2\/posts\/921","targetHints":{"allow":["GET"]}}],"collection":[{"href":"https:\/\/www.centchemins.fr\/index.php?rest_route=\/wp\/v2\/posts"}],"about":[{"href":"https:\/\/www.centchemins.fr\/index.php?rest_route=\/wp\/v2\/types\/post"}],"author":[{"embeddable":true,"href":"https:\/\/www.centchemins.fr\/index.php?rest_route=\/wp\/v2\/users\/2"}],"replies":[{"embeddable":true,"href":"https:\/\/www.centchemins.fr\/index.php?rest_route=%2Fwp%2Fv2%2Fcomments&post=921"}],"version-history":[{"count":1,"href":"https:\/\/www.centchemins.fr\/index.php?rest_route=\/wp\/v2\/posts\/921\/revisions"}],"predecessor-version":[{"id":922,"href":"https:\/\/www.centchemins.fr\/index.php?rest_route=\/wp\/v2\/posts\/921\/revisions\/922"}],"wp:attachment":[{"href":"https:\/\/www.centchemins.fr\/index.php?rest_route=%2Fwp%2Fv2%2Fmedia&parent=921"}],"wp:term":[{"taxonomy":"category","embeddable":true,"href":"https:\/\/www.centchemins.fr\/index.php?rest_route=%2Fwp%2Fv2%2Fcategories&post=921"},{"taxonomy":"post_tag","embeddable":true,"href":"https:\/\/www.centchemins.fr\/index.php?rest_route=%2Fwp%2Fv2%2Ftags&post=921"}],"curies":[{"name":"wp","href":"https:\/\/api.w.org\/{rel}","templated":true}]}}