{"id":93,"date":"2012-03-11T07:07:54","date_gmt":"2012-03-11T06:07:54","guid":{"rendered":"http:\/\/www.centchemins.fr\/?p=93"},"modified":"2014-09-13T14:22:06","modified_gmt":"2014-09-13T13:22:06","slug":"ombre-et-lumiere","status":"publish","type":"post","link":"https:\/\/www.centchemins.fr\/?p=93","title":{"rendered":"Ombre et Lumi\u00e8re"},"content":{"rendered":"<p align=\"justify\">Un enfant qui na\u00eetrait \u00e0 l&rsquo;\u00e2ge de dix ans, en Islande, pendant les six mois de jour, ne saurait pas que la nuit existe et inversement.<\/p>\n<p align=\"justify\">Pour que nous prenions conscience de notre Lumi\u00e8re, il faut qu&rsquo;elle se confronte \u00e0 l&rsquo;ombre.<\/p>\n<p align=\"justify\">La lumi\u00e8re du soleil qui inonde le monde entoure chaque chose de sa propre ombre. Seul l&rsquo;espace d&rsquo;une seconde, centr\u00e9 dans la verticalit\u00e9 absolue, l&rsquo;ombre se cache sous nos pieds, pour glisser inexorablement d&rsquo;est en ouest, du sud au nord.<\/p>\n<p align=\"justify\">La lumi\u00e8re \u00e9ternelle n&rsquo;est pas dans l&rsquo;ordre du vivant, puisque toute vie est r\u00e9gie par les cycles \u00ab\u00a0jour-nuit\u00a0\u00bb, dans une r\u00e9gularit\u00e9 de m\u00e9tronome, prouv\u00e9e par le monde scientifique et le simple bon sens.<\/p>\n<p align=\"justify\">Sur les cycles annuels, il y a quatre points reli\u00e9s : deux en bascule qui s&rsquo;inversent totalement, deux compl\u00e8tement en \u00e9quilibre. Le 21 d\u00e9cembre, la nuit est plus longue que le jour.<\/p>\n<p align=\"justify\">Le 21 juin, le jour est plus long que la nuit.<\/p>\n<p align=\"justify\">Les 21 mars et 21 septembre, jour et nuit sont sur la ligne horizontale de l&rsquo;\u00e9quilibre.<\/p>\n<p align=\"justify\">Ce qui r\u00e9git du plus grand r\u00e9git du plus petit : nos \u00e9tats de conscience oscillent entre bien-\u00eatre et angoisse, selon qu&rsquo;on se situe \u00e0 l&rsquo;\u00e9quateur ou aux p\u00f4les de notre \u00e9veil.<\/p>\n<p align=\"justify\">Notre libert\u00e9 et nos choix de vie conduisent selon cet \u00e9veil \u00e0 glisser de bas en haut ou de gauche \u00e0 droite, dans une recherche constante du point le plus lumineux.<\/p>\n<p align=\"justify\">Comprenons et acceptons que l&rsquo;ombre ne peut \u00eatre fuie ni ni\u00e9e, car elle est le pendant du balancier qui \u00e9vite le \u00ab\u00a0d\u00e9crochage\u00a0\u00bb et l&rsquo;annihilation totale du point d&rsquo;\u00e9quilibre, sans lequel on chuterait comme un caillou dans une crevasse sans fond, ou on s&rsquo;\u00e9l\u00e8verait comme un ballon fou, d\u00e9croch\u00e9 de ses amarres, vers<\/p>\n<p align=\"justify\">le feu br\u00fblant du soleil.<\/p>\n<p align=\"justify\">Ainsi en est-il de notre vie terrestre.<\/p>\n<p align=\"justify\">Ainsi en est-il de notre condition d&rsquo;humain en ad\u00e9quation de ce moment pr\u00e9sent, de cette seconde m\u00eame.<\/p>\n","protected":false},"excerpt":{"rendered":"<p>Un enfant qui na\u00eetrait \u00e0 l&rsquo;\u00e2ge de dix ans, en Islande, pendant les six mois de jour, ne saurait pas que la nuit existe et inversement. Pour que nous prenions conscience de notre Lumi\u00e8re, il faut qu&rsquo;elle se confronte \u00e0 l&rsquo;ombre. La lumi\u00e8re du soleil qui inonde le monde entoure chaque chose de sa propre [&hellip;]<\/p>\n","protected":false},"author":1,"featured_media":0,"comment_status":"open","ping_status":"closed","sticky":false,"template":"","format":"standard","meta":{"footnotes":""},"categories":[1],"tags":[],"class_list":["post-93","post","type-post","status-publish","format-standard","hentry","category-non-classe"],"views":858,"_links":{"self":[{"href":"https:\/\/www.centchemins.fr\/index.php?rest_route=\/wp\/v2\/posts\/93","targetHints":{"allow":["GET"]}}],"collection":[{"href":"https:\/\/www.centchemins.fr\/index.php?rest_route=\/wp\/v2\/posts"}],"about":[{"href":"https:\/\/www.centchemins.fr\/index.php?rest_route=\/wp\/v2\/types\/post"}],"author":[{"embeddable":true,"href":"https:\/\/www.centchemins.fr\/index.php?rest_route=\/wp\/v2\/users\/1"}],"replies":[{"embeddable":true,"href":"https:\/\/www.centchemins.fr\/index.php?rest_route=%2Fwp%2Fv2%2Fcomments&post=93"}],"version-history":[{"count":2,"href":"https:\/\/www.centchemins.fr\/index.php?rest_route=\/wp\/v2\/posts\/93\/revisions"}],"predecessor-version":[{"id":95,"href":"https:\/\/www.centchemins.fr\/index.php?rest_route=\/wp\/v2\/posts\/93\/revisions\/95"}],"wp:attachment":[{"href":"https:\/\/www.centchemins.fr\/index.php?rest_route=%2Fwp%2Fv2%2Fmedia&parent=93"}],"wp:term":[{"taxonomy":"category","embeddable":true,"href":"https:\/\/www.centchemins.fr\/index.php?rest_route=%2Fwp%2Fv2%2Fcategories&post=93"},{"taxonomy":"post_tag","embeddable":true,"href":"https:\/\/www.centchemins.fr\/index.php?rest_route=%2Fwp%2Fv2%2Ftags&post=93"}],"curies":[{"name":"wp","href":"https:\/\/api.w.org\/{rel}","templated":true}]}}