{"id":932,"date":"2025-11-11T16:29:48","date_gmt":"2025-11-11T15:29:48","guid":{"rendered":"https:\/\/www.centchemins.fr\/?p=932"},"modified":"2025-11-11T16:29:50","modified_gmt":"2025-11-11T15:29:50","slug":"le-toucher","status":"publish","type":"post","link":"https:\/\/www.centchemins.fr\/?p=932","title":{"rendered":"Le toucher"},"content":{"rendered":"\n<p align=\"justify\">La paume des mains.<\/p>\n<p align=\"justify\">La plante des pieds.<\/p>\n<p align=\"justify\">La verticalit\u00e9 a \u00e9t\u00e9 donn\u00e9e \u00e0 l\u2019homme.<\/p>\n<p align=\"justify\">Avec elle, l\u2019\u00e9quilibre. Cette force tendue entre le trop et le pas assez.<\/p>\n<p align=\"justify\">Reconna\u00eetre le pouvoir de la paume des mains sans conscience de la plante des pieds s\u2019apparente \u00e0 un bateau sans voile, chahut\u00e9 par le courant, sans ancre, incapable de se fixer au bon port.<\/p>\n<p align=\"justify\">Nos mains saisissent \u00e0 longueur de journ\u00e9e.<\/p>\n<p align=\"justify\">La fine peau de nos paumes nous donnent une myriade d\u2019informations traduites par notre syst\u00e8me nerveux. Merveille de la Cr\u00e9ation.<\/p>\n<p align=\"justify\">Au-del\u00e0 du toucher, nos mains sont des antennes. Nul besoin du contact pour juger d\u2019un \u00e9tat \u00e9nerg\u00e9tique. Au contraire, la distance augmente avec subtilit\u00e9 la connexion aux vibrations.<\/p>\n<p align=\"justify\">Notre attention et notre vigilance ont \u00e9t\u00e9 attrap\u00e9es par des \u00e9crans.<\/p>\n<p align=\"justify\">Notre toucher est devenu otage des m\u00eames \u00e9crans.<\/p>\n<p align=\"justify\">Nous ne caressons plus, nous \u00abscrollons\u00bb.<\/p>\n<p align=\"justify\">La peau du bout de notre index est devenue le \u00abs\u00e9same ouvre-toi\u00bb d\u2019une \u00e9norme biblioth\u00e8que de connaissances virtuelles.<\/p>\n<p align=\"justify\">Plus de connexion, ou si peu, \u00e0 notre intuition, notre ressenti, notre savoir ancestral transmis oralement de bouche \u00e0 oreilles, de main \u00e0 regards :<\/p>\n<p align=\"justify\">&#8211; Vois, mon enfant\u00a0! Il faut faire ainsi.<\/p>\n<p align=\"justify\">Et les mains s\u2019envolaient sur un rabot, une casserole, un pinceau, un archet.<\/p>\n<p align=\"justify\">Notre \u00abma\u00eetre \u00e0 penser\u00bb est devenu un petit bo\u00eetier froid et sans \u00e2me, n\u2019ayant de cesse d\u2019\u00eatre touch\u00e9, port\u00e9, regard\u00e9, d\u00e9ifi\u00e9. Veau d\u2019or des temps dits \u00abmodernes\u00bb.<\/p>\n<p align=\"justify\">Que dire de la plante des pieds, \u00e9touff\u00e9e, enferm\u00e9e dans d\u2019inf\u00e2mes \u00abbaskets\u00bb (paniers, soit dit en passant pour les non-anglophones), dont les semelles sont toujours en plastique, port\u00e9es en toute occasion, m\u00eame les plus brillantes, sans \u00e9gard pour les fautes de go\u00fbt.<\/p>\n<p align=\"justify\">En m\u00eame temps que les t\u00e9l\u00e9phones portables, les baskets se sont d\u00e9mocratis\u00e9es \u00e0 outrance.<\/p>\n<p align=\"justify\">Pourtant, les m\u00eames capteurs subtils se retrouvent sous la peau de la paume des mains et de la plante des pieds. On dit bien plante : alors, mi-animal ?! mi-v\u00e9g\u00e9tal ?!<\/p>\n<p align=\"justify\">Qui en a conscience aujourd\u2019hui\u00a0? O\u00f9 d\u00e9ambuler pieds nus en beaucoup d\u2019endroit est interdit, comme si la personne \u00e9tait de la pire d\u00e9viance possible.<\/p>\n<p align=\"justify\">Alors qu\u2019il ne s\u2019agit que d\u2019\u00eatre dans le ressenti, ancr\u00e9-e.<\/p>\n<p align=\"justify\">Dans les moudras du yoga, dans les mains jointes ou offertes en pri\u00e8res, il y a cette notion de connexion au Grand Vide qui contient Tout, \u00e0 l\u2019\u00c9coute divine, \u00e0 la conscience de notre corps, antenne indispensable reli\u00e9e \u00e0 un Savoir ancestral.<\/p>\n<p align=\"justify\">Qui sait encore que la tendre peau de la plante de nos pieds enferm\u00e9e \u00e0 longueur de journ\u00e9e a la m\u00eame fonction ?<\/p>\n<p align=\"justify\">Quand je marche pieds nus dans l\u2019herbe, dans l\u2019eau, dans le sable, sur la terre meuble, je permets \u00e0 l\u2019\u00e9lectricit\u00e9 statique de mon corps de s\u2019\u00e9vacuer. Combien de fois dans une ann\u00e9e puis-je le faire\u00a0? En pleine conscience\u00a0?<\/p>\n<p align=\"justify\">Nous avons l\u2019immense chance de pratiquer ce \u00abnettoyage\u00bb \u00e9nerg\u00e9tique, subtil, sous l\u2019eau de notre douche.<\/p>\n<p align=\"justify\">Quotidiennement, en mode automatique, nous ne nous d\u00e9chargeons pas seulement des scories de la journ\u00e9e, mais \u00e9galement des interactions lourdes qui nous ont apesanti-es.<\/p>\n<p align=\"justify\">Revenons \u00e0 cette sagesse ancestrale des am\u00e9rindiens, dont les mocassins frappent le sol en rituel, tels les peuples africains, oc\u00e9aniens, aborig\u00e8nes, voire nordiques par les bains rituels eux aussi.<\/p>\n<p align=\"justify\">Les plantes de mes pieds sont mes capteurs, mes racines, mon ancrage, ma soupape par laquelle j\u2019\u00e9vacue toutes les \u00e9nergies non souhait\u00e9es qui voudraient stagner en moi.<\/p>\n<p align=\"justify\">Quand je me l\u00e8ve, quand je marche, quand je suis occup\u00e9e \u00e0 mes multiples t\u00e2ches, r\u00e9guli\u00e8rement mon esprit revient au contact de mes pieds avec le sol, avec mes chaussettes, dans des chaussures ou non.<\/p>\n<p align=\"justify\">Cette simple pens\u00e9e m\u2019am\u00e8ne \u00e0 un doux ressenti qui m\u2019\u00e9loigne de mes \u00e9lucubrations mentales et ouvre une fen\u00eatre de paix et de calme\u00a0: l\u00e0 je suis, dans l\u2019instant\u00a0! Bien ancr\u00e9e.<\/p>\n<p>Namast\u00e9<\/p>\n<p>Claudine<\/p>\n<p align=\"justify\"><i>* <\/i><i>A ma belle <\/i><i>\u00c2<\/i><i>m-ie M.-L.<\/i><\/p>\n","protected":false},"excerpt":{"rendered":"<p>La paume des mains. La plante des pieds. La verticalit\u00e9 a \u00e9t\u00e9 donn\u00e9e \u00e0 l\u2019homme. Avec elle, l\u2019\u00e9quilibre. Cette force tendue entre le trop et le pas assez. Reconna\u00eetre le pouvoir de la paume des mains sans conscience de la plante des pieds s\u2019apparente \u00e0 un bateau sans voile, chahut\u00e9 par le courant, sans ancre, [&hellip;]<\/p>\n","protected":false},"author":2,"featured_media":0,"comment_status":"open","ping_status":"closed","sticky":false,"template":"","format":"standard","meta":{"footnotes":""},"categories":[1],"tags":[],"class_list":["post-932","post","type-post","status-publish","format-standard","hentry","category-non-classe"],"views":117,"_links":{"self":[{"href":"https:\/\/www.centchemins.fr\/index.php?rest_route=\/wp\/v2\/posts\/932","targetHints":{"allow":["GET"]}}],"collection":[{"href":"https:\/\/www.centchemins.fr\/index.php?rest_route=\/wp\/v2\/posts"}],"about":[{"href":"https:\/\/www.centchemins.fr\/index.php?rest_route=\/wp\/v2\/types\/post"}],"author":[{"embeddable":true,"href":"https:\/\/www.centchemins.fr\/index.php?rest_route=\/wp\/v2\/users\/2"}],"replies":[{"embeddable":true,"href":"https:\/\/www.centchemins.fr\/index.php?rest_route=%2Fwp%2Fv2%2Fcomments&post=932"}],"version-history":[{"count":1,"href":"https:\/\/www.centchemins.fr\/index.php?rest_route=\/wp\/v2\/posts\/932\/revisions"}],"predecessor-version":[{"id":933,"href":"https:\/\/www.centchemins.fr\/index.php?rest_route=\/wp\/v2\/posts\/932\/revisions\/933"}],"wp:attachment":[{"href":"https:\/\/www.centchemins.fr\/index.php?rest_route=%2Fwp%2Fv2%2Fmedia&parent=932"}],"wp:term":[{"taxonomy":"category","embeddable":true,"href":"https:\/\/www.centchemins.fr\/index.php?rest_route=%2Fwp%2Fv2%2Fcategories&post=932"},{"taxonomy":"post_tag","embeddable":true,"href":"https:\/\/www.centchemins.fr\/index.php?rest_route=%2Fwp%2Fv2%2Ftags&post=932"}],"curies":[{"name":"wp","href":"https:\/\/api.w.org\/{rel}","templated":true}]}}