{"id":936,"date":"2025-12-19T14:45:30","date_gmt":"2025-12-19T13:45:30","guid":{"rendered":"https:\/\/www.centchemins.fr\/?p=936"},"modified":"2025-12-20T14:52:34","modified_gmt":"2025-12-20T13:52:34","slug":"les-etoiles-rient","status":"publish","type":"post","link":"https:\/\/www.centchemins.fr\/?p=936","title":{"rendered":"Les \u00e9toiles rient"},"content":{"rendered":"\n<p align=\"center\"><span style=\"font-family: Arial, sans-serif\"><span style=\"font-size: small\"><i>Ils ne savent pas que l\u2019air chante, que les for\u00eats bavardent, <\/i><\/span><\/span><\/p>\n<p align=\"center\"><span style=\"font-family: Arial, sans-serif\"><span style=\"font-size: small\"><i>que les b\u00eates comprennent tout, m\u00eame le vent. <\/i><\/span><\/span><\/p>\n<p align=\"center\"><span style=\"font-family: Arial, sans-serif\"><span style=\"font-size: small\"><i>Les hommes savent-ils que les arbres hurlent \u00e0 la mort quand ils tombent\u00a0? <\/i><\/span><\/span><\/p>\n<p align=\"center\"><span style=\"font-family: Arial, sans-serif\"><span style=\"font-size: small\"><i>Que la terre pleure sous la pluie de leurs outrages\u00a0?<\/i><\/span><\/span><\/p>\n<p align=\"center\"><span style=\"font-family: Arial, sans-serif\"><span style=\"font-size: small\"><i>Les hommes savent-ils que les bl\u00e9s quand ils craquent r\u00e9clament la moisson\u00a0?<\/i><\/span><\/span><\/p>\n<p align=\"center\"><span style=\"font-family: Arial, sans-serif\"><span style=\"font-size: small\"><i>Qui conna\u00eet l\u2019extase et remue les chaumes, <\/i><\/span><\/span><\/p>\n<p align=\"center\"><span style=\"font-family: Arial, sans-serif\"><span style=\"font-size: small\"><i>r\u00e9pandant partout une odeur de pain chaud\u00a0?<\/i><\/span><\/span><\/p>\n<p align=\"center\"><span style=\"font-family: Arial, sans-serif\"><span style=\"font-size: small\"><i>Ils ne savent pas que l\u2019air chante, que les \u00e9toiles rient.<\/i><\/span><\/span><\/p>\n<p align=\"center\"><span style=\"font-family: Arial, sans-serif\"><span style=\"font-size: small\"><i>Ils leur suffira d\u2019aller dans une for\u00eat ou sur un champ,<\/i><\/span><\/span><\/p>\n<p align=\"center\"><span style=\"font-family: Arial, sans-serif\"><span style=\"font-size: small\"><i>d\u2019\u00e9couter les plantes, de boire le vent,<\/i><\/span><\/span><\/p>\n<p align=\"center\"><span style=\"font-family: Arial, sans-serif\"><span style=\"font-size: small\"><i>de parler aux b\u00eates, de se baigner dans la terre, de sourire au ciel.<\/i><\/span><\/span><\/p>\n<p align=\"center\"><span style=\"font-family: Arial, sans-serif\"><span style=\"font-size: small\"><i>Alors nous comprendrons qu\u2019il n\u2019est de pl\u00e9nitude <\/i><\/span><\/span><\/p>\n<p align=\"center\"><span style=\"font-family: Arial, sans-serif\"><span style=\"font-size: small\"><i>qu\u2019\u00e0 condition de se m\u00e9langer \u00e0 l\u2019univers,<\/i><\/span><\/span><\/p>\n<p align=\"center\"><span style=\"font-family: Arial, sans-serif\"><span style=\"font-size: small\"><i>comme tout le monde depuis la nuit des temps a su le faire dans les campagnes.<\/i><\/span><\/span><\/p>\n<p align=\"center\"><span style=\"font-family: Arial, sans-serif\"><span style=\"font-size: small\"><i>Olivier Gisberg<\/i><\/span><\/span><\/p>\n<p align=\"justify\"><a name=\"oo_widgets_AttachmentsContainer_0 Copie 1 Copie 1\"><\/a> <span style=\"font-family: Arial, sans-serif\"><span style=\"font-size: small\">A mes amis qui me faisaient remarquer que la col\u00e8re ne fait qu\u2019envenimer la rage d\u00e9j\u00e0 existante.<\/span><\/span><\/p>\n<p align=\"justify\"><span style=\"font-family: Arial, sans-serif\"><span style=\"font-size: small\">Oui, j&rsquo;entends bien de ne pas rajouter de la col\u00e8re \u00e0 la col\u00e8re, il ne s&rsquo;agit pas ici de sensiblerie, encore que moi, je ne mange plus de vache (ni b\u0153uf) depuis vingt-cinq ans, car je les crois sacr\u00e9es, comme en Inde.<\/span><\/span><\/p>\n<p align=\"justify\"><span style=\"font-family: Arial, sans-serif\"><span style=\"font-size: small\">On dit le cochon le plus proche de l&rsquo;homme, car on peut nous greffer des petits bouts de ceux-ci sans rejet, comme un jumelage un peu \u00e9trange.<\/span><\/span><\/p>\n<p align=\"justify\"><span style=\"font-family: Arial, sans-serif\"><span style=\"font-size: small\">Moi je vois toute la bont\u00e9 maternelle dans les grands yeux des vaches, l&rsquo;air qu&rsquo;elles ont de me dire :<\/span><\/span><\/p>\n<p align=\"justify\"><span style=\"font-family: Arial, sans-serif\"><span style=\"font-size: small\"><i>&#8211; Tu as vu, on m&rsquo;a coup\u00e9 les cornes ?! et si le loup vient, comment je prot\u00e9gerai mon petit ?!<\/i><\/span><\/span><\/p>\n<p align=\"justify\"><span style=\"font-family: Arial, sans-serif\"><i><span style=\"font-size: small\">Mais mon petit aussi, on me l&rsquo;a arrach\u00e9 ! Parce que mon lait vaut Comt\u00e9 !<\/span><\/i><\/span><\/p>\n<p align=\"justify\"><span style=\"font-family: Arial, sans-serif\"><i><span style=\"font-size: small\">Qui pense \u00e0 mon c\u0153ur de maman ? en se pourl\u00e9chant de mes digestions destin\u00e9es \u00e0 faire grandir mon mignon ?<\/span><\/i><\/span><\/p>\n<p align=\"justify\"><span style=\"font-family: Arial, sans-serif\"><span style=\"font-size: small\">Sans blasph\u00e8me, je les crois Filles de Marie. Le don de soi, la douceur, l&rsquo;abn\u00e9gation m\u00eame devant la plus abominable souffrance.<\/span><\/span><\/p>\n<p align=\"justify\"><span style=\"font-family: Arial, sans-serif\"><span style=\"font-size: small\">Ind\u00e9pendamment du scandale de l&rsquo;abattage, il en va de notre supr\u00e9matie alimentaire\u00a0! : les \u0153ufs viennent \u00e0 manquer, les canards sont vaccin\u00e9s, les hu\u00eetres deviennent impropres \u00e0 la consommation juste aux F\u00eates de No\u00ebl ! A mais pardon, maintenant ce sont les vacances d\u2019hiver.<\/span><\/span><\/p>\n<p align=\"justify\"><span style=\"font-family: Arial, sans-serif\"><span style=\"font-size: small\">Tiens, comme c&rsquo;est \u00e9trange !!!<\/span><\/span><\/p>\n<p align=\"justify\"><span style=\"font-family: Arial, sans-serif\"><span style=\"font-size: small\">Nos agriculteurs n&rsquo;ont plus le droit d&rsquo;arroser en pleine canicule. Nos concombres ont l&rsquo;obligation d&rsquo;\u00eatre droits pour\u00a0para\u00eetre sur les march\u00e9s, les poissons sont plomb\u00e9s, les poulets esclavag\u00e9s&#8230;<\/span><\/span><\/p>\n<p align=\"justify\"><span style=\"font-family: Arial, sans-serif\"><span style=\"font-size: small\">Les loups introduits pour une noble cause (laquelle ?) ont d\u00e9cim\u00e9 le gibier, tout comme les lynx.<\/span><\/span><\/p>\n<p align=\"justify\"><span style=\"font-family: Arial, sans-serif\"><span style=\"font-size: small\">Mon chasseur de mari, qui garantit ma survie avec des rayons plein de p\u00e2t\u00e9s \u00e0 offrir, revient bredouille.<\/span><\/span><\/p>\n<p align=\"justify\"><span style=\"font-family: Arial, sans-serif\"><span style=\"font-size: small\">Il y a une telle \u00e9vidence \u00e0 nous affamer pour nous obliger \u00e0 acheter \u00e9tranger !<\/span><\/span><\/p>\n<p align=\"justify\"><span style=\"font-family: Arial, sans-serif\"><span style=\"font-size: small\">C&rsquo;est contre cela que je poste les messages paysans, car ils sont notre survie, la sagesse de la Terre, les Grands Hommes, les Vrais.<\/span><\/span><\/p>\n<p align=\"justify\"><span style=\"font-family: Arial, sans-serif\"><span style=\"font-size: small\">Mais je r\u00e9fl\u00e9chis trop loin pour le pr\u00e9sent : les frelons asiatiques qui d\u00e9ciment (eux aussi) nos ruchers ne sont-ils pas les dignes miroirs de notre monde de consum\u00e9risme effr\u00e9n\u00e9 qui ach\u00e8te \u00e0 boulimie sur shein et temu, parce que \u00e7a ne co\u00fbte rien !?<\/span><\/span><\/p>\n<p align=\"justify\"><span style=\"font-family: Arial, sans-serif\"><span style=\"font-size: small\">Rien que les nuits de sommeil des petits enfants chinois, les heures \u00e9puisantes des adultes, b\u00eates de somme modernes qui\u00a0s&rsquo;\u00e9puisent au rendement pour satisfaire notre fi\u00e8vre-acheteuse ?!<\/span><\/span><\/p>\n<p align=\"justify\"><span style=\"font-family: Arial, sans-serif\"><span style=\"font-size: small\">Alors oui, les \u00ab\u00a0aum\u00a0\u00bb chant\u00e9s \u00e0 l&rsquo;unisson de nos c\u0153urs apportent de la douceur \u00e0 ce monde fou et m&rsquo;apaisent.<\/span><\/span><\/p>\n<p align=\"justify\"><span style=\"font-family: Arial, sans-serif\"><span style=\"font-size: small\">Oui, je ne rajoute pas de col\u00e8re \u00e0 la col\u00e8re.<\/span><\/span><\/p>\n<p align=\"justify\"><span style=\"font-family: Arial, sans-serif\"><span style=\"font-size: small\">Je suis juste \u00ab\u00a0consciente\u00a0\u00bb, l&rsquo;esprit uni-point\u00e9 pour mes petits-enfants, et tous les petits enfants de la Terre qui sont miens, par ma foi en Dieu et en la science quantique : \u00abAime ton prochain comme toi-m\u00eame\u00bb, \u00abCe que vous faites au plus petit d&rsquo;entre vous, c&rsquo;est \u00e0 Moi que vous le faites\u00bb, \u00abL&rsquo;atome qui vibre ici sous mes yeux fait vibrer un autre atome \u00e0 des milliards de kilom\u00e8tres\u00bb.<\/span><\/span><\/p>\n<p align=\"justify\"><span style=\"font-family: Arial, sans-serif\"><span style=\"font-size: small\">Je me suis toujours sentie \u00ab\u00a0Gavroche\u00a0\u00bb avant l&rsquo;heure. J&rsquo;irai chanter sur les barricades, et que m&rsquo;importe d&rsquo;y tomber !<\/span><\/span><\/p>\n<p align=\"justify\"><span style=\"font-family: Arial, sans-serif\"><span style=\"font-size: small\">Je sais que le mal n&rsquo;existe que pour mettre le Bien \u00e0 l&rsquo;honneur.<\/span><\/span><\/p>\n<p align=\"justify\"><span style=\"font-family: Arial, sans-serif\"><span style=\"font-size: small\">Joyeuses f\u00eates de No\u00ebl mes chers Amis ! La f\u00eate des grands, mais surtout des petits attendant la magie de No\u00ebl qui apporte les tr\u00eaves partout dans le monde.<\/span><\/span><\/p>\n<p align=\"justify\"><span style=\"font-family: Arial, sans-serif\"><span style=\"font-size: small\">Quand nous prendrons nos petits dans nos bras pour leur montrer l&rsquo;\u00e9toile de No\u00ebl au-dessus du sapin, que nos c\u0153urs s\u2019unissent aux leurs, car ils sont nous et nous sommes eux.<\/span><\/span><\/p>\n<p><span style=\"font-family: Arial, sans-serif\"> Namast\u00e9<\/span><\/p>\n<p><span style=\"font-family: Arial, sans-serif\"> Claudine<\/span><\/p>\n\n\n","protected":false},"excerpt":{"rendered":"<p>Ils ne savent pas que l\u2019air chante, que les for\u00eats bavardent, que les b\u00eates comprennent tout, m\u00eame le vent. Les hommes savent-ils que les arbres hurlent \u00e0 la mort quand ils tombent\u00a0? Que la terre pleure sous la pluie de leurs outrages\u00a0? Les hommes savent-ils que les bl\u00e9s quand ils craquent r\u00e9clament la moisson\u00a0? Qui [&hellip;]<\/p>\n","protected":false},"author":2,"featured_media":0,"comment_status":"open","ping_status":"closed","sticky":false,"template":"","format":"standard","meta":{"footnotes":""},"categories":[1],"tags":[],"class_list":["post-936","post","type-post","status-publish","format-standard","hentry","category-non-classe"],"views":121,"_links":{"self":[{"href":"https:\/\/www.centchemins.fr\/index.php?rest_route=\/wp\/v2\/posts\/936","targetHints":{"allow":["GET"]}}],"collection":[{"href":"https:\/\/www.centchemins.fr\/index.php?rest_route=\/wp\/v2\/posts"}],"about":[{"href":"https:\/\/www.centchemins.fr\/index.php?rest_route=\/wp\/v2\/types\/post"}],"author":[{"embeddable":true,"href":"https:\/\/www.centchemins.fr\/index.php?rest_route=\/wp\/v2\/users\/2"}],"replies":[{"embeddable":true,"href":"https:\/\/www.centchemins.fr\/index.php?rest_route=%2Fwp%2Fv2%2Fcomments&post=936"}],"version-history":[{"count":1,"href":"https:\/\/www.centchemins.fr\/index.php?rest_route=\/wp\/v2\/posts\/936\/revisions"}],"predecessor-version":[{"id":937,"href":"https:\/\/www.centchemins.fr\/index.php?rest_route=\/wp\/v2\/posts\/936\/revisions\/937"}],"wp:attachment":[{"href":"https:\/\/www.centchemins.fr\/index.php?rest_route=%2Fwp%2Fv2%2Fmedia&parent=936"}],"wp:term":[{"taxonomy":"category","embeddable":true,"href":"https:\/\/www.centchemins.fr\/index.php?rest_route=%2Fwp%2Fv2%2Fcategories&post=936"},{"taxonomy":"post_tag","embeddable":true,"href":"https:\/\/www.centchemins.fr\/index.php?rest_route=%2Fwp%2Fv2%2Ftags&post=936"}],"curies":[{"name":"wp","href":"https:\/\/api.w.org\/{rel}","templated":true}]}}