{"id":952,"date":"2026-07-30T14:54:47","date_gmt":"2026-07-30T13:54:47","guid":{"rendered":"https:\/\/www.centchemins.fr\/?p=952"},"modified":"2026-08-17T15:21:06","modified_gmt":"2026-08-17T14:21:06","slug":"pourquoi-elle","status":"publish","type":"post","link":"https:\/\/www.centchemins.fr\/?p=952","title":{"rendered":"Pourquoi elle ?!"},"content":{"rendered":"\n<p align=\"justify\"><span style=\"font-family: Garamond, serif\"><span style=\"font-size: medium\">Par souci de confidentialit\u00e9, j\u2019ai chang\u00e9 les pr\u00e9noms de l\u2019histoire de mes amis. Mais cette histoire est totalement v\u00e9ridique et a lieu actuellement.<\/span><\/span><\/p>\n<p align=\"justify\"><span style=\"font-family: Garamond, serif\"><span style=\"font-size: medium\">Mon amie Sonia est passionn\u00e9e depuis sa tendre jeunesse par la culture am\u00e9rindienne.<\/span><\/span><\/p>\n<p align=\"justify\"><span style=\"font-family: Garamond, serif\"><span style=\"font-size: medium\">Je vous nomme mon amie Sonia, mais je ne la connais pas intimement en fait. Nous sommes \u00abrentr\u00e9es en amiti\u00e9\u00bb par petits pas. Elle a tout d\u2019abord \u00e9t\u00e9 cliente de mon magasin. Nous nous trouvions fort sympathiques de part et d\u2019autre, sans entrer en relation amicale pour autant.<\/span><\/span><\/p>\n<p align=\"justify\"><span style=\"font-family: Garamond, serif\"><span style=\"font-size: medium\">Une amie beaucoup plus proche au point de l\u2019appeler \u00abma petite soeur\u00bb L\u00e9a, a d\u00e9cid\u00e9 de changer de maison. Apr\u00e8s moult rebondissements, elle a achet\u00e9 la maison de Sonia, sans que je n\u2019aie fait le lien avec ma cliente d\u2019alors.<\/span><\/span><\/p>\n<p align=\"justify\"><span style=\"font-family: Garamond, serif\"><span style=\"font-size: medium\">Nous avons fait le rapprochement quand Sonia est venue m\u2019en faire part dans mon magasin.<\/span><\/span><\/p>\n<p align=\"justify\"><span style=\"font-family: Garamond, serif\"><span style=\"font-size: medium\">Une \u00abconnexion amicale\u00bb s\u2019est alors tiss\u00e9e entre nous deux.<\/span><\/span><\/p>\n<p align=\"justify\"><span style=\"font-family: Garamond, serif\"><span style=\"font-size: medium\">Je suis m\u00e9dium. Sonia m\u2019a sollicit\u00e9e pour une consultation m\u00e9diumnique, il y a environ six ans. Alors que j\u2019avais mes mains pos\u00e9es sur sa t\u00eate, dans une concentration totale, une \u00e9nergie d\u2019une puissance extraordinaire s\u2019est empar\u00e9e de mon corps.<\/span><\/span><\/p>\n<p align=\"justify\"><span style=\"font-family: Garamond, serif\"><span style=\"font-size: medium\">J\u2019ai \u00e9t\u00e9 surprise et quelque peu effray\u00e9e par cette puissance douce et vertigineuse de force tranquille.<\/span><\/span><\/p>\n<p align=\"justify\"><span style=\"font-family: Garamond, serif\"><span style=\"font-size: medium\">Je me suis mise alors \u00e0 pleurer d\u2019\u00e9motion, en demandant \u00e0 Sonia de me tenir les mains pour me garder ancr\u00e9e. Elle s\u2019est inqui\u00e9t\u00e9e de ce qui survenait. Je lui ai nomm\u00e9 la pr\u00e9sence d\u2019un grand chef indien qui a investi ma propre \u00e9nergie. Elle s\u2019est mise \u00e0 pleurer \u00e0 son tour\u00a0:<\/span><\/span><\/p>\n<p align=\"justify\"><span style=\"font-family: Garamond, serif\"><span style=\"font-size: medium\">&#8211; J\u2019ai eu sa photo pendant plusieurs ann\u00e9es sur mon frigo !<\/span><\/span><\/p>\n<p align=\"justify\"><span style=\"font-family: Garamond, serif\"><span style=\"font-size: medium\">Je lui ai transmis le message de ce grand chef indien, qui a r\u00e9pondu ensuite de nombreuses fois par mon interm\u00e9diaire \u00e0 ses nombreuses questions.<\/span><\/span><\/p>\n<p align=\"justify\"><span style=\"font-family: Garamond, serif\"><span style=\"font-size: medium\">L\u2019histoire aurait pu s\u2019arr\u00eater l\u00e0.<\/span><\/span><\/p>\n<p align=\"justify\"><span style=\"font-family: Garamond, serif\"><span style=\"font-size: medium\">Sonia a d\u00e9m\u00e9nag\u00e9 dans le sud de la France. Nous avons gard\u00e9 des contacts sporadiques, principalement autour de cette merveilleuse connexion avec le grand chef indien.<\/span><\/span><\/p>\n<p align=\"justify\"><span style=\"font-family: Garamond, serif\"><span style=\"font-size: medium\">J\u2019ai particip\u00e9 par le pass\u00e9 \u00e0 plusieurs \u00abPow-wow\u00bb (rassemblement de nations am\u00e9rindiennes \u00e0 Ornans), moi-m\u00eame tr\u00e8s touch\u00e9e par les messages de ces peuples dits \u00abpremiers\u00bb.<\/span><\/span><\/p>\n<p align=\"justify\"><span style=\"font-family: Garamond, serif\"><span style=\"font-size: medium\">Par un autre plus grand des hasards, Sonia est revenue vivre dans ma r\u00e9gion, justement \u00e0 Ornans, bien qu\u2019elle n\u2019en ait pas \u00e9prouv\u00e9 l\u2019envie aux premiers abords.<\/span><\/span><\/p>\n<p align=\"justify\"><span style=\"font-family: Garamond, serif\"><span style=\"font-size: medium\">A l\u2019automne pass\u00e9, une c\u00e9r\u00e9monie autour de l\u2019eau a eu lieu \u00e0 Ornans, beaucoup moins importante qu\u2019un pow-wow. Je crois que seuls quatre am\u00e9rindiens \u00e9taient pr\u00e9sents \u00e0 cette rencontre, \u00e0 laquelle je n\u2019ai pas particip\u00e9.<\/span><\/span><\/p>\n<p align=\"justify\"><span style=\"font-family: Garamond, serif\"><span style=\"font-size: medium\">Une conf\u00e9rence a \u00e9t\u00e9 donn\u00e9e \u00e0 la suite de cette c\u00e9r\u00e9monie. Une traductrice devait \u00eatre alors pr\u00e9sente. Sauf qu\u2019au dernier moment, cette traductrice n\u2019\u00e9tait pas l\u00e0. Dans l\u2019urgence, mon amie Sonia, parfaitement bilingue, a \u00e9t\u00e9 sollicit\u00e9e pour monter sur la sc\u00e8ne et traduire les sages paroles des quatre am\u00e9rindiens, malgr\u00e9 son extr\u00eame timidit\u00e9.<\/span><\/span><\/p>\n<p align=\"justify\"><span style=\"font-family: Garamond, serif\"><span style=\"font-size: medium\">Pendant sa prestation de traductrice, m\u2019a-t-elle racont\u00e9, elle a \u00e9t\u00e9 soutenue du regard par un am\u00e9rindien, John.<\/span><\/span><\/p>\n<p align=\"justify\"><span style=\"font-family: Garamond, serif\"><span style=\"font-size: medium\">\u00abPourquoi elle\u00a0!? \u00bb<\/span><\/span><\/p>\n<p align=\"justify\"><span style=\"font-family: Garamond, serif\"><span style=\"font-size: medium\">De cette merveilleuse connexion est n\u00e9e une non moins merveilleuse histoire d\u2019amour entre Sonia et John.<\/span><\/span><\/p>\n<p align=\"justify\"><span style=\"font-family: Garamond, serif\"><span style=\"font-size: medium\">A l\u2019heure o\u00f9 j\u2019\u00e9cris, Sonia est partie \u00e9pouser John dans sa r\u00e9serve au Canada. Ils vont bient\u00f4t renouveler leurs v\u0153ux en France, pr\u00e8s de N\u00eemes, et Sonia m\u2019a demand\u00e9 d\u2019\u00eatre leur ma\u00eetre de c\u00e9r\u00e9monie, ce que j\u2019ai accept\u00e9 avec grand plaisir.<\/span><\/span><\/p>\n<p align=\"justify\"><span style=\"font-family: Garamond, serif\"><span style=\"font-size: medium\">Je vous passe l\u2019histoire de ma tenue de c\u00e9r\u00e9monie qui m\u2019a d\u00e9j\u00e0 \u00e9t\u00e9 \u00absugg\u00e9r\u00e9e\u00bb au beau milieu d\u2019une nuit, tenue pour le moins originale et qui m\u2019enchante.<\/span><\/span><\/p>\n<p align=\"justify\"><span style=\"font-family: Garamond, serif\"><span style=\"font-size: medium\">Ce merveilleux conte de f\u00e9e fait miroir au mien.<\/span><\/span><\/p>\n<p align=\"justify\"><span style=\"font-family: Garamond, serif\"><span style=\"font-size: medium\">A quatorze ans, lors d\u2019un mariage, mon coeur a manqu\u00e9 un battement au premier regard \u00e9chang\u00e9 avec mon cavalier d\u00e9sign\u00e9, Denis, \u00e2g\u00e9 de dix-sept ans. Je me souviens tr\u00e8s pr\u00e9cis\u00e9ment de ce coup dans ma poitrine, que je n\u2019ai alors pas su interpr\u00e9ter. Il y a cinquante ans, nous n\u2019avions aucun moyen de garder contact Denis et moi, surtout \u00e0 nos jeunes \u00e2ges.<\/span><\/span><\/p>\n<p align=\"justify\"><span style=\"font-family: Garamond, serif\"><span style=\"font-size: medium\">Pourtant, \u00e0 chaque fois que je passais devant le clocher pointu de l\u2019\u00e9glise de Doubs, l\u00e0 o\u00f9 il a toujours v\u00e9cu, une bonne douzaine de fois par ann\u00e9e pour aller voir ma famille \u00e0 Nancy, pendant trente ans, j\u2019avais une petite pens\u00e9e innocente pour Denis : qu\u2019est-il devenu ? Va-t-il bien ? Sans plus.<\/span><\/span><\/p>\n<p align=\"justify\"><span style=\"font-family: Garamond, serif\"><span style=\"font-size: medium\">En 2003, encore lors d\u2019un mariage, j\u2019ai revu Denis, fort chang\u00e9 tout comme moi, bien \u00e9videmment, apr\u00e8s toutes ces ann\u00e9es. Je ne l\u2019ai pas reconnu instantan\u00e9ment, mais mon coeur a fait le m\u00eame bond dans ma poitrine que trente ans plus t\u00f4t et je me suis retrouv\u00e9e statufi\u00e9e devant lui.<\/span><\/span><\/p>\n<p align=\"justify\"><span style=\"font-family: Garamond, serif\"><span style=\"font-size: medium\">Dix jours apr\u00e8s \u00abnos retrouvailles\u00bb, nous annoncions \u00e0 nos enfant respectifs, dans une parfaite \u00e9vidence, que nous allions nous marier, ce que nous avons fait en 2004. Cela fait maintenant vingt-deux ans que j\u2019admire le clocher de l\u2019\u00e9glise de Doubs depuis ma fen\u00eatre de chambre \u00e0 coucher, chaque matin en me r\u00e9veillant, mon Taj Mahal, mon \u00e9vidence\u00a0: la pens\u00e9e est cr\u00e9atrice\u00a0! Quelle plus belle jolie preuve\u00a0!?<\/span><\/span><\/p>\n<p align=\"justify\"><span style=\"font-family: Garamond, serif\"><span style=\"font-size: medium\">Pourquoi elle\u00a0!?<\/span><\/span><\/p>\n<p align=\"justify\"><span style=\"font-family: Garamond, serif\"><span style=\"font-size: medium\">Pourquoi lui\u00a0!?<\/span><\/span><\/p>\n<p align=\"justify\"><span style=\"font-family: Garamond, serif\"><span style=\"font-size: medium\">Denis, mon adorable mari, vient de me demander, alors que nous organisons notre voyage pour le mariage de Sonia et John\u00a0:<\/span><\/span><\/p>\n<p align=\"justify\"><span style=\"font-family: Garamond, serif\"><span style=\"font-size: medium\">&#8211; Pourquoi elle\u00a0!?<\/span><\/span><\/p>\n<p align=\"justify\"><span style=\"font-family: Garamond, serif\"><span style=\"font-size: medium\">Ce \u00e0 quoi je lui ai r\u00e9pondu\u00a0:<\/span><\/span><\/p>\n<p align=\"justify\"><span style=\"font-family: Garamond, serif\"><span style=\"font-size: medium\">&#8211; Pourquoi moi\u00a0? Pourquoi m\u2019as-tu choisie\u00a0?<\/span><\/span><\/p>\n<p align=\"justify\"><span style=\"font-family: Garamond, serif\"><span style=\"font-size: medium\">Qui peut dire pourquoi notre coeur nous entra\u00eene aux plus merveilleuses folies\u00a0? Qui est ce merveilleux Chef d\u2019orchestre qui nous fait d\u00e9vier de notre quotidien\u00a0? \u00c0 quel dessein\u00a0?<\/span><\/span><\/p>\n<p align=\"justify\"><span style=\"font-family: Garamond, serif\"><span style=\"font-size: medium\">Pour Sonia et John, il y a une grande certitude : \u00abLa r\u00e9union de l\u2019aigle et du condor\u00bb.<\/span><\/span><\/p>\n<p align=\"justify\"><span style=\"font-family: Garamond, serif\"><span style=\"font-size: medium\">La r\u00e9union de deux continents, de deux cultures, l\u2019unification au grand m\u00e9pris du clivage, la renaissance de la conscience de l\u2019Unit\u00e9\u00a0: nous sommes UN\u00a0!<\/span><\/span><\/p>\n<p align=\"justify\"><span style=\"font-family: Garamond, serif\"><span style=\"font-size: medium\">Les distances, les fronti\u00e8res, les races, les diff\u00e9rences n\u2019existent que dans notre mental format\u00e9. Dans l\u2019amour agap\u00e9, il n\u2019y a plus aucune illusion de s\u00e9paration, aucune dissemblance, nous sommes UN. L\u2019air que j\u2019ai expir\u00e9, tu vas le respirer bient\u00f4t, l\u2019eau que j\u2019ai \u00e9vacu\u00e9e de mes aliments va retourner dans le cycle hydrique de la Terre et par la magie de l\u2019\u00e9vaporation retomber je ne sais o\u00f9.<\/span><\/span><\/p>\n<p align=\"justify\"><span style=\"font-family: Garamond, serif\"><span style=\"font-size: medium\"><b>TOUT EST UN\u00a0!<\/b><\/span><\/span><\/p>\n<p align=\"justify\"><span style=\"font-family: Garamond, serif\"><span style=\"font-size: medium\">Nous ne sommes pas des conceptions hasardeuses ballott\u00e9es au gr\u00e9 de nos envies. Les portes prises dans le nez rappellent que nous faisons fausse route. Que notre volont\u00e9 est coquille de noix sur un oc\u00e9an de possibles \u00e0 d\u00e9couvrir.<\/span><\/span><\/p>\n<p align=\"justify\"><span style=\"font-family: Garamond, serif\"><span style=\"font-size: medium\">Il est grand temps que tous les humains arrivent \u00e0 cette conscience, pour la sauvegarde de la plan\u00e8te et pour le bien de Tous.<\/span><\/span><\/p>\n<p><span style=\"font-family: Garamond, serif\"><span style=\"font-size: medium\"> Namast\u00e9<\/span><\/span><\/p>\n<p>Claudine\u00a0<\/p>\n","protected":false},"excerpt":{"rendered":"<p>Par souci de confidentialit\u00e9, j\u2019ai chang\u00e9 les pr\u00e9noms de l\u2019histoire de mes amis. Mais cette histoire est totalement v\u00e9ridique et a lieu actuellement. Mon amie Sonia est passionn\u00e9e depuis sa tendre jeunesse par la culture am\u00e9rindienne. Je vous nomme mon amie Sonia, mais je ne la connais pas intimement en fait. Nous sommes \u00abrentr\u00e9es en [&hellip;]<\/p>\n","protected":false},"author":2,"featured_media":0,"comment_status":"open","ping_status":"closed","sticky":false,"template":"","format":"standard","meta":{"footnotes":""},"categories":[1],"tags":[],"class_list":["post-952","post","type-post","status-publish","format-standard","hentry","category-non-classe"],"views":16,"_links":{"self":[{"href":"https:\/\/www.centchemins.fr\/index.php?rest_route=\/wp\/v2\/posts\/952","targetHints":{"allow":["GET"]}}],"collection":[{"href":"https:\/\/www.centchemins.fr\/index.php?rest_route=\/wp\/v2\/posts"}],"about":[{"href":"https:\/\/www.centchemins.fr\/index.php?rest_route=\/wp\/v2\/types\/post"}],"author":[{"embeddable":true,"href":"https:\/\/www.centchemins.fr\/index.php?rest_route=\/wp\/v2\/users\/2"}],"replies":[{"embeddable":true,"href":"https:\/\/www.centchemins.fr\/index.php?rest_route=%2Fwp%2Fv2%2Fcomments&post=952"}],"version-history":[{"count":3,"href":"https:\/\/www.centchemins.fr\/index.php?rest_route=\/wp\/v2\/posts\/952\/revisions"}],"predecessor-version":[{"id":957,"href":"https:\/\/www.centchemins.fr\/index.php?rest_route=\/wp\/v2\/posts\/952\/revisions\/957"}],"wp:attachment":[{"href":"https:\/\/www.centchemins.fr\/index.php?rest_route=%2Fwp%2Fv2%2Fmedia&parent=952"}],"wp:term":[{"taxonomy":"category","embeddable":true,"href":"https:\/\/www.centchemins.fr\/index.php?rest_route=%2Fwp%2Fv2%2Fcategories&post=952"},{"taxonomy":"post_tag","embeddable":true,"href":"https:\/\/www.centchemins.fr\/index.php?rest_route=%2Fwp%2Fv2%2Ftags&post=952"}],"curies":[{"name":"wp","href":"https:\/\/api.w.org\/{rel}","templated":true}]}}