{"id":98,"date":"2012-03-21T07:07:54","date_gmt":"2012-03-21T06:07:54","guid":{"rendered":"http:\/\/www.centchemins.fr\/?p=98"},"modified":"2014-09-13T14:25:05","modified_gmt":"2014-09-13T13:25:05","slug":"toujours-plus","status":"publish","type":"post","link":"https:\/\/www.centchemins.fr\/?p=98","title":{"rendered":"Toujours plus&#8230;"},"content":{"rendered":"<p align=\"justify\">Serions-nous malades du \u00ab\u00a0mais &#8230; \u00bb (mais points de suspension) ?!<\/p>\n<ul>\n<li>\n<p align=\"justify\">J&rsquo;ai une voiture, d&rsquo;accord, mais&#8230; elle a des kilom\u00e8tres au compteur ! si je pouvais avoir ce nouveau mod\u00e8le pr\u00e9sent\u00e9 au salon, je serais tellement plus heureux(se) !<\/p>\n<\/li>\n<li>\n<p align=\"justify\">Ma maison est sympa, mais&#8230; les fen\u00eatres prennent l&rsquo;air. Quand mon budget le permettra, j&rsquo;en ach\u00e8terai des toutes modernes, je perdrai moins de temps \u00e0 les nettoyer.<\/p>\n<\/li>\n<li>\n<p align=\"justify\">Je pense partir en vacances. Oui c&rsquo;est sympa par l\u00e0-bas ! Mais&#8230; ce n&rsquo;est pas les plages de cette \u00eele paradisiaque !<\/p>\n<\/li>\n<li>\n<p align=\"justify\">Je suis seul(e), c&rsquo;est g\u00e9nial, je fais ce que je veux, quand je le veux. Vive la libert\u00e9 ! Mais&#8230; ce serait quand m\u00eame chouette de partager mes bons moments avec quelqu&rsquo;un.<\/p>\n<\/li>\n<li>\n<p align=\"justify\">Mon armoire est pleine de v\u00eatements, mais&#8230; qu&rsquo;est-ce que je pourrais bien porter \u00e0 cette soir\u00e9e ?<\/p>\n<\/li>\n<li>\n<p align=\"justify\">Mon portable est le top de l&rsquo;\u00e9lectronique, mais&#8230; avec cet autre mod\u00e8le, je pourrais tout g\u00e9rer, mes rendez-vous, mon travail, ma famille, mes amis, mes loisirs, ( \uf04c ), etc.<\/p>\n<\/li>\n<li>\n<p align=\"justify\">Quel bon repas ! Wouahou ! Je ne peux plus rien avaler, mais&#8230; ce chariot de desserts, mmmh ! Et je peux en choisir trois !<\/p>\n<\/li>\n<li>\n<p align=\"justify\">Oui, j&rsquo;ai une bonne sant\u00e9, mais&#8230; je ne dig\u00e8re plus aussi bien qu&rsquo;avant ! \uf04a (voir ci-dessus)<\/p>\n<\/li>\n<li>\n<p align=\"justify\">J&rsquo;ai un(e) conjoint(e), mais &#8230; il (elle) a des kilom&#8230; NON !!! \uf04a &#8230; il (elle) ne me dit plus des mots d&rsquo;amour comme avant, ce n&rsquo;est plus pareil qu&rsquo;au d\u00e9but.<\/p>\n<\/li>\n<li>\n<p align=\"justify\">Etc. etc. etc.<\/p>\n<\/li>\n<\/ul>\n<p align=\"justify\">Il y en a \u00e0 citer ainsi des pages de dictionnaires, dans tous les domaines de notre vie, sans exception.<\/p>\n<p align=\"justify\">D&rsquo;o\u00f9 vient cette attitude du \u00ab\u00a0toujours plus\u00a0\u00bb, ou du \u00ab\u00a0oui mais &#8230;\u00a0\u00bb ?<\/p>\n<p align=\"justify\">Il y a des mill\u00e9naires, quand nous \u00e9tions en phase avec les cycles de la nature, telle l&rsquo;hirondelle ou la grenouille, nous vivions dans la seule conscience de la subsistance du jour, voire du lendemain.<\/p>\n<p align=\"justify\">Et puis la peur du manque s&rsquo;est empar\u00e9e de nous. Alors nous avons commenc\u00e9 \u00e0 stocker, engranger, bien plus que ce qui nous \u00e9tait n\u00e9cessaire.<\/p>\n<p align=\"justify\">Un syst\u00e8me d&rsquo;\u00e9changes s&rsquo;est mis en place, tr\u00e8s vite remplac\u00e9 par le commerce et l&rsquo;industrie.<\/p>\n<p align=\"justify\">L&rsquo;\u00e8re du \u00ab\u00a0toujours plus\u00a0\u00bb est survenue, avec le toujours plus en quantit\u00e9, le toujours plus en qualit\u00e9 de vie (vite rejoint par son oppos\u00e9), le toujours plus en rapidit\u00e9. Et de toujours plus, nous sommes tomb\u00e9s dans le \u00ab\u00a0trop\u00a0\u00bb, qui \u00e9touffe tout, sans plus de consid\u00e9ration, ni pour les humains, ni pour notre environnement.<\/p>\n<p align=\"justify\">Quelle est la motivation de notre inconscient dans cette phase de \u00ab\u00a0sur-consommation\u00a0\u00bb ?<\/p>\n<p align=\"justify\">A observer les peuples dits \u00ab\u00a0primitifs\u00a0\u00bb, nous avons peut-\u00eatre \u00e0 trouver un d\u00e9but de solution et surtout de remise en question toute personnelle.<\/p>\n<p align=\"justify\">Les indiens d&rsquo;Am\u00e9rique ne tuaient que pour se nourrir ou se v\u00eatir. Ils ne mena\u00e7aient pas l&rsquo;ordre des bisons, extermin\u00e9s en un rien de temps par les colons.<\/p>\n<p align=\"justify\">Les aborig\u00e8nes d&rsquo;Australie vivaient il y a peu en parfaite harmonie dans leur environnement naturel. Le gouvernement, r\u00e9alisant qu&rsquo;il les avait spoli\u00e9s de leur culture et de leur terre, compensa la destruction de leur \u00e9quilibre par le don de maisons, voitures, et confort moderne dont les aborig\u00e8nes ne savent que faire encore aujourd&rsquo;hui, \u00e0 mi-chemin qu&rsquo;ils se retrouvent de leur vie instinctive et d&rsquo;une vie dite civilis\u00e9e.<\/p>\n<p align=\"justify\">Le plus path\u00e9tique de ces histoires, c&rsquo;est qu&rsquo;\u00e0 les vouloir identiques \u00e0 nous, nous avons transmis nos \u00ab\u00a0tares\u00a0\u00bb \u00e0 ces \u00eatres merveilleux de simplicit\u00e9 : alcool et drogue les ont compl\u00e8tement \u00e9loign\u00e9s de leur savoir ancestral.<\/p>\n<p align=\"justify\">Et si nous sur-consommions en r\u00e9action \u00e0 notre mal-\u00eatre grandissant du tout-avoir et toujours plus ? Si nous observions ce qui nous diff\u00e9rencie de nos anc\u00eatres lointains de ce que nous sommes devenus ? Quelle est la diff\u00e9rence de comportement qui nous a amen\u00e9s \u00e0 cet \u00e9tat ? Que se passait-il dans la t\u00eate des sages primitifs que nous ne pouvons plus saisir ? Est-ce \u00e0 dire que lutter pour sa survie pr\u00e9valait \u00e0 toutes nos d\u00e9viances ?<\/p>\n<p align=\"justify\">Notre part d&rsquo;inconscience est en partie seulement responsable, car qui a conscience de la puissance de la pens\u00e9e parvient \u00e0 dominer le monde : en insinuant perfidement que notre vie serait bien plus belle avec plus de &#8230; (tout flatteur vit aux d\u00e9pens de celui qui l&rsquo;\u00e9coute \u2013 La Fontaine 1621-1695), les manipulateurs de tout poil ont la part belle<\/p>\n<p align=\"justify\">Nous confondons alors besoin et envie, persuad\u00e9s que nous ne pouvons pas vivre sans plus de &#8230;<\/p>\n<p align=\"justify\">A regarder la nature \u00e9voluer autour de nous, quoi que nous vivions, la Vie est la plus forte, avec ou sans &#8230; points de suspension, comme cette appellation porte bien son nom : devons-nous suspendre notre \u00e9nergie de vie \u00e0 nos d\u00e9sirs inaccomplis ? Ou reprendre notre libert\u00e9 et ne plus, voire moins si possible, \u00e9couter le chant des sir\u00e8nes de la surconsommation ?<\/p>\n<p align=\"justify\">Des millions de petites gouttes d&rsquo;eau d&rsquo;\u00e9veil deviendraient tr\u00e8s rapidement un grand fleuve de conscience pour la plan\u00e8te et pour tous les \u00eatres vivants !<\/p>\n","protected":false},"excerpt":{"rendered":"<p>Serions-nous malades du \u00ab\u00a0mais &#8230; \u00bb (mais points de suspension) ?! J&rsquo;ai une voiture, d&rsquo;accord, mais&#8230; elle a des kilom\u00e8tres au compteur ! si je pouvais avoir ce nouveau mod\u00e8le pr\u00e9sent\u00e9 au salon, je serais tellement plus heureux(se) ! Ma maison est sympa, mais&#8230; les fen\u00eatres prennent l&rsquo;air. Quand mon budget le permettra, j&rsquo;en ach\u00e8terai [&hellip;]<\/p>\n","protected":false},"author":1,"featured_media":0,"comment_status":"open","ping_status":"closed","sticky":false,"template":"","format":"standard","meta":{"footnotes":""},"categories":[1],"tags":[],"class_list":["post-98","post","type-post","status-publish","format-standard","hentry","category-non-classe"],"views":921,"_links":{"self":[{"href":"https:\/\/www.centchemins.fr\/index.php?rest_route=\/wp\/v2\/posts\/98","targetHints":{"allow":["GET"]}}],"collection":[{"href":"https:\/\/www.centchemins.fr\/index.php?rest_route=\/wp\/v2\/posts"}],"about":[{"href":"https:\/\/www.centchemins.fr\/index.php?rest_route=\/wp\/v2\/types\/post"}],"author":[{"embeddable":true,"href":"https:\/\/www.centchemins.fr\/index.php?rest_route=\/wp\/v2\/users\/1"}],"replies":[{"embeddable":true,"href":"https:\/\/www.centchemins.fr\/index.php?rest_route=%2Fwp%2Fv2%2Fcomments&post=98"}],"version-history":[{"count":1,"href":"https:\/\/www.centchemins.fr\/index.php?rest_route=\/wp\/v2\/posts\/98\/revisions"}],"predecessor-version":[{"id":99,"href":"https:\/\/www.centchemins.fr\/index.php?rest_route=\/wp\/v2\/posts\/98\/revisions\/99"}],"wp:attachment":[{"href":"https:\/\/www.centchemins.fr\/index.php?rest_route=%2Fwp%2Fv2%2Fmedia&parent=98"}],"wp:term":[{"taxonomy":"category","embeddable":true,"href":"https:\/\/www.centchemins.fr\/index.php?rest_route=%2Fwp%2Fv2%2Fcategories&post=98"},{"taxonomy":"post_tag","embeddable":true,"href":"https:\/\/www.centchemins.fr\/index.php?rest_route=%2Fwp%2Fv2%2Ftags&post=98"}],"curies":[{"name":"wp","href":"https:\/\/api.w.org\/{rel}","templated":true}]}}